{"id":9589,"date":"2020-04-16T23:53:56","date_gmt":"2020-04-16T21:53:56","guid":{"rendered":"https:\/\/kehila-olomouc.cz\/rs\/?p=9589"},"modified":"2020-04-17T00:04:17","modified_gmt":"2020-04-16T22:04:17","slug":"jom-ha-soa-21-4-2020-virtualni-cteni","status":"publish","type":"post","link":"https:\/\/kehila-olomouc.cz\/rs\/9589\/jom-ha-soa-21-4-2020-virtualni-cteni\/","title":{"rendered":"Jom ha-\u0161oa 21.4. 2020 &#8211; virtu\u00e1ln\u00ed \u010dten\u00ed"},"content":{"rendered":"<p style=\"text-align: justify;\"><a href=\"https:\/\/kehila-olomouc.cz\/rs\/wp-content\/uploads\/jom-ha-\u0161oa.jpg\"><img loading=\"lazy\" decoding=\"async\" class=\"alignleft size-full wp-image-9590\" src=\"https:\/\/kehila-olomouc.cz\/rs\/wp-content\/uploads\/jom-ha-\u0161oa.jpg\" alt=\"\" width=\"200\" height=\"150\"><\/a>Den holocaustu a hrdinstv\u00ed, hebrejsky \u201eJom ha-\u0161oa ve ha-gvura\u201c, je dnem, kdy se prost\u0159ednictv\u00edm ob\u010dansk\u00fdch a n\u00e1bo\u017eensk\u00fdch ob\u0159ad\u016f vzpom\u00edn\u00e1 na pam\u00e1tku \u0161esti milion\u016f zavra\u017ed\u011bn\u00fdch \u017did\u016f i na \u017eidovsk\u00e9 hrdiny bojuj\u00edc\u00ed proti nacist\u016fm, ale i dal\u0161\u00ed ob\u011bti nacistick\u00e9ho rasov\u00e9ho pron\u00e1sledov\u00e1n\u00ed. Letos p\u0159ipad\u00e1 den, kdy si tak\u00e9 v \u010cesk\u00e9 republice p\u0159ipom\u00edn\u00e1me ob\u011bti holocaustu, na 21.dubna. Letos m\u011blo ji\u017e po patn\u00e1ct\u00e9 prob\u011bhnout Ve\u0159ejn\u00e9 \u010dten\u00ed jmen ob\u011bt\u00ed holocaustu \u2013 Jom ha-\u0161oa ve 28 m\u011bstech \u010cesk\u00e9 republiky. V Olomouci na Horn\u00edm n\u00e1m\u011bst\u00ed jsme si tak\u00e9 m\u011bli vzpomenout tradi\u010dn\u00edm ve\u0159ejn\u00fdm \u010dten\u00edm jmen ob\u011bt\u00ed holocaustu. Celorepublikov\u011b akci koordinuje Institut Terez\u00ednsk\u00e9 iniciativy.<\/p>\n<p style=\"text-align: justify;\">V souvislosti s karant\u00e9nn\u00edmi opat\u0159en\u00edmi kv\u016fli nemoci covid-19 se v\u0161ak p\u0159ipom\u00ednka nem\u016f\u017ee konat ve ve\u0159ejn\u00e9m prostoru. Jeliko\u017e je datum kon\u00e1n\u00ed akce nav\u00e1z\u00e1no na historick\u00e9 datum, nelze p\u0159ipom\u00ednku p\u0159esunout na pozd\u011bji. Proto bylo rozhodnuto p\u0159ipom\u00ednku nevinn\u00fdch ob\u011bt\u00ed rasov\u00e9ho pron\u00e1sledov\u00e1n\u00ed za druh\u00e9 sv\u011btov\u00e9 v\u00e1lky p\u0159esunout do virtu\u00e1ln\u00edho prostoru na internetu a soci\u00e1ln\u00edch s\u00edt\u00edch.<\/p>\n<p style=\"text-align: justify;\">J\u00e1drem akce z\u016fst\u00e1v\u00e1 maraton \u010dten\u00ed jmen, tentokr\u00e1t ve virtu\u00e1ln\u00edm prostoru, do kter\u00e9ho se mohou p\u0159ipojit p\u0159edem p\u0159ihl\u00e1\u0161en\u00ed z\u00e1jemci o \u010dten\u00ed a 21. dubna 2020 od 14 do 17 hodin p\u0159e\u010d\u00edst jm\u00e9na a stru\u010dn\u00e9 osudy ob\u011bt\u00ed holocaustu pr\u00e1v\u011b tam, kde se nach\u00e1z\u00ed. \u017div\u00e9 \u010dten\u00ed bude mo\u017en\u00e9 sledovat na str\u00e1nk\u00e1ch Institutu Terez\u00ednsk\u00e9 iniciativy, kam bude p\u0159en\u00e1\u0161eno. I mimo tento \u010das bude mo\u017en\u00e9 se p\u0159ipojit ke \u010dten\u00ed na soci\u00e1ln\u00edch s\u00edt\u00edch \u2013 sta\u010d\u00ed nahr\u00e1t kr\u00e1tk\u00e9 video, na kter\u00e9m p\u0159e\u010dte n\u011bkolik vybran\u00fdch jmen ob\u011bt\u00ed holocaustu s jejich stru\u010dn\u00fdmi osudy, a um\u00edstit toto video na soci\u00e1ln\u00ed s\u00edt\u011b s hastagem #ctujmenanajomhasoa \u010di d\u00e1t jinak najevo, \u017ee se ke \u010dten\u00ed jmen p\u0159ipojil. Ve\u0161ker\u00e9 informace a zp\u016fsoby, jak se ke \u010dten\u00ed p\u0159idat, najdou z\u00e1jemci na str\u00e1nk\u00e1ch <a href=\"http:\/\/www.terezinstudies.cz\/sd\/news\/hlavni-stranka\/200323_jomhasoa_2020.html\" target=\"_blank\" rel=\"noopener noreferrer\">www.terezinstudies.cz<\/a> nebo na <a href=\"http:\/\/www.facebook.com\/jomhasoa\" target=\"_blank\" rel=\"noopener noreferrer\">www.facebook.com\/jomhasoa<\/a>. Informa\u010dn\u00ed bro\u017eura, kterou ka\u017ed\u00fd rok dost\u00e1vaj\u00ed lid\u00e9, kte\u0159\u00ed p\u0159ich\u00e1zej\u00ed \u010d\u00edst jm\u00e9na na n\u00e1m\u011bst\u00ed \u010desk\u00fdch m\u011bst, bude letos vyd\u00e1na v on-line podob\u011b a ka\u017ed\u00fd si ji bude moci st\u00e1hnout na str\u00e1nk\u00e1ch Institutu Terez\u00ednsk\u00e9 iniciativy.<\/p>\n<p>Cel\u00e1 akce se kon\u00e1 pod z\u00e1\u0161titou J. E. Daniela Merona, velvyslance st\u00e1tu Izrael v \u010cesk\u00e9 republice.<\/p>\n","protected":false},"excerpt":{"rendered":"<p>Den holocaustu a hrdinstv\u00ed, hebrejsky \u201eJom ha-\u0161oa ve ha-gvura\u201c, je dnem, kdy se prost\u0159ednictv\u00edm ob\u010dansk\u00fdch a n\u00e1bo\u017eensk\u00fdch ob\u0159ad\u016f vzpom\u00edn\u00e1 na pam\u00e1tku \u0161esti milion\u016f zavra\u017ed\u011bn\u00fdch \u017did\u016f i na \u017eidovsk\u00e9 hrdiny bojuj\u00edc\u00ed proti nacist\u016fm, ale i dal\u0161\u00ed ob\u011bti nacistick\u00e9ho rasov\u00e9ho pron\u00e1sledov\u00e1n\u00ed. Letos p\u0159ipad\u00e1 den, kdy si tak\u00e9 v \u010cesk\u00e9 republice p\u0159ipom\u00edn\u00e1me ob\u011bti holocaustu, na 21.dubna. Letos m\u011blo ji\u017e po patn\u00e1ct\u00e9 prob\u011bhnout Ve\u0159ejn\u00e9 \u010dten\u00ed jmen ob\u011bt\u00ed holocaustu \u2013 Jom ha-\u0161oa ve 28 m\u011bstech \u010cesk\u00e9 republiky. Ve\u0161ker\u00e9 informace a zp\u016fsoby, jak se ke \u010dten\u00ed p\u0159idat, najdou z\u00e1jemci na str\u00e1nk\u00e1ch <a href=\"http:\/\/www.terezinstudies.cz\/sd\/news\/hlavni-stranka\/200323_jomhasoa_2020.html\" target=\"_blank\" rel=\"noopener noreferrer\">www.terezinstudies.cz<\/a><\/p>\n","protected":false},"author":3,"featured_media":0,"comment_status":"closed","ping_status":"closed","sticky":false,"template":"","format":"standard","meta":{"ngg_post_thumbnail":0,"footnotes":""},"categories":[4],"tags":[],"class_list":["post-9589","post","type-post","status-publish","format-standard","hentry","category-featured"],"_links":{"self":[{"href":"https:\/\/kehila-olomouc.cz\/rs\/wp-json\/wp\/v2\/posts\/9589"}],"collection":[{"href":"https:\/\/kehila-olomouc.cz\/rs\/wp-json\/wp\/v2\/posts"}],"about":[{"href":"https:\/\/kehila-olomouc.cz\/rs\/wp-json\/wp\/v2\/types\/post"}],"author":[{"embeddable":true,"href":"https:\/\/kehila-olomouc.cz\/rs\/wp-json\/wp\/v2\/users\/3"}],"replies":[{"embeddable":true,"href":"https:\/\/kehila-olomouc.cz\/rs\/wp-json\/wp\/v2\/comments?post=9589"}],"version-history":[{"count":6,"href":"https:\/\/kehila-olomouc.cz\/rs\/wp-json\/wp\/v2\/posts\/9589\/revisions"}],"predecessor-version":[{"id":9596,"href":"https:\/\/kehila-olomouc.cz\/rs\/wp-json\/wp\/v2\/posts\/9589\/revisions\/9596"}],"wp:attachment":[{"href":"https:\/\/kehila-olomouc.cz\/rs\/wp-json\/wp\/v2\/media?parent=9589"}],"wp:term":[{"taxonomy":"category","embeddable":true,"href":"https:\/\/kehila-olomouc.cz\/rs\/wp-json\/wp\/v2\/categories?post=9589"},{"taxonomy":"post_tag","embeddable":true,"href":"https:\/\/kehila-olomouc.cz\/rs\/wp-json\/wp\/v2\/tags?post=9589"}],"curies":[{"name":"wp","href":"https:\/\/api.w.org\/{rel}","templated":true}]}}