{"id":9585,"date":"2020-04-01T20:34:06","date_gmt":"2020-04-01T18:34:06","guid":{"rendered":"https:\/\/kehila-olomouc.cz\/rs\/?p=9585"},"modified":"2020-04-01T20:34:06","modified_gmt":"2020-04-01T18:34:06","slug":"je-jaro-tady","status":"publish","type":"post","link":"https:\/\/kehila-olomouc.cz\/rs\/9585\/je-jaro-tady\/","title":{"rendered":"JE JARO TADY?"},"content":{"rendered":"<p><strong>Zamy\u0161len\u00ed vrchn\u00edho zemsk\u00e9ho rab\u00edna Efraima K. Sidona<\/strong><\/p>\n<p style=\"text-align: justify;\">Z\u00e1padn\u00edmi okny hled\u00edm na Petrsk\u00e9 n\u00e1m\u011bst\u00ed s&nbsp;n\u011bkolika je\u0161t\u011b hol\u00fdmi, ale u\u017e jist\u011b pu\u010d\u00edc\u00edmi platany, a n\u011bkdy si prohl\u00ed\u017e\u00edm a n\u011bkdy i po\u010d\u00edt\u00e1m lidi. Mal\u00e9 n\u00e1m\u011bst\u00ed se zd\u00e1 pr\u00e1zdn\u00e9, ale tuhle jsem p\u0159esto za p\u00e1r minut napo\u010d\u00edtal deset lid\u00ed, pochopiteln\u011b se zakryt\u00fdmi nosy a \u00fasty, kte\u0159\u00ed p\u0159es n\u011b \u0161li. To mi rovn\u011b\u017e p\u0159ipom\u00edn\u00e1, \u017ee \u201ejaro je tady,\u201c abych pou\u017eil n\u00e1zvu fejeton\u016f Ludv\u00edka Vacul\u00edka. Ale my m\u00e1me dom\u00e1c\u00ed v\u011bzen\u00ed, v\u010detn\u011b d\u011bt\u00ed, a B\u016fh s\u00e1m v\u00ed, na jak dlouho, jako by n\u011bkomu naho\u0159e z\u00e1le\u017eelo na tom zpochybnit jistotu, kter\u00e1 n\u00e1m lidem pom\u00e1hala p\u0159e\u017e\u00edt ve zl\u00fdch \u010dasech. Jako pam\u011btn\u00edk prvn\u00edch samizdatov\u00fdch fejeton\u016f otce Vacul\u00edka v\u00edm, \u017ee u\u017e jejich titulek \u201eJaro je tady\u201c byl autorem m\u00edn\u011bn jako povzbuzen\u00ed pro nep\u0159izp\u016fsobiv\u00e9 ob\u010dany, na kter\u00e9 st\u00e1t uvalil karant\u00e9nu, \u017ee maj\u00ed p\u0159\u00edrodu na sv\u00e9 stran\u011b. Vacul\u00edk n\u00e1m sv\u00fdmi fejetony \u0159\u00edkal, \u017ee na to, aby zm\u011bnil p\u0159\u00edchod jara, je i zvrhl\u00fd re\u017eim kr\u00e1tk\u00fd. Jenom\u017ee dneska jde s&nbsp;jarem ruku v&nbsp;ruce koronavirus, a to je tak\u00e9 p\u0159\u00edroda, a st\u00e1t je ve stejn\u00e9 brynd\u011b jako ti, co v&nbsp;n\u011bm \u017eij\u00ed.<\/p>\n<p style=\"text-align: justify;\">&nbsp;&nbsp;&nbsp;&nbsp;&nbsp;&nbsp;&nbsp;&nbsp;&nbsp; Modr\u00e9 nebe, kter\u00e9 se d\u00edky koronaviru uk\u00e1zalo nad Wu-chanem, potvrdilo i nedosl\u00fdchav\u00fdm, \u017ee na zne\u010di\u0161t\u011bn\u00ed nejbli\u017e\u0161\u00edho nebe neseme vinu my, kdo pod n\u00edm \u017eijeme. Z\u00e1padn\u00ed firmy p\u0159esunuly v\u00fdrobu do \u010c\u00edny s&nbsp;levn\u011bj\u0161\u00ed pracovn\u00ed silou, a kdy\u017e se te\u010f \u010c\u00ed\u0148an\u016fm da\u0159\u00ed nepom\u011brn\u011b l\u00edp, ne\u017e p\u0159edt\u00edm, za\u010dali cestovat v\u0161ude tam, kde maj\u00ed vzduch d\u00fdchateln\u011bj\u0161\u00ed ne\u017e doma. A naopak Ameri\u010dan\u00e9 a Evropan\u00e9 se hrnuli do \u010c\u00edny, aby si prohl\u00e9dli komunistick\u00fd sv\u011bt v&nbsp;z\u00e1padn\u00edm balen\u00ed. V\u0161ech-no je \u017eivo z cestovn\u00edho ruchu, hoteli\u00e9\u0159i a cestovky, aerolinie a automobilky i zem\u011bd\u011blsk\u00e1 v\u00fdroba, a do toho soustavn\u011b p\u0159il\u00e9v\u00e1 oleje reklama, slibuj\u00edc\u00ed rajsk\u00e9 z\u00e1\u017eitky z&nbsp;voln\u00e9ho pohybu sem a tam po cel\u00e9 planet\u011b. A reklamu plat\u00ed prodejci rajsk\u00e9ho ovoce, a ty zase plat\u00ed lidi, kte\u0159\u00ed z&nbsp;toho maj\u00ed ob\u017eivu a mohou t\u00edm p\u00e1dem utr\u00e1cet. T\u00edm chci \u0159\u00edci, co asi v\u00ed ka\u017ed\u00fd, \u017ee z&nbsp;toho koloto\u010de nen\u00ed jin\u00e9ho \u00faniku, ne\u017e ho zastavit, a o to zase nikdo nestoj\u00ed. Koronaviru se to v\u0161ak na\u010das poda\u0159ilo a d\u016fsledky opat\u0159en\u00ed proti n\u011bmu u\u017e strhly sv\u011btovou ekonomiku do hospod\u00e1\u0159sk\u00e9 krize.<\/p>\n<p style=\"text-align: justify;\">&nbsp;&nbsp;&nbsp;&nbsp;&nbsp;&nbsp;&nbsp;&nbsp;&nbsp; Nem\u011bli bychom pro tu dobu, ne\u017e se kola ekonomik znovu rozto\u010d\u00ed, j\u00edt do sebe a p\u0159ipustit si sv\u016fj rozhoduj\u00edc\u00ed pod\u00edl na tom zlu? Vyk\u0159esat z&nbsp;n\u011bho z\u00e1v\u011br, \u017ee v\u00e1lku, kterou jsme vyhl\u00e1sili p\u0159\u00edrod\u011b, prohr\u00e1v\u00e1me vlastn\u00ed vinou? P\u0159\u00edroda ji s&nbsp;n\u00e1mi nevede, ona je prost\u011b takov\u00e1, jak\u00e1 je, a kdy\u017e lid\u00e9 nerespektuj\u00ed realitu, \u0161kod\u00ed sami sob\u011b. Bohu\u017eel ne\u0159\u00edk\u00e1m nic nov\u00e9ho, je to nemoc lidsk\u00e9 civilizace od jej\u00edch po\u010d\u00e1tk\u016f. Jedna souvislost mi v\u0161ak pr\u00e1v\u011b te\u010f p\u0159ipad\u00e1 hodna obzvl\u00e1\u0161tn\u00ed pozornosti. Je to p\u0159\u00edb\u011bh o stavb\u011b babylonsk\u00e9 v\u011b\u017ee. Spo\u010d\u00edv\u00e1 v&nbsp;tom, \u017ee lidstvo bylo jedno, soust\u0159ed\u011bn\u00e9 na jednom m\u00edst\u011b. Dnes je pro n\u00e1s t\u00edmto m\u00edstem planeta Zem\u011b, pon\u011bvad\u017e se tenkr\u00e1t Bohu nel\u00edbilo, \u017ee aby si lid\u00e9 ud\u011blali jm\u00e9no, cht\u011bli si postavit v\u011b\u017e, sahaj\u00edc\u00ed a\u017e do nebe. <em>\u201eNu, jeden lid s jednou \u0159e\u010d\u00ed, a s t\u00edmhle za\u010d\u00ednaj\u00ed,\u201c<\/em> \u0159ekl si B\u016fh, kdy\u017e si jejich d\u00edlo prohl\u00e9dl, <em>\u201ete\u010f u\u017e by jim nikdo nezabr\u00e1nil ud\u011blat, co si umanou!\u201c<\/em> Aby rozestav\u011bnou v\u011b\u017e opustili a to jm\u00e9no si p\u0159estali d\u011blat, zm\u00e1tl jim B\u016fh jazyk a jeden druh\u00e9mu p\u0159estali rozum\u011bt. To byl po\u010d\u00e1tek na\u0161\u00ed civilizace.<\/p>\n<p style=\"text-align: justify;\">&nbsp;&nbsp;&nbsp;&nbsp;&nbsp;&nbsp;&nbsp;&nbsp;&nbsp; Klademe-li si ot\u00e1zku, co m\u011bl B\u016fh proti tomu, mus\u00edme v&nbsp;knize knih zalistovat o n\u011bco d\u00e1l. Zjist\u00edme, \u017ee koment\u00e1\u0159em k babylonsk\u00e9 v\u011b\u017ei je p\u0159\u00edb\u011bh o \u017eeb\u0159\u00edku, stoj\u00edc\u00edm na zemi a sahaj\u00edc\u00edm do nebe. Tento \u017eeb\u0159\u00edk v\u0161ak nesahal do nebe, aby si n\u00e1\u0161 praotec Jaakov ud\u011blal ve sv\u011bt\u011b jm\u00e9no, ale spojoval ho s&nbsp;Bohem. Kdy\u017e se zase st\u00e1v\u00e1me jedn\u00edm lidstvem, p\u0159ed koronavirem bylo zbyte\u010dn\u00e9 se pt\u00e1t, jestli n\u00e1m za ta tis\u00edcilet\u00ed vyprchala z&nbsp;hlavy p\u0159edstava, \u017ee si postav\u00edme v\u011b\u017e do nebe a ud\u011bl\u00e1me si tak jm\u00e9no. U\u017e b\u011bhem krize se v\u0161ak oz\u00fdvaj\u00ed hlasy, kter\u00e9 mluv\u00ed o sv\u011btle na konci tunelu, a p\u0159edstavuj\u00ed si tam sv\u011bt zm\u011bn\u011bn\u00fd touto zku\u0161enost\u00ed, ne t\u00fd\u017e. Samoz\u0159ejm\u011b si nemysl\u00ed, \u017ee se z\u0159ekneme voln\u00e9ho pohybu a zavedeme znovu neprody\u0161n\u011b zav\u0159en\u00e9 hranice mezi st\u00e1ty, ale \u017ee za\u010dneme jinak uva\u017eovat o sob\u011b a sv\u011bt\u011b. Sou\u010dasn\u00e1 pandemie se t\u00fdk\u00e1 opravdu jen n\u00e1s, cel\u00e9ho lidstva, a mus\u00edme se z&nbsp;n\u00ed u\u010dit. Nejen, jak ji zvl\u00e1dnout, ale jak p\u0159edch\u00e1zet podobn\u00fdm katastrof\u00e1m a p\u0159edev\u0161\u00edm podobn\u00e9 nezp\u016fsobovat. \u017de sv\u011bt, ve kter\u00e9m \u017eijeme, je jeden, je prvn\u00ed a z\u00e1sadn\u00ed pou\u010den\u00ed, ze kter\u00e9ho by m\u011blo vypl\u00fdvat druh\u00e9, \u017ee nem\u00e1 smysl vid\u011bt nep\u0159\u00edtele v&nbsp;n\u011bjak\u00e9m viru, ale v&nbsp;n\u00e1s sam\u00fdch, pon\u011bvad\u017e jsme mu poskytli mo\u017enosti k&nbsp;\u0161\u00ed\u0159en\u00ed, o kter\u00fdch by se mu ani nezd\u00e1lo. B\u016fh dal lidem vl\u00e1du nade v\u0161\u00edm, co ve&nbsp;sv\u00e9m sv\u011bt\u011b stvo\u0159il, jenom\u017ee zp\u016fsoby, jak ji uplat\u0148ujeme, \u0161kod\u00ed n\u00e1m sam\u00fdm i jaru, kter\u00e9 je tu. &nbsp;<\/p>\n<p>Efraim K. Sidon<\/p>\n","protected":false},"excerpt":{"rendered":"<p><strong>Zamy\u0161len\u00ed vrchn\u00edho zemsk\u00e9ho rab\u00edna Efraima K. Sidona<\/strong><br \/>\nZ\u00e1padn\u00edmi okny hled\u00edm na Petrsk\u00e9 n\u00e1m\u011bst\u00ed s&nbsp;n\u011bkolika je\u0161t\u011b hol\u00fdmi, ale u\u017e jist\u011b pu\u010d\u00edc\u00edmi platany, a n\u011bkdy si prohl\u00ed\u017e\u00edm a n\u011bkdy i po\u010d\u00edt\u00e1m lidi. Mal\u00e9 n\u00e1m\u011bst\u00ed se zd\u00e1 pr\u00e1zdn\u00e9, ale tuhle jsem p\u0159esto za p\u00e1r minut napo\u010d\u00edtal deset lid\u00ed, pochopiteln\u011b se zakryt\u00fdmi nosy a \u00fasty, kte\u0159\u00ed p\u0159es n\u011b \u0161li. To mi rovn\u011b\u017e p\u0159ipom\u00edn\u00e1, \u017ee \u201ejaro je tady,\u201c abych pou\u017eil n\u00e1zvu fejeton\u016f Ludv\u00edka Vacul\u00edka. Ale my m\u00e1me dom\u00e1c\u00ed v\u011bzen\u00ed, v\u010detn\u011b d\u011bt\u00ed, a B\u016fh s\u00e1m v\u00ed,<\/p>\n","protected":false},"author":3,"featured_media":0,"comment_status":"closed","ping_status":"closed","sticky":false,"template":"","format":"standard","meta":{"ngg_post_thumbnail":0,"footnotes":""},"categories":[4],"tags":[],"class_list":["post-9585","post","type-post","status-publish","format-standard","hentry","category-featured"],"_links":{"self":[{"href":"https:\/\/kehila-olomouc.cz\/rs\/wp-json\/wp\/v2\/posts\/9585"}],"collection":[{"href":"https:\/\/kehila-olomouc.cz\/rs\/wp-json\/wp\/v2\/posts"}],"about":[{"href":"https:\/\/kehila-olomouc.cz\/rs\/wp-json\/wp\/v2\/types\/post"}],"author":[{"embeddable":true,"href":"https:\/\/kehila-olomouc.cz\/rs\/wp-json\/wp\/v2\/users\/3"}],"replies":[{"embeddable":true,"href":"https:\/\/kehila-olomouc.cz\/rs\/wp-json\/wp\/v2\/comments?post=9585"}],"version-history":[{"count":1,"href":"https:\/\/kehila-olomouc.cz\/rs\/wp-json\/wp\/v2\/posts\/9585\/revisions"}],"predecessor-version":[{"id":9587,"href":"https:\/\/kehila-olomouc.cz\/rs\/wp-json\/wp\/v2\/posts\/9585\/revisions\/9587"}],"wp:attachment":[{"href":"https:\/\/kehila-olomouc.cz\/rs\/wp-json\/wp\/v2\/media?parent=9585"}],"wp:term":[{"taxonomy":"category","embeddable":true,"href":"https:\/\/kehila-olomouc.cz\/rs\/wp-json\/wp\/v2\/categories?post=9585"},{"taxonomy":"post_tag","embeddable":true,"href":"https:\/\/kehila-olomouc.cz\/rs\/wp-json\/wp\/v2\/tags?post=9585"}],"curies":[{"name":"wp","href":"https:\/\/api.w.org\/{rel}","templated":true}]}}