{"id":9482,"date":"2019-05-02T10:16:25","date_gmt":"2019-05-02T08:16:25","guid":{"rendered":"https:\/\/kehila-olomouc.cz\/rs\/?p=9482"},"modified":"2019-05-02T10:16:25","modified_gmt":"2019-05-02T08:16:25","slug":"den-vzpominani-na-obeti-holocaustu-5","status":"publish","type":"post","link":"https:\/\/kehila-olomouc.cz\/rs\/9482\/den-vzpominani-na-obeti-holocaustu-5\/","title":{"rendered":"Den vzpom\u00edn\u00e1n\u00ed na ob\u011bti holocaustu"},"content":{"rendered":"<p style=\"text-align: justify;\"><strong>2.5.2019 Olomouc Horn\u00ed n\u00e1m\u011bst\u00ed od 14:00<\/strong>.<\/p>\n<p>J\u00e1drem akce je maraton \u010dten\u00ed jmen jednotliv\u00fdch \u017een, mu\u017e\u016f a d\u011bt\u00ed, kte\u0159\u00ed byli kv\u016fli sv\u00e9mu p\u0159isouzen\u00e9mu \u017eidovsk\u00e9mu nebo romsk\u00e9mu p\u016fvodu pron\u00e1sledov\u00e1ni, perzekvov\u00e1ni a zavra\u017ed\u011bni b\u011bhem druh\u00e9 sv\u011btov\u00e9 v\u00e1lky. \u201eZapojit se do \u010dten\u00ed jmen ob\u011bt\u00ed m\u016f\u017ee ka\u017ed\u00fd \u2013 akce je ur\u010dena \u0161irok\u00e9 ve\u0159ejnosti. Hojn\u011b se do \u010dten\u00ed jmen zapojuj\u00ed nejen pam\u011btn\u00edci a p\u0159e\u017eiv\u0161\u00ed koncentra\u010dn\u00edch t\u00e1bor\u016f a jejich potomci, ale t\u00e9\u017e mlad\u00ed lid\u00e9, n\u011bkdy i cel\u00e9 \u0161koln\u00ed skupiny. Velice n\u00e1s t\u011b\u0161\u00ed, \u017ee se ka\u017ed\u00fd rok k ve\u0159ejn\u00e9mu \u010dten\u00ed p\u0159id\u00e1vaj\u00ed nov\u00e1 m\u011bsta. Seznamy na \u010dten\u00ed jmen vych\u00e1zej\u00ed z Datab\u00e1ze ob\u011bt\u00ed, kter\u00e1 je dostupn\u00e1 na port\u00e1lu <a href=\"https:\/\/www.holocaust.cz\/databaze-obeti\/\">www.holocaust.cz<\/a> a kterou vytvo\u0159il a spravuje Institut Terez\u00ednsk\u00e9 iniciativy.<\/p>\n<p>Jom ha\u0161oa &#8211; Den holocaustu a hrdinstv\u00ed \u2013 zn\u00ed cel\u00fd n\u00e1zev p\u0159ipom\u00ednkov\u00e9ho dne v Izraeli. Dne, kdy se od roku 1951 ve v\u0161ech m\u011bstech na dv\u011b minuty rozezn\u00ed sir\u00e9ny a zastav\u00ed se doprava, pr\u00e1ce, \u017eivot\u2026Dv\u011b symbolick\u00e9 minuty p\u0159ipom\u00ednaj\u00ed v\u0161echny lidi, kter\u00e9 zavra\u017edili jin\u00ed lid\u00e9 b\u011bhem holocaustu. P\u0159ipom\u00ednaj\u00ed nevinn\u00e9 ob\u011bti iracion\u00e1ln\u00edho strachu a z n\u011bj pramen\u00edc\u00ed nen\u00e1visti, kter\u00e1 se stala st\u00e1tn\u00ed doktr\u00ednou. Ob\u011bti, z nich\u017e v\u011bt\u0161ina p\u0159estala doufat v lidskost a humanitu sv\u00fdch spoluob\u010dan\u016f a soused\u016f a\u017e tv\u00e1\u0159\u00ed v tv\u00e1\u0159 plynov\u00fdm komor\u00e1m.<\/p>\n<p>P\u0159ipom\u00edn\u00e1 tak\u00e9 hrdinstv\u00ed \u2013 hrdinstv\u00ed v\u011bz\u0148\u016f var\u0161avsk\u00e9ho ghetta, kte\u0159\u00ed se dok\u00e1zali vzep\u0159\u00edt sv\u00fdm v\u011bznitel\u016fm&nbsp; a vzdorovat jejich p\u0159esile s v\u011bdom\u00edm jist\u00e9 por\u00e1\u017eky. P\u0159ipom\u00edn\u00e1 hrdinstv\u00ed mnoha jin\u00fdch, kte\u0159\u00ed se odhodlali ke vzpou\u0159e \u2013 a\u0165 ozbrojen\u00e9 nebo pasivn\u00edm odporem nebo sabot\u00e1\u017e\u00ed. P\u0159ipom\u00edn\u00e1 hrdinstv\u00ed matek, kter\u00e9 neopustily sv\u00e9 d\u011bti na cest\u011b na smrt. P\u0159ipom\u00edn\u00e1 state\u010dnost rodi\u010d\u016f, kte\u0159\u00ed poslali sv\u00e9 d\u011bti do bezpe\u010d\u00ed. P\u0159ipom\u00edn\u00e1 tak\u00e9 hrdinstv\u00ed t\u011bch, kte\u0159\u00ed se p\u0159es hroz\u00edc\u00ed tvrd\u00fd postih odhodlali pomoci a pom\u00e1hat, ukr\u00fdvat pron\u00e1sledovan\u00e9, organizovat pro n\u011b cestu do bezpe\u010d\u00ed a sh\u00e1n\u011bt dal\u0161\u00ed pomoc.<\/p>\n<p style=\"text-align: justify;\">Akce se kon\u00e1 pod z\u00e1\u0161titou velvyslance st\u00e1tu Izrael v \u010cR J.E. Daniel Meron a ministra zahrani\u010dn\u00edch v\u011bc\u00ed \u010cR Tom\u00e1\u0161e Pet\u0159\u00ed\u010dka.<br \/>\nZ\u00e1\u0161titu nad akc\u00ed v Olomouci p\u0159evzal prim\u00e1tor statut\u00e1rn\u00edho m\u011bsta Olomouce&nbsp;Mgr. Miroslav \u017db\u00e1nek, MPA.<\/p>\n<p><a href=\"https:\/\/kehila-olomouc.cz\/rs\/wp-content\/uploads\/Soa_plakat-Olomouc.jpg\"><img loading=\"lazy\" decoding=\"async\" class=\"aligncenter  wp-image-9484\" src=\"https:\/\/kehila-olomouc.cz\/rs\/wp-content\/uploads\/Soa_plakat-Olomouc-731x1024.jpg\" alt=\"\" width=\"557\" height=\"780\" srcset=\"https:\/\/kehila-olomouc.cz\/rs\/wp-content\/uploads\/Soa_plakat-Olomouc-731x1024.jpg 731w, https:\/\/kehila-olomouc.cz\/rs\/wp-content\/uploads\/Soa_plakat-Olomouc-214x300.jpg 214w, https:\/\/kehila-olomouc.cz\/rs\/wp-content\/uploads\/Soa_plakat-Olomouc-768x1076.jpg 768w\" sizes=\"(max-width: 557px) 100vw, 557px\" \/><\/a><\/p>\n","protected":false},"excerpt":{"rendered":"<div style=\\\"text-align:justify;\\\">2.5.2019 Olomouc Horn\u00ed n\u00e1m\u011bst\u00ed od 14:00.<br \/>\nJ\u00e1drem akce je maraton \u010dten\u00ed jmen jednotliv\u00fdch \u017een, mu\u017e\u016f a d\u011bt\u00ed, kte\u0159\u00ed byli kv\u016fli sv\u00e9mu p\u0159isouzen\u00e9mu \u017eidovsk\u00e9mu nebo romsk\u00e9mu p\u016fvodu pron\u00e1sledov\u00e1ni, perzekvov\u00e1ni a zavra\u017ed\u011bni b\u011bhem druh\u00e9 sv\u011btov\u00e9 v\u00e1lky. \u201eZapojit se do \u010dten\u00ed jmen ob\u011bt\u00ed m\u016f\u017ee ka\u017ed\u00fd \u2013 akce je ur\u010dena \u0161irok\u00e9 ve\u0159ejnosti. Hojn\u011b se do \u010dten\u00ed jmen zapojuj\u00ed nejen pam\u011btn\u00edci a p\u0159e\u017eiv\u0161\u00ed koncentra\u010dn\u00edch t\u00e1bor\u016f a jejich potomci, ale t\u00e9\u017e mlad\u00ed lid\u00e9, n\u011bkdy i cel\u00e9 \u0161koln\u00ed skupiny. Velice n\u00e1s t\u011b\u0161\u00ed, \u017ee se ka\u017ed\u00fd rok k ve\u0159ejn\u00e9mu \u010dten\u00ed p\u0159id\u00e1vaj\u00ed nov\u00e1 m\u011bsta. Seznamy na \u010dten\u00ed jmen vych\u00e1zej\u00ed z &#8230;<\/div>\n","protected":false},"author":3,"featured_media":0,"comment_status":"closed","ping_status":"closed","sticky":false,"template":"","format":"standard","meta":{"ngg_post_thumbnail":0,"footnotes":""},"categories":[4],"tags":[],"class_list":["post-9482","post","type-post","status-publish","format-standard","hentry","category-featured"],"_links":{"self":[{"href":"https:\/\/kehila-olomouc.cz\/rs\/wp-json\/wp\/v2\/posts\/9482"}],"collection":[{"href":"https:\/\/kehila-olomouc.cz\/rs\/wp-json\/wp\/v2\/posts"}],"about":[{"href":"https:\/\/kehila-olomouc.cz\/rs\/wp-json\/wp\/v2\/types\/post"}],"author":[{"embeddable":true,"href":"https:\/\/kehila-olomouc.cz\/rs\/wp-json\/wp\/v2\/users\/3"}],"replies":[{"embeddable":true,"href":"https:\/\/kehila-olomouc.cz\/rs\/wp-json\/wp\/v2\/comments?post=9482"}],"version-history":[{"count":1,"href":"https:\/\/kehila-olomouc.cz\/rs\/wp-json\/wp\/v2\/posts\/9482\/revisions"}],"predecessor-version":[{"id":9485,"href":"https:\/\/kehila-olomouc.cz\/rs\/wp-json\/wp\/v2\/posts\/9482\/revisions\/9485"}],"wp:attachment":[{"href":"https:\/\/kehila-olomouc.cz\/rs\/wp-json\/wp\/v2\/media?parent=9482"}],"wp:term":[{"taxonomy":"category","embeddable":true,"href":"https:\/\/kehila-olomouc.cz\/rs\/wp-json\/wp\/v2\/categories?post=9482"},{"taxonomy":"post_tag","embeddable":true,"href":"https:\/\/kehila-olomouc.cz\/rs\/wp-json\/wp\/v2\/tags?post=9482"}],"curies":[{"name":"wp","href":"https:\/\/api.w.org\/{rel}","templated":true}]}}