{"id":9450,"date":"2018-10-05T09:20:42","date_gmt":"2018-10-05T07:20:42","guid":{"rendered":"https:\/\/kehila-olomouc.cz\/rs\/?p=9450"},"modified":"2018-10-11T18:26:10","modified_gmt":"2018-10-11T16:26:10","slug":"den-otevrenych-dveri-zidovske-obce-olomouc-2018","status":"publish","type":"post","link":"https:\/\/kehila-olomouc.cz\/rs\/9450\/den-otevrenych-dveri-zidovske-obce-olomouc-2018\/","title":{"rendered":"Den otev\u0159en\u00fdch dve\u0159\u00ed \u017didovsk\u00e9 obce Olomouc 2018"},"content":{"rendered":"<p style=\"text-align: justify;\"><strong>Ned\u011ble 14. \u0159\u00edjna od 10 do 17 hodin<\/strong><br \/>\nV r\u00e1mci Dn\u016f evropsk\u00e9ho d\u011bdictv\u00ed v Olomouci po\u0159\u00e1d\u00e1 \u017didovsk\u00e1 obec Olomouc tradi\u010dn\u00ed Den otev\u0159en\u00fdch dve\u0159\u00ed. Pro n\u00e1v\u0161t\u011bvn\u00edky budou p\u0159ipraven\u00e9 komentovan\u00e9 prohl\u00eddky synagogy a spole\u010densk\u00fdch prostor obce, vypr\u00e1v\u011bn\u00ed o \u017eidovsk\u00e9 liturgii a historii olomouck\u00fdch \u017did\u016f a tak\u00e9 p\u0159\u00edprava a pe\u010den\u00ed chaly. Zam\u011bstnanci obce tak\u00e9 ochotn\u011b zodpov\u00ed dotazy n\u00e1v\u0161t\u011bvn\u00edk\u016f.&nbsp; Projekt finan\u010dn\u011b podpo\u0159il <a href=\"http:\/\/fondholocaust.cz\/\" target=\"_blank\" rel=\"noopener\">Nada\u010dn\u00ed fond ob\u011btem holocaustu<\/a>.<\/p>\n<p>V 11:00<br \/>\n<b>P\u0158EDN\u00c1\u0160KA VRCHN\u00cdHO ZEMSK\u00c9HO<br \/>\nRAB\u00cdNA K.E. SIDONA<\/b><\/p>\n<p>V 15:00<br \/>\n<strong>KONCERT HANY FREJKOV\u00c9: JIDI\u0160 VE T\u0158ECH:<\/strong> zp\u011bv\/Hana&nbsp;Frejkov\u00e1, zp\u011bv\/Marianna Boreck\u00e1, klarinet\/Milan Poto\u010dek,&nbsp;akordeon\/Sl\u00e1vek Brabec<\/p>\n<p>V\u0161ichni jsou srde\u010dn\u011b zv\u00e1ni.<\/p>\n<p>&nbsp;<\/p>\n<p><a href=\"https:\/\/kehila-olomouc.cz\/rs\/wp-content\/uploads\/DEN-OTEV\u0158EN\u00ddCH-DVE\u0158\u00cd-\u017dIDOVSK\u00c9-OBCE-OLOMOUC-2018-1.jpg\"><img loading=\"lazy\" decoding=\"async\" class=\"aligncenter wp-image-9464\" src=\"https:\/\/kehila-olomouc.cz\/rs\/wp-content\/uploads\/DEN-OTEV\u0158EN\u00ddCH-DVE\u0158\u00cd-\u017dIDOVSK\u00c9-OBCE-OLOMOUC-2018-1-724x1024.jpg\" alt=\"\" width=\"548\" height=\"775\" srcset=\"https:\/\/kehila-olomouc.cz\/rs\/wp-content\/uploads\/DEN-OTEV\u0158EN\u00ddCH-DVE\u0158\u00cd-\u017dIDOVSK\u00c9-OBCE-OLOMOUC-2018-1-724x1024.jpg 724w, https:\/\/kehila-olomouc.cz\/rs\/wp-content\/uploads\/DEN-OTEV\u0158EN\u00ddCH-DVE\u0158\u00cd-\u017dIDOVSK\u00c9-OBCE-OLOMOUC-2018-1-212x300.jpg 212w, https:\/\/kehila-olomouc.cz\/rs\/wp-content\/uploads\/DEN-OTEV\u0158EN\u00ddCH-DVE\u0158\u00cd-\u017dIDOVSK\u00c9-OBCE-OLOMOUC-2018-1-768x1086.jpg 768w, https:\/\/kehila-olomouc.cz\/rs\/wp-content\/uploads\/DEN-OTEV\u0158EN\u00ddCH-DVE\u0158\u00cd-\u017dIDOVSK\u00c9-OBCE-OLOMOUC-2018-1.jpg 1240w\" sizes=\"(max-width: 548px) 100vw, 548px\" \/><\/a><\/p>\n","protected":false},"excerpt":{"rendered":"<p><strong>Ned\u011ble 14. \u0159\u00edjna od 10 do 17 hodin<\/strong><br \/>\nV r\u00e1mci Dn\u016f evropsk\u00e9ho d\u011bdictv\u00ed v Olomouci po\u0159\u00e1d\u00e1 \u017didovsk\u00e1 obec Olomouc tradi\u010dn\u00ed Den otev\u0159en\u00fdch dve\u0159\u00ed. Pro n\u00e1v\u0161t\u011bvn\u00edky budou p\u0159ipraven\u00e9 komentovan\u00e9 prohl\u00eddky synagogy a spole\u010densk\u00fdch prostor obce, vypr\u00e1v\u011bn\u00ed o \u017eidovsk\u00e9 liturgii a historii olomouck\u00fdch \u017did\u016f a tak\u00e9 p\u0159\u00edprava a pe\u010den\u00ed chaly. Zam\u011bstnanci obce tak\u00e9 ochotn\u011b zodpov\u00ed dotazy n\u00e1v\u0161t\u011bvn\u00edk\u016f.\u00a0Projekt finan\u010dn\u011b podpo\u0159il <a href=\"http:\/\/fondholocaust.cz\/\" target=\"_blank\" rel=\"noopener\">Nada\u010dn\u00ed fond ob\u011btem holocaustu<\/a>.<\/p>\n","protected":false},"author":3,"featured_media":0,"comment_status":"closed","ping_status":"closed","sticky":false,"template":"","format":"standard","meta":{"ngg_post_thumbnail":0,"footnotes":""},"categories":[4],"tags":[],"class_list":["post-9450","post","type-post","status-publish","format-standard","hentry","category-featured"],"_links":{"self":[{"href":"https:\/\/kehila-olomouc.cz\/rs\/wp-json\/wp\/v2\/posts\/9450"}],"collection":[{"href":"https:\/\/kehila-olomouc.cz\/rs\/wp-json\/wp\/v2\/posts"}],"about":[{"href":"https:\/\/kehila-olomouc.cz\/rs\/wp-json\/wp\/v2\/types\/post"}],"author":[{"embeddable":true,"href":"https:\/\/kehila-olomouc.cz\/rs\/wp-json\/wp\/v2\/users\/3"}],"replies":[{"embeddable":true,"href":"https:\/\/kehila-olomouc.cz\/rs\/wp-json\/wp\/v2\/comments?post=9450"}],"version-history":[{"count":11,"href":"https:\/\/kehila-olomouc.cz\/rs\/wp-json\/wp\/v2\/posts\/9450\/revisions"}],"predecessor-version":[{"id":9466,"href":"https:\/\/kehila-olomouc.cz\/rs\/wp-json\/wp\/v2\/posts\/9450\/revisions\/9466"}],"wp:attachment":[{"href":"https:\/\/kehila-olomouc.cz\/rs\/wp-json\/wp\/v2\/media?parent=9450"}],"wp:term":[{"taxonomy":"category","embeddable":true,"href":"https:\/\/kehila-olomouc.cz\/rs\/wp-json\/wp\/v2\/categories?post=9450"},{"taxonomy":"post_tag","embeddable":true,"href":"https:\/\/kehila-olomouc.cz\/rs\/wp-json\/wp\/v2\/tags?post=9450"}],"curies":[{"name":"wp","href":"https:\/\/api.w.org\/{rel}","templated":true}]}}