{"id":9407,"date":"2018-04-04T13:11:13","date_gmt":"2018-04-04T11:11:13","guid":{"rendered":"https:\/\/kehila-olomouc.cz\/rs\/?p=9407"},"modified":"2018-04-04T13:14:32","modified_gmt":"2018-04-04T11:14:32","slug":"den-vzpominani-na-obeti-holocaustu-4","status":"publish","type":"post","link":"https:\/\/kehila-olomouc.cz\/rs\/9407\/den-vzpominani-na-obeti-holocaustu-4\/","title":{"rendered":"Den vzpom\u00edn\u00e1n\u00ed na ob\u011bti holocaustu 2018"},"content":{"rendered":"<p><strong>12.4. Olomouc Horn\u00ed n\u00e1m\u011bst\u00ed od 14:00<\/strong>. Dokumentace ob\u011bt\u00ed holocaustu p\u0159in\u00e1\u0161\u00ed mnoho \u00fadaj\u016f a poznatk\u016f o osudech jednotliv\u00fdch lid\u00ed, na jejich\u017e z\u00e1klad\u011b je mo\u017en\u00e9 rekonstruovat jejich p\u0159\u00edb\u011bhy. D\u00edky poznatk\u016fm z\u00edskan\u00fdch z dokumentace m\u016f\u017eeme ob\u011bti holocaustu &#8211; ob\u010dany, kte\u0159\u00ed \u017eili p\u0159ed v\u00e1lkou spole\u010dn\u011b s ostatn\u00edmi, p\u0159ipom\u00ednat ve ve\u0159ejn\u00e9m prostoru, a t\u00edm je mezi n\u00e1s vracet. A\u0165 to jsou Stolpersteine, kter\u00e9 p\u0159ipom\u00ednaj\u00ed konkr\u00e9tn\u00ed osobu v konkr\u00e9tn\u00edm m\u00edst\u011b, ke kter\u00e9mu m\u011bla vztah, a\u0165 to jsou pam\u00e1tn\u00edky, kter\u00e9 zp\u0159\u00edtom\u0148uj\u00ed ob\u011bti z cel\u00e9ho regionu, a\u0165 jsou to happeningy, kter\u00e9 pravideln\u011b i jednor\u00e1zov\u011b p\u0159iv\u00e1d\u011bj\u00ed do pov\u011bdom\u00ed lidsk\u00e9 bytosti, jejich\u017e \u017eivotn\u00ed p\u0159\u00edb\u011bh byl n\u00e1siln\u011b p\u0159erv\u00e1n, a\u0165 to jsou to m\u00edsta, kde se d\u011blo bezpr\u00e1v\u00ed. Poj\u010fme spole\u010dn\u011b symbolicky vr\u00e1tit ob\u011bti bezpr\u00e1v\u00ed do na\u0161\u00ed spole\u010dn\u00e9 pam\u011bti ve\u0159ejnou vzpom\u00ednkou \u2013 p\u0159e\u010dten\u00edm jejich jmen. Ka\u017ed\u00fd, kdo p\u0159ijde, obdr\u017e\u00ed seznam n\u011bkolika jmen se stru\u010dn\u00fdmi osobn\u00edmi \u00fadaji. Jm\u00e9na m\u016f\u017ee podle sv\u00e9ho uv\u00e1\u017een\u00ed p\u0159e\u010d\u00edst do mikrofonu. K akci je mo\u017en\u00e9 se p\u0159ipojit kdykoli v jej\u00edm pr\u016fb\u011bhu.<\/p>\n<p>Z\u00e1\u0161titu nad akc\u00ed p\u0159evzal prim\u00e1tor statut\u00e1rn\u00edho m\u011bsta Olomouce&nbsp;doc. Mgr. Anton\u00edn Stan\u011bk, Ph.D. a sen\u00e1tor MUDr. Lum\u00edr Kantor Ph.D.<\/p>\n<p><a href=\"https:\/\/kehila-olomouc.cz\/rs\/wp-content\/uploads\/Olomouc_plakA1_Soa.jpg\"><img loading=\"lazy\" decoding=\"async\" class=\"aligncenter wp-image-9408\" src=\"https:\/\/kehila-olomouc.cz\/rs\/wp-content\/uploads\/Olomouc_plakA1_Soa-730x1024.jpg\" alt=\"\" width=\"573\" height=\"803\" srcset=\"https:\/\/kehila-olomouc.cz\/rs\/wp-content\/uploads\/Olomouc_plakA1_Soa-730x1024.jpg 730w, https:\/\/kehila-olomouc.cz\/rs\/wp-content\/uploads\/Olomouc_plakA1_Soa-214x300.jpg 214w, https:\/\/kehila-olomouc.cz\/rs\/wp-content\/uploads\/Olomouc_plakA1_Soa-768x1077.jpg 768w\" sizes=\"(max-width: 573px) 100vw, 573px\" \/><\/a><\/p>\n","protected":false},"excerpt":{"rendered":"<p><strong>12.4. Olomouc Horn\u00ed n\u00e1m\u011bst\u00ed od 14:00<\/strong>. Dokumentace ob\u011bt\u00ed holocaustu p\u0159in\u00e1\u0161\u00ed mnoho \u00fadaj\u016f a poznatk\u016f o osudech jednotliv\u00fdch lid\u00ed, na jejich\u017e z\u00e1klad\u011b je mo\u017en\u00e9 rekonstruovat jejich p\u0159\u00edb\u011bhy. D\u00edky poznatk\u016fm z\u00edskan\u00fdch z dokumentace m\u016f\u017eeme ob\u011bti holocaustu &#8211; ob\u010dany, kte\u0159\u00ed \u017eili p\u0159ed v\u00e1lkou spole\u010dn\u011b s ostatn\u00edmi, p\u0159ipom\u00ednat ve ve\u0159ejn\u00e9m prostoru, a t\u00edm je mezi n\u00e1s vracet. A\u0165 to jsou Stolpersteine, kter\u00e9 p\u0159ipom\u00ednaj\u00ed konkr\u00e9tn\u00ed osobu v konkr\u00e9tn\u00edm m\u00edst\u011b, ke kter\u00e9mu m\u011bla vztah, a\u0165 to jsou pam\u00e1tn\u00edky, kter\u00e9 zp\u0159\u00edtom\u0148uj\u00ed ob\u011bti z cel\u00e9ho regionu, a\u0165 jsou to happeningy, kter\u00e9 pravideln\u011b i jednor\u00e1zov\u011b p\u0159iv\u00e1d\u011bj\u00ed do pov\u011bdom\u00ed lidsk\u00e9 bytosti, jejich\u017e \u017eivotn\u00ed p\u0159\u00edb\u011bh byl n\u00e1siln\u011b p\u0159erv\u00e1n&#8230;.<\/p>\n","protected":false},"author":3,"featured_media":0,"comment_status":"closed","ping_status":"closed","sticky":false,"template":"","format":"standard","meta":{"ngg_post_thumbnail":0,"footnotes":""},"categories":[4],"tags":[],"class_list":["post-9407","post","type-post","status-publish","format-standard","hentry","category-featured"],"_links":{"self":[{"href":"https:\/\/kehila-olomouc.cz\/rs\/wp-json\/wp\/v2\/posts\/9407"}],"collection":[{"href":"https:\/\/kehila-olomouc.cz\/rs\/wp-json\/wp\/v2\/posts"}],"about":[{"href":"https:\/\/kehila-olomouc.cz\/rs\/wp-json\/wp\/v2\/types\/post"}],"author":[{"embeddable":true,"href":"https:\/\/kehila-olomouc.cz\/rs\/wp-json\/wp\/v2\/users\/3"}],"replies":[{"embeddable":true,"href":"https:\/\/kehila-olomouc.cz\/rs\/wp-json\/wp\/v2\/comments?post=9407"}],"version-history":[{"count":5,"href":"https:\/\/kehila-olomouc.cz\/rs\/wp-json\/wp\/v2\/posts\/9407\/revisions"}],"predecessor-version":[{"id":9414,"href":"https:\/\/kehila-olomouc.cz\/rs\/wp-json\/wp\/v2\/posts\/9407\/revisions\/9414"}],"wp:attachment":[{"href":"https:\/\/kehila-olomouc.cz\/rs\/wp-json\/wp\/v2\/media?parent=9407"}],"wp:term":[{"taxonomy":"category","embeddable":true,"href":"https:\/\/kehila-olomouc.cz\/rs\/wp-json\/wp\/v2\/categories?post=9407"},{"taxonomy":"post_tag","embeddable":true,"href":"https:\/\/kehila-olomouc.cz\/rs\/wp-json\/wp\/v2\/tags?post=9407"}],"curies":[{"name":"wp","href":"https:\/\/api.w.org\/{rel}","templated":true}]}}