{"id":9392,"date":"2018-02-06T15:59:37","date_gmt":"2018-02-06T13:59:37","guid":{"rendered":"https:\/\/kehila-olomouc.cz\/rs\/?p=9392"},"modified":"2018-02-06T16:01:05","modified_gmt":"2018-02-06T14:01:05","slug":"daniel-kahn-the-painted-bird","status":"publish","type":"post","link":"https:\/\/kehila-olomouc.cz\/rs\/9392\/daniel-kahn-the-painted-bird\/","title":{"rendered":"Daniel Kahn &#038; The Painted Bird"},"content":{"rendered":"<p><em>Koncert &#8211;&nbsp;<\/em><strong>\u00fater\u00fd 20. 2. ve 20.00 hodin | DIVADLO HUDBY | VSTUPN\u00c9 300 \/ 250 K\u010d<\/strong><\/p>\n<p>Berl\u00ednsk\u00e1 radik\u00e1ln\u00ed jidi\u0161 kapela desper\u00e1t\u016f s punkov\u00fdmi n\u00e1zory<em>&nbsp;Daniel Kahn &amp; The Painted Bird<\/em>&nbsp;je od ledna na evropsk\u00e9m turn\u00e9 s reperto\u00e1rem z nov\u00e9ho alba&nbsp;<em>The Butcher\u2019s Share<\/em>. Koncert v olomouck\u00e9m Divadle hudby je zast\u00e1vkou mezi vystoupen\u00edmi ve V\u00eddni a Frankfurtu nad Mohanem.&nbsp;<\/p>\n<p>Skladby v po\u0159ad\u00ed p\u00e1t\u00e9ho CD&nbsp;<em>The Painted Bird<\/em>&nbsp;se v\u011bnuj\u00ed aktu\u00e1ln\u00edm pal\u010div\u00fdm politick\u00fdm a spole\u010densk\u00fdm ot\u00e1zk\u00e1m dne\u0161ka, jako je pojet\u00ed svobody \u010di migrace. Revolu\u010dn\u00ed a mnohdy a\u017e apokalyptick\u00e9 hymny jsou n\u011bkdy vtipn\u00e9, n\u011bkdy stra\u0161ideln\u00e9, n\u011bkdy k uzouf\u00e1n\u00ed smutn\u00e9, v ka\u017ed\u00e9m p\u0159\u00edpad\u011b poslucha\u010de p\u0159ev\u00e1d\u00ed p\u0159es hranice jazyk\u016f, kultur i \u017e\u00e1nr\u016f<\/p>\n<p>Daniel Kahn poch\u00e1z\u00ed z Detroitu, kde studoval na michigansk\u00e9 univerzit\u011b herectv\u00ed, re\u017eii, psan\u00ed dramat a poezii. V roce 2005 se us\u00eddlil v Berl\u00edn\u011b, kde zalo\u017eil kapelu&nbsp;<em>The Painted Bird<\/em>, kter\u00e1 od t\u00e9 doby vydala p\u011bt alb a jej\u00ed\u017e reperto\u00e1r tvo\u0159\u00ed klezmer, radical yiddish song, politick\u00fd kabaret \u010di punkfolk. N\u00e1zev kapely odkazuje ke stejnojmenn\u00e9mu kontroverzn\u00edmu rom\u00e1nu Jerzy Kosi\u0144sk\u00e9ho z roku 1965 (\u010desky pod n\u00e1zvem&nbsp;<em>Nabarven\u00e9 pt\u00e1\u010de<\/em>), kter\u00fd vypr\u00e1v\u00ed drsn\u00fd p\u0159\u00edb\u011bh mal\u00e9ho \u017eidovsk\u00e9ho chlapce potloukaj\u00edc\u00edho se b\u011bhem 2. sv\u011btov\u00e9 v\u00e1lky po v\u00fdchodn\u00edm Polsku pln\u00e9m chaosu, n\u00e1sil\u00ed a krutosti.<\/p>\n<p><em>Daniel Kahn &amp; The Painted Bird jsou pro klezmer t\u00edm, \u010d\u00edm byly The Pogues pro folk. Je to hudba ze \u0161tetlu, ko\u0159en\u011bn\u00e1 p\u0159esnou d\u00e1vkou punku \u2013 polyglotn\u00ed, panevropsk\u00fd punkfolk. Kahn skl\u00e1d\u00e1 skv\u011bl\u00e9 p\u00edsn\u011b n\u011bkde mezi Leonardem Cohenem a Mordechajem Gebirtigem, \u010di mezi Nickem Cavem a Hirschem Glikem.<\/em>&nbsp;(Z recenze v n\u011bmeck\u00e9m den\u00edku Die Zeit.)<\/p>\n<p><a href=\"https:\/\/kehila-olomouc.cz\/rs\/wp-content\/uploads\/dh_2018_02_20_kahn-1.jpg\"><img loading=\"lazy\" decoding=\"async\" class=\"aligncenter wp-image-9394\" src=\"https:\/\/kehila-olomouc.cz\/rs\/wp-content\/uploads\/dh_2018_02_20_kahn-1.jpg\" alt=\"\" width=\"587\" height=\"827\" srcset=\"https:\/\/kehila-olomouc.cz\/rs\/wp-content\/uploads\/dh_2018_02_20_kahn-1.jpg 3111w, https:\/\/kehila-olomouc.cz\/rs\/wp-content\/uploads\/dh_2018_02_20_kahn-1-213x300.jpg 213w, https:\/\/kehila-olomouc.cz\/rs\/wp-content\/uploads\/dh_2018_02_20_kahn-1-768x1082.jpg 768w, https:\/\/kehila-olomouc.cz\/rs\/wp-content\/uploads\/dh_2018_02_20_kahn-1-727x1024.jpg 727w\" sizes=\"(max-width: 587px) 100vw, 587px\" \/><\/a><\/p>\n","protected":false},"excerpt":{"rendered":"<p>Koncert &#8211;\u00a0\u00fater\u00fd 20. 2. ve 20.00 hodin | DIVADLO HUDBY | VSTUPN\u00c9 300 \/ 250 K\u010d Berl\u00ednsk\u00e1 radik\u00e1ln\u00ed jidi\u0161 kapela desper\u00e1t\u016f s punkov\u00fdmi n\u00e1zory\u00a0Daniel Kahn &#038; The Painted Bird\u00a0je od ledna na evropsk\u00e9m turn\u00e9 s reperto\u00e1rem z nov\u00e9ho alba\u00a0The Butcher\u2019s Share. Koncert v olomouck\u00e9m Divadle hudby je zast\u00e1vkou mezi vystoupen\u00edmi ve V\u00eddni a Frankfurtu nad Mohanem.\u00a0Skladby v po\u0159ad\u00ed p\u00e1t\u00e9ho CD\u00a0The Painted Bird\u00a0se v\u011bnuj\u00ed aktu\u00e1ln\u00edm pal\u010div\u00fdm politick\u00fdm a spole\u010densk\u00fdm ot\u00e1zk\u00e1m dne\u0161ka, jako je pojet\u00ed svobody \u010di migrace. Revolu\u010dn\u00ed a mnohdy a\u017e apokalyptick\u00e9 hymny jsou n\u011bkdy vtipn\u00e9, n\u011bkdy stra\u0161ideln\u00e9, n\u011bkdy k uzouf\u00e1n\u00ed smutn\u00e9&#8230;<\/p>\n","protected":false},"author":3,"featured_media":0,"comment_status":"closed","ping_status":"closed","sticky":false,"template":"","format":"standard","meta":{"ngg_post_thumbnail":0,"footnotes":""},"categories":[4],"tags":[],"class_list":["post-9392","post","type-post","status-publish","format-standard","hentry","category-featured"],"_links":{"self":[{"href":"https:\/\/kehila-olomouc.cz\/rs\/wp-json\/wp\/v2\/posts\/9392"}],"collection":[{"href":"https:\/\/kehila-olomouc.cz\/rs\/wp-json\/wp\/v2\/posts"}],"about":[{"href":"https:\/\/kehila-olomouc.cz\/rs\/wp-json\/wp\/v2\/types\/post"}],"author":[{"embeddable":true,"href":"https:\/\/kehila-olomouc.cz\/rs\/wp-json\/wp\/v2\/users\/3"}],"replies":[{"embeddable":true,"href":"https:\/\/kehila-olomouc.cz\/rs\/wp-json\/wp\/v2\/comments?post=9392"}],"version-history":[{"count":3,"href":"https:\/\/kehila-olomouc.cz\/rs\/wp-json\/wp\/v2\/posts\/9392\/revisions"}],"predecessor-version":[{"id":9397,"href":"https:\/\/kehila-olomouc.cz\/rs\/wp-json\/wp\/v2\/posts\/9392\/revisions\/9397"}],"wp:attachment":[{"href":"https:\/\/kehila-olomouc.cz\/rs\/wp-json\/wp\/v2\/media?parent=9392"}],"wp:term":[{"taxonomy":"category","embeddable":true,"href":"https:\/\/kehila-olomouc.cz\/rs\/wp-json\/wp\/v2\/categories?post=9392"},{"taxonomy":"post_tag","embeddable":true,"href":"https:\/\/kehila-olomouc.cz\/rs\/wp-json\/wp\/v2\/tags?post=9392"}],"curies":[{"name":"wp","href":"https:\/\/api.w.org\/{rel}","templated":true}]}}