{"id":8786,"date":"2017-10-10T20:32:10","date_gmt":"2017-10-10T18:32:10","guid":{"rendered":"https:\/\/kehila-olomouc.cz\/rs\/?p=8786"},"modified":"2017-10-10T20:33:42","modified_gmt":"2017-10-10T18:33:42","slug":"dny-zidovske-kultury-olomouc-2017","status":"publish","type":"post","link":"https:\/\/kehila-olomouc.cz\/rs\/8786\/dny-zidovske-kultury-olomouc-2017\/","title":{"rendered":"Dny \u017eidovsk\u00e9 kultury Olomouc 2017"},"content":{"rendered":"<p style=\"text-align: justify;\"><b>Dny \u017eidovsk\u00e9 kultury Olomouc se ve dnech od 19. do 29. \u0159\u00edjna budou letos konat ji\u017e po des\u00e1t\u00e9. Po\u0159adatel\u00e9,&nbsp;<a href=\"http:\/\/www.olmuart.cz\/\" target=\"_blank\" rel=\"noopener\">Muzeum um\u011bn\u00ed Olomouc<\/a>, \u017didovsk\u00e1 obec Olomouc a&nbsp;<a href=\"http:\/\/judaistika.cz\/\" target=\"_blank\" rel=\"noopener\">Centrum judaistick\u00fdch studi\u00ed Kurta a Ursuly Schubertov\u00fdch<\/a>, p\u0159ipravili program s hlavn\u00edm t\u00e9matem a v\u00fdstavou Olomouck\u00e1 synagoga. Z\u00e1\u0161titu nad festivalem p\u0159ijali&nbsp;<\/b><b>J. E. DANIEL MERON velvyslanec st\u00e1tu Izrael v \u010cR a DANIEL HERMAN ministr kultury \u010cR.<\/b><\/p>\n<h1 style=\"text-align: center;\"><strong><a href=\"http:\/\/www.muo.cz\/dzko\/\" target=\"_blank\" rel=\"noopener\">PODROBN\u00dd PROGRAM<\/a><\/strong><\/h1>\n<p><a href=\"https:\/\/kehila-olomouc.cz\/rs\/wp-content\/uploads\/Pozv\u00e1nka-Olomock\u00e1-synagoga.jpg\"><img loading=\"lazy\" decoding=\"async\" class=\"aligncenter wp-image-8789\" src=\"https:\/\/kehila-olomouc.cz\/rs\/wp-content\/uploads\/Pozv\u00e1nka-Olomock\u00e1-synagoga.jpg\" alt=\"\" width=\"588\" height=\"773\" srcset=\"https:\/\/kehila-olomouc.cz\/rs\/wp-content\/uploads\/Pozv\u00e1nka-Olomock\u00e1-synagoga.jpg 1181w, https:\/\/kehila-olomouc.cz\/rs\/wp-content\/uploads\/Pozv\u00e1nka-Olomock\u00e1-synagoga-228x300.jpg 228w, https:\/\/kehila-olomouc.cz\/rs\/wp-content\/uploads\/Pozv\u00e1nka-Olomock\u00e1-synagoga-768x1010.jpg 768w, https:\/\/kehila-olomouc.cz\/rs\/wp-content\/uploads\/Pozv\u00e1nka-Olomock\u00e1-synagoga-779x1024.jpg 779w\" sizes=\"(max-width: 588px) 100vw, 588px\" \/><\/a><\/p>\n<p><a href=\"https:\/\/kehila-olomouc.cz\/rs\/wp-content\/uploads\/Dny-zidovske-kultury-2017_A2.jpg\"><img loading=\"lazy\" decoding=\"async\" class=\"aligncenter wp-image-8788\" src=\"https:\/\/kehila-olomouc.cz\/rs\/wp-content\/uploads\/Dny-zidovske-kultury-2017_A2.jpg\" alt=\"\" width=\"588\" height=\"837\" srcset=\"https:\/\/kehila-olomouc.cz\/rs\/wp-content\/uploads\/Dny-zidovske-kultury-2017_A2.jpg 4978w, https:\/\/kehila-olomouc.cz\/rs\/wp-content\/uploads\/Dny-zidovske-kultury-2017_A2-211x300.jpg 211w, https:\/\/kehila-olomouc.cz\/rs\/wp-content\/uploads\/Dny-zidovske-kultury-2017_A2-768x1093.jpg 768w, https:\/\/kehila-olomouc.cz\/rs\/wp-content\/uploads\/Dny-zidovske-kultury-2017_A2-719x1024.jpg 719w\" sizes=\"(max-width: 588px) 100vw, 588px\" \/><\/a><\/p>\n","protected":false},"excerpt":{"rendered":"<p>Dny \u017eidovsk\u00e9 kultury Olomouc se ve dnech od 19. do 29. \u0159\u00edjna budou letos konat ji\u017e po des\u00e1t\u00e9. Po\u0159adatel\u00e9,\u00a0Muzeum um\u011bn\u00ed Olomouc, \u017didovsk\u00e1 obec Olomouc a\u00a0Centrum judaistick\u00fdch studi\u00ed Kurta a Ursuly Schubertov\u00fdch, p\u0159ipravili program s hlavn\u00edm t\u00e9matem a v\u00fdstavou Olomouck\u00e1 synagoga. Z\u00e1\u0161titu nad festivalem p\u0159ijali\u00a0J. E. DANIEL MERON velvyslanec st\u00e1tu Izrael v \u010cR a DANIEL HERMAN ministr kultury \u010cR.<\/p>\n","protected":false},"author":3,"featured_media":0,"comment_status":"closed","ping_status":"closed","sticky":false,"template":"","format":"standard","meta":{"ngg_post_thumbnail":0,"footnotes":""},"categories":[4],"tags":[],"class_list":["post-8786","post","type-post","status-publish","format-standard","hentry","category-featured"],"_links":{"self":[{"href":"https:\/\/kehila-olomouc.cz\/rs\/wp-json\/wp\/v2\/posts\/8786"}],"collection":[{"href":"https:\/\/kehila-olomouc.cz\/rs\/wp-json\/wp\/v2\/posts"}],"about":[{"href":"https:\/\/kehila-olomouc.cz\/rs\/wp-json\/wp\/v2\/types\/post"}],"author":[{"embeddable":true,"href":"https:\/\/kehila-olomouc.cz\/rs\/wp-json\/wp\/v2\/users\/3"}],"replies":[{"embeddable":true,"href":"https:\/\/kehila-olomouc.cz\/rs\/wp-json\/wp\/v2\/comments?post=8786"}],"version-history":[{"count":4,"href":"https:\/\/kehila-olomouc.cz\/rs\/wp-json\/wp\/v2\/posts\/8786\/revisions"}],"predecessor-version":[{"id":8794,"href":"https:\/\/kehila-olomouc.cz\/rs\/wp-json\/wp\/v2\/posts\/8786\/revisions\/8794"}],"wp:attachment":[{"href":"https:\/\/kehila-olomouc.cz\/rs\/wp-json\/wp\/v2\/media?parent=8786"}],"wp:term":[{"taxonomy":"category","embeddable":true,"href":"https:\/\/kehila-olomouc.cz\/rs\/wp-json\/wp\/v2\/categories?post=8786"},{"taxonomy":"post_tag","embeddable":true,"href":"https:\/\/kehila-olomouc.cz\/rs\/wp-json\/wp\/v2\/tags?post=8786"}],"curies":[{"name":"wp","href":"https:\/\/api.w.org\/{rel}","templated":true}]}}