{"id":8778,"date":"2019-08-15T19:23:48","date_gmt":"2019-08-15T17:23:48","guid":{"rendered":"https:\/\/kehila-olomouc.cz\/rs\/?p=8778"},"modified":"2019-08-16T15:29:37","modified_gmt":"2019-08-16T13:29:37","slug":"den-otevrenych-dveri-zidovske-obce-olomouc-5","status":"publish","type":"post","link":"https:\/\/kehila-olomouc.cz\/rs\/8778\/den-otevrenych-dveri-zidovske-obce-olomouc-5\/","title":{"rendered":"Den otev\u0159en\u00fdch dve\u0159\u00ed \u017didovsk\u00e9 obce Olomouc 2019"},"content":{"rendered":"<p><strong>Ned\u011ble 8. z\u00e1\u0159\u00ed od 10 do 17 hodin<\/strong><br \/>\nV r\u00e1mci Dn\u016f evropsk\u00e9ho d\u011bdictv\u00ed v Olomouci po\u0159\u00e1d\u00e1 \u017didovsk\u00e1 obec Olomouc tradi\u010dn\u00ed Den otev\u0159en\u00fdch dve\u0159\u00ed. Pro n\u00e1v\u0161t\u011bvn\u00edky budou p\u0159ipraven\u00e9 komentovan\u00e9 prohl\u00eddky synagogy a spole\u010densk\u00fdch prostor obce, vypr\u00e1v\u011bn\u00ed o \u017eidovsk\u00e9 liturgii a historii olomouck\u00fdch \u017did\u016f a tak\u00e9 p\u0159\u00edprava a pe\u010den\u00ed chaly. Zam\u011bstnanci obce tak\u00e9 ochotn\u011b zodpov\u00ed dotazy n\u00e1v\u0161t\u011bvn\u00edk\u016f.&nbsp;<\/p>\n<p>V 11:00<br \/>\n<b>P\u0158EDN\u00c1\u0160KA VRCHN\u00cdHO ZEMSK\u00c9HO<br \/>\nRAB\u00cdNA K.E. SIDONA<\/b><\/p>\n<p>V 15:00<br \/>\n<b>KONCERT SKUPINY HaChucpa <\/b><\/p>\n<p style=\"text-align: center;\">V\u0161ichni jsou srde\u010dn\u011b zv\u00e1ni.<br \/>\nS finan\u010dn\u00ed podporou <a href=\"http:\/\/fondholocaust.cz\/\" target=\"_blank\" rel=\"noopener noreferrer\">Nada\u010dn\u00edho fondu opb\u011btem holocaustu<\/a>.<\/p>\n<p><a href=\"https:\/\/kehila-olomouc.cz\/rs\/wp-content\/uploads\/DEN-OTEV\u0158EN\u00ddCH-DVE\u0158\u00cd-\u017dIDOVSK\u00c9-OBCE-OLOMOUC-2019.jpg\"><img loading=\"lazy\" decoding=\"async\" class=\"aligncenter wp-image-9559\" src=\"https:\/\/kehila-olomouc.cz\/rs\/wp-content\/uploads\/DEN-OTEV\u0158EN\u00ddCH-DVE\u0158\u00cd-\u017dIDOVSK\u00c9-OBCE-OLOMOUC-2019-724x1024.jpg\" alt=\"\" width=\"581\" height=\"822\" srcset=\"https:\/\/kehila-olomouc.cz\/rs\/wp-content\/uploads\/DEN-OTEV\u0158EN\u00ddCH-DVE\u0158\u00cd-\u017dIDOVSK\u00c9-OBCE-OLOMOUC-2019-724x1024.jpg 724w, https:\/\/kehila-olomouc.cz\/rs\/wp-content\/uploads\/DEN-OTEV\u0158EN\u00ddCH-DVE\u0158\u00cd-\u017dIDOVSK\u00c9-OBCE-OLOMOUC-2019-212x300.jpg 212w, https:\/\/kehila-olomouc.cz\/rs\/wp-content\/uploads\/DEN-OTEV\u0158EN\u00ddCH-DVE\u0158\u00cd-\u017dIDOVSK\u00c9-OBCE-OLOMOUC-2019-768x1086.jpg 768w, https:\/\/kehila-olomouc.cz\/rs\/wp-content\/uploads\/DEN-OTEV\u0158EN\u00ddCH-DVE\u0158\u00cd-\u017dIDOVSK\u00c9-OBCE-OLOMOUC-2019.jpg 1240w\" sizes=\"(max-width: 581px) 100vw, 581px\" \/><\/a><\/p>\n<p>&nbsp;<\/p>\n","protected":false},"excerpt":{"rendered":"<p>Ned\u011ble 8. z\u00e1\u0159\u00ed od 10 do 17 hodin<br \/>\nV r\u00e1mci Dn\u016f evropsk\u00e9ho d\u011bdictv\u00ed v Olomouci po\u0159\u00e1d\u00e1 \u017didovsk\u00e1 obec Olomouc tradi\u010dn\u00ed Den otev\u0159en\u00fdch dve\u0159\u00ed. Pro n\u00e1v\u0161t\u011bvn\u00edky budou p\u0159ipraven\u00e9 komentovan\u00e9 prohl\u00eddky synagogy a spole\u010densk\u00fdch prostor obce, vypr\u00e1v\u011bn\u00ed o \u017eidovsk\u00e9 liturgii a historii olomouck\u00fdch \u017did\u016f a tak\u00e9 p\u0159\u00edprava a pe\u010den\u00ed chaly. P\u0159edn\u00e1\u0161ka, koncert. Zam\u011bstnanci obce tak\u00e9 ochotn\u011b zodpov\u00ed dotazy n\u00e1v\u0161t\u011bvn\u00edk\u016f.\u00a0<\/p>\n","protected":false},"author":3,"featured_media":0,"comment_status":"closed","ping_status":"closed","sticky":false,"template":"","format":"standard","meta":{"ngg_post_thumbnail":0,"footnotes":""},"categories":[4],"tags":[],"class_list":["post-8778","post","type-post","status-publish","format-standard","hentry","category-featured"],"_links":{"self":[{"href":"https:\/\/kehila-olomouc.cz\/rs\/wp-json\/wp\/v2\/posts\/8778"}],"collection":[{"href":"https:\/\/kehila-olomouc.cz\/rs\/wp-json\/wp\/v2\/posts"}],"about":[{"href":"https:\/\/kehila-olomouc.cz\/rs\/wp-json\/wp\/v2\/types\/post"}],"author":[{"embeddable":true,"href":"https:\/\/kehila-olomouc.cz\/rs\/wp-json\/wp\/v2\/users\/3"}],"replies":[{"embeddable":true,"href":"https:\/\/kehila-olomouc.cz\/rs\/wp-json\/wp\/v2\/comments?post=8778"}],"version-history":[{"count":12,"href":"https:\/\/kehila-olomouc.cz\/rs\/wp-json\/wp\/v2\/posts\/8778\/revisions"}],"predecessor-version":[{"id":9564,"href":"https:\/\/kehila-olomouc.cz\/rs\/wp-json\/wp\/v2\/posts\/8778\/revisions\/9564"}],"wp:attachment":[{"href":"https:\/\/kehila-olomouc.cz\/rs\/wp-json\/wp\/v2\/media?parent=8778"}],"wp:term":[{"taxonomy":"category","embeddable":true,"href":"https:\/\/kehila-olomouc.cz\/rs\/wp-json\/wp\/v2\/categories?post=8778"},{"taxonomy":"post_tag","embeddable":true,"href":"https:\/\/kehila-olomouc.cz\/rs\/wp-json\/wp\/v2\/tags?post=8778"}],"curies":[{"name":"wp","href":"https:\/\/api.w.org\/{rel}","templated":true}]}}