{"id":8735,"date":"2017-05-11T15:00:29","date_gmt":"2017-05-11T13:00:29","guid":{"rendered":"http:\/\/kehila-olomouc.cz\/rs\/?p=8735"},"modified":"2017-05-11T15:00:29","modified_gmt":"2017-05-11T13:00:29","slug":"pamatnik-terezin-ma-noveho-reditele","status":"publish","type":"post","link":"https:\/\/kehila-olomouc.cz\/rs\/8735\/pamatnik-terezin-ma-noveho-reditele\/","title":{"rendered":"Pam\u00e1tn\u00edk Terez\u00edn m\u00e1 nov\u00e9ho \u0159editele"},"content":{"rendered":"<p style=\"text-align: justify;\">Ministr kultury vybral a jmenoval nov\u00e9ho \u0159editele st\u00e1tn\u00ed p\u0159\u00edsp\u011bvkov\u00e9 organizace Pam\u00e1tn\u00edk Terez\u00edn. Stal se j\u00edm dosavadn\u00ed vedouc\u00ed tamn\u00edho dokumenta\u010dn\u00edho odd\u011blen\u00ed Jan Roub\u00ednek, kter\u00fd 1. \u010dervence ve funkci nahrad\u00ed dlouholet\u00e9ho \u0159editele Jana Munka. Munk organizaci \u00fasp\u011b\u0161n\u011b vedl 27 let.<\/p>\n<p style=\"text-align: justify;\">TEREZ\u00cdN &#8211; Ministr kultury Daniel Herman se v p\u00e1tek 5. kv\u011btna z\u00fa\u010dastnil slavnostn\u00edho shrom\u00e1\u017ed\u011bn\u00ed k 70. v\u00fdro\u010d\u00ed zalo\u017een\u00ed Pam\u00e1tn\u00edku Terez\u00edn a na z\u00e1klad\u011b doporu\u010den\u00ed v\u00fdb\u011brov\u00e9 komise vybral a p\u0159i t\u00e9to p\u0159\u00edle\u017eitosti jmenoval Mgr. Jana Roub\u00ednka, B. A. nov\u00fdm \u0159editelem Pam\u00e1tn\u00edku Terez\u00edn. Jan Roub\u00ednek se funkce ujme 1. \u010dervence a vyst\u0159\u00edd\u00e1 v n\u00ed PhDr. Jana Munka, CSc., jen\u017e funkci zast\u00e1val dlouh\u00fdch 27 let a vzhledem ke sv\u00e9mu pokro\u010dil\u00e9mu v\u011bku po\u017e\u00e1dal ministra, aby ho z funkce \u0159editele uvolnil.<\/p>\n<p style=\"text-align: justify;\">\u201eD\u011bkuji pan \u0159editeli Munkovi za dlouholetou, skv\u011blou pr\u00e1ci, kterou zde odvedl. V\u0161ichni vid\u00edme a v\u00edme, \u017ee d\u00edlo, kter\u00e9 zde vytvo\u0159il, je obdivuhodn\u00e9. Panu magistru Roub\u00ednkovi p\u0159eji hodn\u011b sil, energie, dobr\u00e9 v\u016fle a dobr\u00fdch spolupracovn\u00edk\u016f,\u201c uvedl v Terez\u00edn\u011b Daniel Herman. Jan Roub\u00ednek ve sv\u00e9 kr\u00e1tk\u00e9 \u0159e\u010di v n\u00e1vaznosti na sv\u00e9 jmenov\u00e1n\u00ed uvedl, \u017ee svou roli p\u0159ij\u00edm\u00e1 se v\u0161\u00ed v\u00e1\u017enost\u00ed a sl\u00edbil mimo jin\u00e9, \u017ee nikdy v budoucnu, coby \u0159editel Pam\u00e1tn\u00edku, nep\u0159ipust\u00ed, aby se tato v\u00e1\u017een\u00e1 instituce stala n\u00e1strojem politick\u00e9ho boje, jak se st\u00e1valo v dob\u00e1ch komunistick\u00e9 totality.<\/p>\n<p style=\"text-align: justify;\">P\u011bta\u010dty\u0159icetilet\u00fd Jan Roub\u00ednek vystudoval v\u0161eobecnou historii a historii Bl\u00edzk\u00e9ho v\u00fdchodu na telavivsk\u00e9 univerzit\u011b v Izraeli a historii na Filozofick\u00e9 fakult\u011b Univerzity Karlovy v Praze. Zde se tak\u00e9 p\u0159ipravuje na slo\u017een\u00ed st\u00e1tn\u00ed rigor\u00f3zn\u00ed zkou\u0161ky. Sv\u016fj dosavadn\u00ed profesn\u00ed \u017eivot str\u00e1vil Roub\u00ednek v r\u016fzn\u00fdch pozic\u00edch ve Velk\u00e9 Brit\u00e1nii a ve Francii, v Pam\u00e1tn\u00edku Terez\u00edn pracuje od roku 2011, nyn\u00ed v pozici vedouc\u00edho dokumenta\u010dn\u00edho odd\u011blen\u00ed. Je \u010dlenem reprezentace \u017didovsk\u00e9 obce v Praze. Plynule, krom\u011b mate\u0159sk\u00e9 \u010de\u0161tiny, ovl\u00e1d\u00e1 tak\u00e9 hebrej\u0161tinu, angli\u010dtinu a ru\u0161tinu. Je \u017eenat\u00fd a m\u00e1 dv\u011b d\u011bti.<\/p>\n<p>V Terez\u00edn\u011b 9. kv\u011btna 2017<\/p>\n<p>Mgr. Tom\u00e1\u0161 Rieger<br \/>\nvedouc\u00ed odd\u011blen\u00ed vn\u011bj\u0161\u00edch vztah\u016f a marketingu<\/p>\n<p>Kontakty pro m\u00e9dia:<br \/>\nTom\u00e1\u0161 Rieger, tiskov\u00fd mluv\u010d\u00ed<br \/>\nmobil: 606 333 900, e-mail: <a href=\"mailto:press@pamatnik-terezin.cz\">press@pamatnik-terezin.cz<\/a><\/p>\n<p>Jan Roub\u00ednek, vedouc\u00ed dokumenta\u010dn\u00edho odd.<br \/>\nmobil: 416 724 550, e-mail: <a href=\"mailto:roubinek@pamatnik-terezin.cz\">roubinek@pamatnik-terezin.cz<\/a><\/p>\n<p><a href=\"http:\/\/kehila-olomouc.cz\/rs\/wp-content\/uploads\/logo-Terez\u00edn.jpg\"><img loading=\"lazy\" decoding=\"async\" class=\"aligncenter  wp-image-8736\" src=\"http:\/\/kehila-olomouc.cz\/rs\/wp-content\/uploads\/logo-Terez\u00edn.jpg\" alt=\"logo Terez\u00edn\" width=\"270\" height=\"137\" srcset=\"https:\/\/kehila-olomouc.cz\/rs\/wp-content\/uploads\/logo-Terez\u00edn.jpg 2438w, https:\/\/kehila-olomouc.cz\/rs\/wp-content\/uploads\/logo-Terez\u00edn-300x153.jpg 300w, https:\/\/kehila-olomouc.cz\/rs\/wp-content\/uploads\/logo-Terez\u00edn-768x391.jpg 768w, https:\/\/kehila-olomouc.cz\/rs\/wp-content\/uploads\/logo-Terez\u00edn-1024x521.jpg 1024w\" sizes=\"(max-width: 270px) 100vw, 270px\" \/><\/a><\/p>\n","protected":false},"excerpt":{"rendered":"<p>Ministr kultury vybral a jmenoval nov\u00e9ho \u0159editele st\u00e1tn\u00ed p\u0159\u00edsp\u011bvkov\u00e9 organizace Pam\u00e1tn\u00edk Terez\u00edn. Stal se j\u00edm dosavadn\u00ed vedouc\u00ed tamn\u00edho dokumenta\u010dn\u00edho odd\u011blen\u00ed Jan Roub\u00ednek, kter\u00fd 1. \u010dervence ve funkci nahrad\u00ed dlouholet\u00e9ho \u0159editele Jana Munka. Munk organizaci \u00fasp\u011b\u0161n\u011b vedl 27 let&#8230;.<\/p>\n","protected":false},"author":3,"featured_media":0,"comment_status":"closed","ping_status":"closed","sticky":false,"template":"","format":"standard","meta":{"ngg_post_thumbnail":0,"footnotes":""},"categories":[4],"tags":[],"class_list":["post-8735","post","type-post","status-publish","format-standard","hentry","category-featured"],"_links":{"self":[{"href":"https:\/\/kehila-olomouc.cz\/rs\/wp-json\/wp\/v2\/posts\/8735"}],"collection":[{"href":"https:\/\/kehila-olomouc.cz\/rs\/wp-json\/wp\/v2\/posts"}],"about":[{"href":"https:\/\/kehila-olomouc.cz\/rs\/wp-json\/wp\/v2\/types\/post"}],"author":[{"embeddable":true,"href":"https:\/\/kehila-olomouc.cz\/rs\/wp-json\/wp\/v2\/users\/3"}],"replies":[{"embeddable":true,"href":"https:\/\/kehila-olomouc.cz\/rs\/wp-json\/wp\/v2\/comments?post=8735"}],"version-history":[{"count":1,"href":"https:\/\/kehila-olomouc.cz\/rs\/wp-json\/wp\/v2\/posts\/8735\/revisions"}],"predecessor-version":[{"id":8738,"href":"https:\/\/kehila-olomouc.cz\/rs\/wp-json\/wp\/v2\/posts\/8735\/revisions\/8738"}],"wp:attachment":[{"href":"https:\/\/kehila-olomouc.cz\/rs\/wp-json\/wp\/v2\/media?parent=8735"}],"wp:term":[{"taxonomy":"category","embeddable":true,"href":"https:\/\/kehila-olomouc.cz\/rs\/wp-json\/wp\/v2\/categories?post=8735"},{"taxonomy":"post_tag","embeddable":true,"href":"https:\/\/kehila-olomouc.cz\/rs\/wp-json\/wp\/v2\/tags?post=8735"}],"curies":[{"name":"wp","href":"https:\/\/api.w.org\/{rel}","templated":true}]}}