{"id":8718,"date":"2017-04-06T22:34:18","date_gmt":"2017-04-06T20:34:18","guid":{"rendered":"http:\/\/kehila-olomouc.cz\/rs\/?p=8718"},"modified":"2017-04-06T22:37:03","modified_gmt":"2017-04-06T20:37:03","slug":"den-vzpominani-na-obeti-holocaustu-3","status":"publish","type":"post","link":"https:\/\/kehila-olomouc.cz\/rs\/8718\/den-vzpominani-na-obeti-holocaustu-3\/","title":{"rendered":"Den vzpom\u00edn\u00e1n\u00ed na ob\u011bti holocaustu"},"content":{"rendered":"<p style=\"text-align: justify;\"><strong>24.4. Olomouc Horn\u00ed n\u00e1m\u011bst\u00ed od 14:00<\/strong>. Od \u010d\u00edsel ke jm\u00e9n\u016fm &#8211; od jmen k p\u0159\u00edb\u011bh\u016fm.&nbsp;V\u011bt\u0161ina \u017eidovsk\u00fdch a romsk\u00fdch obyvatel se kv\u016fli holocaustu ztratila z na\u0161\u00ed spole\u010dnosti, z dom\u016f v sousedstv\u00ed, ze \u0161kol, zam\u011bstn\u00e1n\u00ed, obchod\u016f, kulturn\u00edch instituc\u00ed a \u0159ady dal\u0161\u00edch m\u00edst. Po v\u011bt\u0161in\u011b z nich n\u00e1m zbyla jen transportn\u00ed nebo v\u011bze\u0148sk\u00e1 \u010d\u00edsla, kter\u00fdmi nacisti\u010dt\u00ed d\u016fstojn\u00edci a \u00fa\u0159edn\u00edci pop\u0159eli jejich lidskou d\u016fstojnost. Ji\u017e v\u00edce&nbsp;ne\u017e dvacet let se mnoho organizac\u00ed i jednotlivc\u016f \u2013 sna\u017e\u00ed vracet ob\u011btem jm\u00e9na, k mnoha z nich se poda\u0159ilo naj\u00edt dal\u0161\u00ed \u00fadaje. N\u011bkter\u00fdm dok\u00e1\u017eeme&nbsp;vr\u00e1tit tv\u00e1\u0159, ale jen u zlomku z nich se da\u0159\u00ed rekonstruovat \u017eivotn\u00ed p\u0159\u00edb\u011bh. Dnes, po v\u00edce ne\u017e dvaceti letech usilovn\u00e9 pr\u00e1ce, existuje \u0159ada pam\u011btn\u00edch knih, webov\u00fdch str\u00e1nek, datab\u00e1z\u00ed u n\u00e1s i v zahrani\u010d\u00ed. Jak\u00e9 to jsou? Jak\u00e9 informace obsahuj\u00ed? A jak v nich hledat? M\u016f\u017eeme se zku\u0161enostmi z dokumentace ob\u011bt\u00ed holocaustu-\u0161oa p\u0159isp\u011bt k dokumentaci ob\u011bt\u00ed romsk\u00e9ho&nbsp;holocaustu?&nbsp;Poj\u010fme spole\u010dn\u011b symbolicky vr\u00e1tit ob\u011bti bezpr\u00e1v\u00ed do na\u0161\u00ed spole\u010dn\u00e9 pam\u011bti ve\u0159ejnou vzpom\u00ednkou \u2013 p\u0159e\u010dten\u00edm jejich jmen.&nbsp;Ka\u017ed\u00fd, kdo p\u0159ijde, obdr\u017e\u00ed seznam n\u011bkolika jmen se stru\u010dn\u00fdmi osobn\u00edmi \u00fadaji. Jm\u00e9na pak m\u016f\u017ee dle sv\u00e9ho uv\u00e1\u017een\u00ed ve\u0159ejn\u011b p\u0159e\u010d\u00edst. K akci je mo\u017en\u00e9&nbsp;se p\u0159ipojit kdykoli v jej\u00edm pr\u016fb\u011bhu.<\/p>\n<p style=\"text-align: justify;\">Akce se kon\u00e1 pod z\u00e1\u0161titou ministra kultury&nbsp;Daniela Hermana a PhDr. Pavla Urb\u00e1\u0161ka, n\u00e1m\u011bstka&nbsp;prim\u00e1tora statut\u00e1rn\u00edho m\u011bsta Olomouc.<\/p>\n<p style=\"text-align: justify;\"><a href=\"http:\/\/kehila-olomouc.cz\/rs\/wp-content\/uploads\/jom-hasoa-2017.jpg\"><img loading=\"lazy\" decoding=\"async\" class=\"aligncenter wp-image-8721\" src=\"http:\/\/kehila-olomouc.cz\/rs\/wp-content\/uploads\/jom-hasoa-2017.jpg\" alt=\"jom hasoa 2017\" width=\"545\" height=\"762\" srcset=\"https:\/\/kehila-olomouc.cz\/rs\/wp-content\/uploads\/jom-hasoa-2017.jpg 1097w, https:\/\/kehila-olomouc.cz\/rs\/wp-content\/uploads\/jom-hasoa-2017-215x300.jpg 215w, https:\/\/kehila-olomouc.cz\/rs\/wp-content\/uploads\/jom-hasoa-2017-768x1074.jpg 768w, https:\/\/kehila-olomouc.cz\/rs\/wp-content\/uploads\/jom-hasoa-2017-732x1024.jpg 732w\" sizes=\"(max-width: 545px) 100vw, 545px\" \/><\/a><\/p>\n","protected":false},"excerpt":{"rendered":"<p style=\"text-align: justify;\"><strong>24.4. Olomouc Horn\u00ed n\u00e1m\u011bst\u00ed od 14:00<\/strong>. Od \u010d\u00edsel ke jm\u00e9n\u016fm &#8211; od jmen k p\u0159\u00edb\u011bh\u016fm.&nbsp;V\u011bt\u0161ina \u017eidovsk\u00fdch a romsk\u00fdch obyvatel se kv\u016fli holocaustu ztratila z na\u0161\u00ed spole\u010dnosti, z dom\u016f v sousedstv\u00ed, ze \u0161kol, zam\u011bstn\u00e1n\u00ed, obchod\u016f, kulturn\u00edch instituc\u00ed a \u0159ady dal\u0161\u00edch m\u00edst. Po v\u011bt\u0161in\u011b z nich n\u00e1m zbyla jen transportn\u00ed nebo v\u011bze\u0148sk\u00e1 \u010d\u00edsla, kter\u00fdmi nacisti\u010dt\u00ed d\u016fstojn\u00edci a \u00fa\u0159edn\u00edci pop\u0159eli jejich lidskou d\u016fstojnost. Ji\u017e v\u00edce&nbsp;ne\u017e dvacet let se mnoho organizac\u00ed i jednotlivc\u016f \u2013 sna\u017e\u00ed vracet ob\u011btem jm\u00e9na, k mnoha z nich se poda\u0159ilo naj\u00edt dal\u0161\u00ed \u00fadaje. N\u011bkter\u00fdm dok\u00e1\u017eeme&nbsp;vr\u00e1tit tv\u00e1\u0159, ale jen u zlomku z nich se da\u0159\u00ed rekonstruovat \u017eivotn\u00ed p\u0159\u00edb\u011bh. Dnes, po v\u00edce ne\u017e dvaceti letech &#8230;..<\/p>\n","protected":false},"author":3,"featured_media":0,"comment_status":"closed","ping_status":"closed","sticky":false,"template":"","format":"standard","meta":{"ngg_post_thumbnail":0,"footnotes":""},"categories":[4],"tags":[],"class_list":["post-8718","post","type-post","status-publish","format-standard","hentry","category-featured"],"_links":{"self":[{"href":"https:\/\/kehila-olomouc.cz\/rs\/wp-json\/wp\/v2\/posts\/8718"}],"collection":[{"href":"https:\/\/kehila-olomouc.cz\/rs\/wp-json\/wp\/v2\/posts"}],"about":[{"href":"https:\/\/kehila-olomouc.cz\/rs\/wp-json\/wp\/v2\/types\/post"}],"author":[{"embeddable":true,"href":"https:\/\/kehila-olomouc.cz\/rs\/wp-json\/wp\/v2\/users\/3"}],"replies":[{"embeddable":true,"href":"https:\/\/kehila-olomouc.cz\/rs\/wp-json\/wp\/v2\/comments?post=8718"}],"version-history":[{"count":7,"href":"https:\/\/kehila-olomouc.cz\/rs\/wp-json\/wp\/v2\/posts\/8718\/revisions"}],"predecessor-version":[{"id":8727,"href":"https:\/\/kehila-olomouc.cz\/rs\/wp-json\/wp\/v2\/posts\/8718\/revisions\/8727"}],"wp:attachment":[{"href":"https:\/\/kehila-olomouc.cz\/rs\/wp-json\/wp\/v2\/media?parent=8718"}],"wp:term":[{"taxonomy":"category","embeddable":true,"href":"https:\/\/kehila-olomouc.cz\/rs\/wp-json\/wp\/v2\/categories?post=8718"},{"taxonomy":"post_tag","embeddable":true,"href":"https:\/\/kehila-olomouc.cz\/rs\/wp-json\/wp\/v2\/tags?post=8718"}],"curies":[{"name":"wp","href":"https:\/\/api.w.org\/{rel}","templated":true}]}}