{"id":8533,"date":"2016-08-30T22:57:14","date_gmt":"2016-08-30T20:57:14","guid":{"rendered":"http:\/\/kehila-olomouc.cz\/rs\/?p=8533"},"modified":"2016-09-02T14:58:41","modified_gmt":"2016-09-02T12:58:41","slug":"den-otevrenych-dveri-zidovske-obce-olomouc-4","status":"publish","type":"post","link":"https:\/\/kehila-olomouc.cz\/rs\/8533\/den-otevrenych-dveri-zidovske-obce-olomouc-4\/","title":{"rendered":"Den otev\u0159en\u00fdch dve\u0159\u00ed \u017didovsk\u00e9 obce Olomouc"},"content":{"rendered":"<p><strong>Ned\u011ble 11. z\u00e1\u0159\u00ed od 10 do 17 hodin<\/strong><br \/>\n15: 00 hod. Koncert skupiny Noach<\/p>\n<p style=\"text-align: justify;\">V r\u00e1mci Dn\u016f evropsk\u00e9ho d\u011bdictv\u00ed v Olomouci po\u0159\u00e1d\u00e1 \u017didovsk\u00e1 obec Olomouc tradi\u010dn\u00ed Den otev\u0159en\u00fdch dve\u0159\u00ed. Pro n\u00e1v\u0161t\u011bvn\u00edky budou p\u0159ipraven\u00e9 komentovan\u00e9 prohl\u00eddky synagogy a spole\u010densk\u00fdch prostor obce, vypr\u00e1v\u011bn\u00ed o \u017eidovsk\u00e9 liturgii a historii olomouck\u00fdch \u017did\u016f a tak\u00e9 p\u0159\u00edprava a pe\u010den\u00ed chaly. Zam\u011bstnanci obce tak\u00e9 ochotn\u011b zodpov\u00ed dotazy n\u00e1v\u0161t\u011bvn\u00edk\u016f. Na 15 hod. je p\u0159ipraven koncert vok\u00e1ln\u00ed skupiny Noach, kter\u00e1\u00a0 se v\u011bnuje interpretaci hebrejsk\u00fdch p\u00edsn\u00ed s d\u016frazem na p\u00edsn\u011b chasidsk\u00e9. V\u0161ichni jsou srde\u010dn\u011b zv\u00e1ni.<\/p>\n<p style=\"text-align: justify;\">V r\u00e1mci Dne otev\u0159en\u00fdch dve\u0159\u00ed bude prezentov\u00e1n panel Vzpom\u00ednky pan\u00ed Edity, kter\u00fd vznikl v r\u00e1mci projektu \u017didovsk\u00e9ho muzea Zmizel\u00ed soused\u00e9. Panel sestavili \u017e\u00e1ci FZ\u0160 a M\u0160 dr. M. Hor\u00e1kov\u00e9 Olomouc, pod pedagogick\u00fdm veden\u00edm PhDr.Lenky Crhov\u00e9. (s podporou spolku Cesta tam a zase zp\u00e1tky, z.s. Praha).<br \/>\n<a class=\"\" dir=\"ltr\" href=\"http:\/\/l.facebook.com\/l.php?u=http%3A%2F%2Fwww.zmizeli-sousede.cz%2F&amp;h=MAQGseqL8\" target=\"_blank\" rel=\"nofollow\">http:\/\/www.zmizeli-sousede.cz\/<\/a><\/p>\n<p style=\"text-align: justify;\"><a href=\"http:\/\/kehila-olomouc.cz\/rs\/wp-content\/uploads\/Den-otev\u0159en\u00fdch-dve\u0159\u00ed-2016.jpg\"><img loading=\"lazy\" decoding=\"async\" class=\"aligncenter wp-image-8534\" src=\"http:\/\/kehila-olomouc.cz\/rs\/wp-content\/uploads\/Den-otev\u0159en\u00fdch-dve\u0159\u00ed-2016-724x1024.jpg\" alt=\"Den otev\u0159en\u00fdch dve\u0159\u00ed 2016\" width=\"545\" height=\"771\" srcset=\"https:\/\/kehila-olomouc.cz\/rs\/wp-content\/uploads\/Den-otev\u0159en\u00fdch-dve\u0159\u00ed-2016-724x1024.jpg 724w, https:\/\/kehila-olomouc.cz\/rs\/wp-content\/uploads\/Den-otev\u0159en\u00fdch-dve\u0159\u00ed-2016-212x300.jpg 212w, https:\/\/kehila-olomouc.cz\/rs\/wp-content\/uploads\/Den-otev\u0159en\u00fdch-dve\u0159\u00ed-2016-768x1087.jpg 768w, https:\/\/kehila-olomouc.cz\/rs\/wp-content\/uploads\/Den-otev\u0159en\u00fdch-dve\u0159\u00ed-2016.jpg 1653w\" sizes=\"(max-width: 545px) 100vw, 545px\" \/><\/a><\/p>\n","protected":false},"excerpt":{"rendered":"<p><strong>Ned\u011ble 11. z\u00e1\u0159\u00ed od 10 do 17 hodin<\/strong> 15: 00 hod. Koncert skupiny Noach. V r\u00e1mci Dn\u016f evropsk\u00e9ho d\u011bdictv\u00ed v Olomouci po\u0159\u00e1d\u00e1 \u017didovsk\u00e1 obec Olomouc tradi\u010dn\u00ed Den otev\u0159en\u00fdch dve\u0159\u00ed. Pro n\u00e1v\u0161t\u011bvn\u00edky budou p\u0159ipraven\u00e9 komentovan\u00e9 prohl\u00eddky synagogy a spole\u010densk\u00fdch prostor obce, vypr\u00e1v\u011bn\u00ed o \u017eidovsk\u00e9 liturgii a historii olomouck\u00fdch \u017did\u016f a tak\u00e9 p\u0159\u00edprava a pe\u010den\u00ed chaly. Zam\u011bstnanci obce tak\u00e9 ochotn\u011b zodpov\u00ed dotazy n\u00e1v\u0161t\u011bvn\u00edk\u016f. Na 15 hod. je p\u0159ipraven koncert vok\u00e1ln\u00ed skupiny Noach, kter\u00e1  se v\u011bnuje interpretaci hebrejsk\u00fdch p\u00edsn\u00ed s d\u016frazem na p\u00edsn\u011b chasidsk\u00e9&#8230;<\/p>\n","protected":false},"author":3,"featured_media":0,"comment_status":"closed","ping_status":"closed","sticky":false,"template":"","format":"standard","meta":{"ngg_post_thumbnail":0,"footnotes":""},"categories":[4],"tags":[],"class_list":["post-8533","post","type-post","status-publish","format-standard","hentry","category-featured"],"_links":{"self":[{"href":"https:\/\/kehila-olomouc.cz\/rs\/wp-json\/wp\/v2\/posts\/8533"}],"collection":[{"href":"https:\/\/kehila-olomouc.cz\/rs\/wp-json\/wp\/v2\/posts"}],"about":[{"href":"https:\/\/kehila-olomouc.cz\/rs\/wp-json\/wp\/v2\/types\/post"}],"author":[{"embeddable":true,"href":"https:\/\/kehila-olomouc.cz\/rs\/wp-json\/wp\/v2\/users\/3"}],"replies":[{"embeddable":true,"href":"https:\/\/kehila-olomouc.cz\/rs\/wp-json\/wp\/v2\/comments?post=8533"}],"version-history":[{"count":9,"href":"https:\/\/kehila-olomouc.cz\/rs\/wp-json\/wp\/v2\/posts\/8533\/revisions"}],"predecessor-version":[{"id":8544,"href":"https:\/\/kehila-olomouc.cz\/rs\/wp-json\/wp\/v2\/posts\/8533\/revisions\/8544"}],"wp:attachment":[{"href":"https:\/\/kehila-olomouc.cz\/rs\/wp-json\/wp\/v2\/media?parent=8533"}],"wp:term":[{"taxonomy":"category","embeddable":true,"href":"https:\/\/kehila-olomouc.cz\/rs\/wp-json\/wp\/v2\/categories?post=8533"},{"taxonomy":"post_tag","embeddable":true,"href":"https:\/\/kehila-olomouc.cz\/rs\/wp-json\/wp\/v2\/tags?post=8533"}],"curies":[{"name":"wp","href":"https:\/\/api.w.org\/{rel}","templated":true}]}}