{"id":8022,"date":"2016-05-25T00:24:27","date_gmt":"2016-05-24T22:24:27","guid":{"rendered":"http:\/\/kehila-olomouc.cz\/rs\/?p=8022"},"modified":"2016-05-25T00:25:01","modified_gmt":"2016-05-24T22:25:01","slug":"koncert-shirim-ashirim-synagoga-krnov","status":"publish","type":"post","link":"https:\/\/kehila-olomouc.cz\/rs\/8022\/koncert-shirim-ashirim-synagoga-krnov\/","title":{"rendered":"Koncert Shirim Ashirim &#8211; synagoga Krnov"},"content":{"rendered":"<p style=\"text-align: justify;\"><a href=\"http:\/\/kehila-olomouc.cz\/rs\/wp-content\/uploads\/0001-1.jpg\" rel=\"attachment wp-att-8023\"><img loading=\"lazy\" decoding=\"async\" class=\"alignleft wp-image-8023 size-medium\" src=\"http:\/\/kehila-olomouc.cz\/rs\/wp-content\/uploads\/0001-1-212x300.jpg\" alt=\"0001\" width=\"212\" height=\"300\" srcset=\"https:\/\/kehila-olomouc.cz\/rs\/wp-content\/uploads\/0001-1-212x300.jpg 212w, https:\/\/kehila-olomouc.cz\/rs\/wp-content\/uploads\/0001-1-768x1086.jpg 768w, https:\/\/kehila-olomouc.cz\/rs\/wp-content\/uploads\/0001-1-724x1024.jpg 724w\" sizes=\"(max-width: 212px) 100vw, 212px\" \/><\/a>Krnovsk\u00e1 synagoga se <strong>v\u00a0p\u00e1tek 27. kv\u011btna 2016 v\u00a018.00 hodin<\/strong> otev\u0159e festivalu Setk\u00e1n\u00ed s\u00a0duchovn\u00ed hudbou Krnov 2016 koncertem\u00a0 pra\u017esk\u00e9 hudebn\u00ed skupiny <strong>Shirim Ashirim<\/strong>. Jej\u00ed reperto\u00e1r tvo\u0159\u00ed sou\u010dasn\u00e9 hebrejsk\u00e9 p\u00edsn\u011b a chvalozp\u011bvy. Z\u00e1kladem jsou p\u0159ev\u00e1\u017en\u011b biblick\u00e9 texty, ale tak\u00e9 nap\u0159. modlitby ze Siduru.\u00a0 Skupina vznikla v\u00a0roce 2012. Dnes ji tvo\u0159\u00ed p\u011bt vynikaj\u00edc\u00edch hudebn\u00edk\u016f:\u00a0 zakladatelka <strong>Ren\u00e1ta Ulmannov\u00e1<\/strong>, krnovsk\u00e1 roda\u010dka, \u00a0\u010dlenka b\u00fdval\u00e9 skupiny Simeon, z jej\u00ed\u017e projektu Shirim Ashirim vych\u00e1z\u00ed, zp\u011bva\u010dka a houslistka, \u010derp\u00e1 ze zku\u0161enost\u00ed v hudebn\u00edch skupin\u00e1ch orientuj\u00edc\u00edch se na renesan\u010dn\u00ed a lidovou hudbu, swing, folk a tak\u00e9 ze studia hebrej\u0161tiny. Skladatel a multiinstrumentaliska <strong>Tom\u00e1\u0161 Najbrt<\/strong> je specialista na loutny, kytary a barokn\u00ed hudbu, \u00a0hraje na historick\u00e9 a lidov\u00e9 n\u00e1stroje. <strong>Daniel Matul\u00edk<\/strong> je profesion\u00e1ln\u00ed baskytarista se \u0161irok\u00fdm spektrem z\u00e1jm\u016f a zku\u0161enost\u00ed v rocku a popu. <strong>Michaela \u0160vorc<\/strong> je je\u0161t\u011b studentkou na Konzervato\u0159i Jaroslava Je\u017eka, hraje na\u00a0 p\u0159\u00ed\u010dnou fl\u00e9tnu. <strong>Tom\u00e1\u0161 Knotek<\/strong> je profesion\u00e1ln\u00ed hudebn\u00edk, kter\u00fd hraje na bic\u00ed v n\u011bkolika hudebn\u00edch kapel\u00e1ch, nap\u0159. The Spankers, Circus Problem aj. \u00a0V\u00a0roce 2014 vydali sv\u00e9 prvn\u00ed CD, ve kter\u00e9m spojili exoti\u010dnost a libozvu\u010dnost hebrejsk\u00e9ho jazyka s\u00a0tradi\u010dn\u00edmi a historick\u00fdmi hudebn\u00edmi n\u00e1stroji i modern\u00edmi prvky. (Uk\u00e1zky z alba Shirim Ashirim, kter\u00e9 vydala Rosa, si m\u016f\u017eete poslechnout na str\u00e1nce <a href=\"http:\/\/www.shirimashirim.cz\">www.shirimashirim.cz<\/a>.)\u00a0Mnoz\u00ed Krnovan\u00e9 si jist\u011b pamatuj\u00ed vystoupen\u00ed t\u00e9to skupiny (tehdy je\u0161t\u011b tria) v\u00a0hudebn\u00edch programech slavnostn\u00edho otev\u0159en\u00ed Krnovsk\u00e9 synagogy po t\u00e9m\u011b\u0159 \u010dty\u0159let\u00e9 rekonstrukci <strong>13. \u010dervna 2014. Vstupn\u00e9 je dobrovoln\u00e9. Srde\u010dn\u011b zvou organiz\u00e1to\u0159i Spolek Flemmichovka a Hudebn\u00ed sdru\u017een\u00ed Krnov. Koncert se kon\u00e1 s\u00a0podporou M\u011bsta Krnova.<\/strong><\/p>\n","protected":false},"excerpt":{"rendered":"<div style=\\\"text-align:justify;\\\">Krnovsk\u00e1 synagoga se v\u00a0p\u00e1tek 27. kv\u011btna 2016 v\u00a018.00 hodin otev\u0159e festivalu Setk\u00e1n\u00ed s\u00a0duchovn\u00ed hudbou Krnov 2016 koncertem\u00a0 pra\u017esk\u00e9 hudebn\u00ed skupiny Shirim Ashirim. Jej\u00ed reperto\u00e1r tvo\u0159\u00ed sou\u010dasn\u00e9 hebrejsk\u00e9 p\u00edsn\u011b a chvalozp\u011bvy. Z\u00e1kladem jsou p\u0159ev\u00e1\u017en\u011b biblick\u00e9 texty, ale tak\u00e9 nap\u0159. modlitby ze Siduru.\u00a0 Skupina vznikla v\u00a0roce 2012. Dnes ji tvo\u0159\u00ed p\u011bt vynikaj\u00edc\u00edch hudebn\u00edk\u016f:\u00a0 zakladatelka Ren\u00e1ta Ulmannov\u00e1, krnovsk\u00e1 roda\u010dka, \u00a0\u010dlenka b\u00fdval\u00e9 skupiny Simeon, z jej\u00ed\u017e projektu Shirim Ashirim vych\u00e1z\u00ed, zp\u011bva\u010dka a houslistka, \u010derp\u00e1 ze zku\u0161enost\u00ed v hudebn\u00edch skupin\u00e1ch orientuj\u00edc\u00edch se na renesan\u010dn\u00ed a lidovou hudbu, swing, folk a tak\u00e9 ze studia hebrej\u0161tiny. Skladatel &#8230;<\/div>\n","protected":false},"author":3,"featured_media":0,"comment_status":"closed","ping_status":"closed","sticky":false,"template":"","format":"standard","meta":{"ngg_post_thumbnail":0,"footnotes":""},"categories":[4],"tags":[],"class_list":["post-8022","post","type-post","status-publish","format-standard","hentry","category-featured"],"_links":{"self":[{"href":"https:\/\/kehila-olomouc.cz\/rs\/wp-json\/wp\/v2\/posts\/8022"}],"collection":[{"href":"https:\/\/kehila-olomouc.cz\/rs\/wp-json\/wp\/v2\/posts"}],"about":[{"href":"https:\/\/kehila-olomouc.cz\/rs\/wp-json\/wp\/v2\/types\/post"}],"author":[{"embeddable":true,"href":"https:\/\/kehila-olomouc.cz\/rs\/wp-json\/wp\/v2\/users\/3"}],"replies":[{"embeddable":true,"href":"https:\/\/kehila-olomouc.cz\/rs\/wp-json\/wp\/v2\/comments?post=8022"}],"version-history":[{"count":2,"href":"https:\/\/kehila-olomouc.cz\/rs\/wp-json\/wp\/v2\/posts\/8022\/revisions"}],"predecessor-version":[{"id":8026,"href":"https:\/\/kehila-olomouc.cz\/rs\/wp-json\/wp\/v2\/posts\/8022\/revisions\/8026"}],"wp:attachment":[{"href":"https:\/\/kehila-olomouc.cz\/rs\/wp-json\/wp\/v2\/media?parent=8022"}],"wp:term":[{"taxonomy":"category","embeddable":true,"href":"https:\/\/kehila-olomouc.cz\/rs\/wp-json\/wp\/v2\/categories?post=8022"},{"taxonomy":"post_tag","embeddable":true,"href":"https:\/\/kehila-olomouc.cz\/rs\/wp-json\/wp\/v2\/tags?post=8022"}],"curies":[{"name":"wp","href":"https:\/\/api.w.org\/{rel}","templated":true}]}}