{"id":8004,"date":"2016-04-08T10:10:25","date_gmt":"2016-04-08T08:10:25","guid":{"rendered":"http:\/\/kehila-olomouc.cz\/rs\/?p=8004"},"modified":"2016-04-08T10:13:26","modified_gmt":"2016-04-08T08:13:26","slug":"den-vzpominani-na-obeti-holocaustu-2","status":"publish","type":"post","link":"https:\/\/kehila-olomouc.cz\/rs\/8004\/den-vzpominani-na-obeti-holocaustu-2\/","title":{"rendered":"Den vzpom\u00edn\u00e1n\u00ed na ob\u011bti holocaustu"},"content":{"rendered":"<p style=\"text-align: justify;\"><strong><a href=\"http:\/\/kehila-olomouc.cz\/rs\/wp-content\/uploads\/Jom-ha\u0161oa-2016.jpg\" rel=\"attachment wp-att-8005\"><img loading=\"lazy\" decoding=\"async\" class=\"alignleft wp-image-8005 \" src=\"http:\/\/kehila-olomouc.cz\/rs\/wp-content\/uploads\/Jom-ha\u0161oa-2016-212x300.jpg\" alt=\"Jom ha\u0161oa 2016\" width=\"256\" height=\"345\" \/><\/a>5.5. Olomouc Horn\u00ed n\u00e1m\u011bst\u00ed od 14:00<\/strong>. P\u0159ipojte se k n\u00e1m na n\u00e1m\u011bst\u00edch jeden\u00e1cti\u00a0\u010desk\u00fdch a moravsk\u00fdch m\u011bst a p\u0159e\u010dt\u011bte n\u011bkolik jmen a stru\u010dn\u00fdch osud\u016f \u017eidovsk\u00fdch a romsk\u00fdch ob\u011bt\u00ed nacistick\u00e9 perzekuce. V\u00a0Izraeli je od roku 1953 Den vzpom\u00edn\u00e1n\u00ed na ob\u011bti holocaustu \u00a0ofici\u00e1ln\u00ed vzpom\u00ednkou na miliony \u017did\u016f zavra\u017ed\u011bn\u00fdch b\u011bhem holocaustu, na\u00a0na dv\u011b minuty zn\u011bj\u00ed sir\u00e9ny a zastavuje\u00a0se \u017eivot. Tak\u00e9 si p\u0159ipom\u00edn\u00e1me \u017eidovsk\u00e9 hrdiny, kte\u0159\u00ed vedli povst\u00e1n\u00ed v nacistick\u00e9m ghettu ve Var\u0161av\u011b v roce 1943.\u00a0\u00a0Kl\u00ed\u010dovou aktivitou Jom ha-\u0161oa v \u010cesk\u00e9 republice je \u010dten\u00ed jmen ob\u011bt\u00ed.<\/p>\n<p style=\"text-align: justify;\">Motto leto\u0161n\u00edho 11. ro\u010dn\u00edku akce v \u010cesk\u00e9 republice: \u201cJe rozd\u00edl mezi pasivn\u00edm dobrem a aktivn\u00edm dobrem. To druh\u00e9, dle m\u00e9ho n\u00e1zoru,\u00a0znamen\u00e1 v\u011bnovat \u010das a energii tomu, aby \u010dlov\u011bk zm\u00edrnil bolest a utrpen\u00ed. Vy\u017eaduje to, aby \u010dlov\u011bk \u0161el, vyhledal ty, ji\u017e trp\u00ed a jsou v ohro\u017een\u00ed;\u00a0nikoliv pouze \u017e\u00edt vzorn\u011b pasivn\u00edm zp\u016fsobem a nekonat zlo.\u201d (Nicholas Winton).<\/p>\n<p style=\"text-align: justify;\">V minulosti byla na\u0161e zem\u011b mnohokr\u00e1t sv\u011bdkem p\u0159\u00edchodu lid\u00ed ohro\u017een\u00fdch ve sv\u00fdch zem\u00edch na zdrav\u00ed, svobod\u011b a \u017eivot\u011b. Hledali zde\u00a0\u00fato\u010di\u0161t\u011b a bezpe\u010d\u00ed. V obdob\u00ed, kter\u00e9 p\u0159edch\u00e1zelo samotn\u00e9mu holocaustu-\u0161oa, to byli uprchl\u00edci z N\u011bmecka, pozd\u011bji z nacisty okupovan\u00fdch\u00a0\u00fazem\u00ed. M\u016f\u017eeme naj\u00edt p\u0159\u00edklady lid\u00ed, kte\u0159\u00ed tehdy nab\u00eddli svou pomoc? A m\u016f\u017eeme se jimi inspirovat dnes?<\/p>\n<p style=\"text-align: justify;\">Akce se kon\u00e1 pod z\u00e1\u0161titou ministra pro lidsk\u00e1 pr\u00e1va, rovn\u00e9 p\u0159\u00edle\u017eitosti a legislativu Ji\u0159\u00edho Dienstbiera a prim\u00e1tora statut\u00e1rn\u00edho m\u011bsta Olomouc doc. Mgr. Anton\u00edna Sta\u0148ka, Ph. D.<\/p>\n<p style=\"text-align: justify;\"><a href=\"http:\/\/kehila-olomouc.cz\/rs\/wp-content\/uploads\/Pozvanka_Karta-A5_web-page-001.jpg\" rel=\"attachment wp-att-8006\"><img loading=\"lazy\" decoding=\"async\" class=\"aligncenter wp-image-8006 \" src=\"http:\/\/kehila-olomouc.cz\/rs\/wp-content\/uploads\/Pozvanka_Karta-A5_web-page-001-1024x721.jpg\" alt=\"Pozvanka_Karta A5_web-page-001\" width=\"548\" height=\"354\" \/><\/a> <a href=\"http:\/\/kehila-olomouc.cz\/rs\/wp-content\/uploads\/Pozvanka_Karta-A5_web-page-002.jpg\" rel=\"attachment wp-att-8007\"><img loading=\"lazy\" decoding=\"async\" class=\"aligncenter wp-image-8007 \" src=\"http:\/\/kehila-olomouc.cz\/rs\/wp-content\/uploads\/Pozvanka_Karta-A5_web-page-002-1024x722.jpg\" alt=\"Pozvanka_Karta A5_web-page-002\" width=\"549\" height=\"331\" \/><\/a><\/p>\n","protected":false},"excerpt":{"rendered":"<p><strong>5.5. Olomouc Horn\u00ed n\u00e1m\u011bst\u00ed od 14:00<\/strong>. P\u0159ipojte se k n\u00e1m na n\u00e1m\u011bst\u00edch jeden\u00e1cti\u00a0\u010desk\u00fdch a moravsk\u00fdch m\u011bst a p\u0159e\u010dt\u011bte n\u011bkolik jmen a stru\u010dn\u00fdch osud\u016f \u017eidovsk\u00fdch a romsk\u00fdch ob\u011bt\u00ed nacistick\u00e9 perzekuce. V\u00a0Izraeli je od roku 1953 Den vzpom\u00edn\u00e1n\u00ed na ob\u011bti holocaustu \u00a0ofici\u00e1ln\u00ed vzpom\u00ednkou na miliony \u017did\u016f zavra\u017ed\u011bn\u00fdch b\u011bhem holocaustu, na\u00a0na dv\u011b minuty zn\u011bj\u00ed sir\u00e9ny a zastavuje\u00a0se \u017eivot. Tak\u00e9 si p\u0159ipom\u00edn\u00e1me \u017eidovsk\u00e9 hrdiny, kte\u0159\u00ed vedli povst\u00e1n\u00ed v nacistick\u00e9m ghettu ve Var\u0161av\u011b v roce 1943.\u00a0\u00a0Kl\u00ed\u010dovou aktivitou Jom ha-\u0161oa v \u010cesk\u00e9 republice je \u010dten\u00ed jmen ob\u011bt\u00ed. <\/p>\n","protected":false},"author":3,"featured_media":0,"comment_status":"closed","ping_status":"closed","sticky":false,"template":"","format":"standard","meta":{"ngg_post_thumbnail":0,"footnotes":""},"categories":[4],"tags":[],"class_list":["post-8004","post","type-post","status-publish","format-standard","hentry","category-featured"],"_links":{"self":[{"href":"https:\/\/kehila-olomouc.cz\/rs\/wp-json\/wp\/v2\/posts\/8004"}],"collection":[{"href":"https:\/\/kehila-olomouc.cz\/rs\/wp-json\/wp\/v2\/posts"}],"about":[{"href":"https:\/\/kehila-olomouc.cz\/rs\/wp-json\/wp\/v2\/types\/post"}],"author":[{"embeddable":true,"href":"https:\/\/kehila-olomouc.cz\/rs\/wp-json\/wp\/v2\/users\/3"}],"replies":[{"embeddable":true,"href":"https:\/\/kehila-olomouc.cz\/rs\/wp-json\/wp\/v2\/comments?post=8004"}],"version-history":[{"count":4,"href":"https:\/\/kehila-olomouc.cz\/rs\/wp-json\/wp\/v2\/posts\/8004\/revisions"}],"predecessor-version":[{"id":8010,"href":"https:\/\/kehila-olomouc.cz\/rs\/wp-json\/wp\/v2\/posts\/8004\/revisions\/8010"}],"wp:attachment":[{"href":"https:\/\/kehila-olomouc.cz\/rs\/wp-json\/wp\/v2\/media?parent=8004"}],"wp:term":[{"taxonomy":"category","embeddable":true,"href":"https:\/\/kehila-olomouc.cz\/rs\/wp-json\/wp\/v2\/categories?post=8004"},{"taxonomy":"post_tag","embeddable":true,"href":"https:\/\/kehila-olomouc.cz\/rs\/wp-json\/wp\/v2\/tags?post=8004"}],"curies":[{"name":"wp","href":"https:\/\/api.w.org\/{rel}","templated":true}]}}