{"id":6553,"date":"2014-06-25T10:49:44","date_gmt":"2014-06-25T08:49:44","guid":{"rendered":"http:\/\/kehila-olomouc.cz\/rs\/?p=6553"},"modified":"2015-11-16T14:49:17","modified_gmt":"2015-11-16T12:49:17","slug":"vyjadreni-rabina-sidona-ke-slozeni-funkce-vrchniho-prazskeho-rabina","status":"publish","type":"post","link":"https:\/\/kehila-olomouc.cz\/rs\/6553\/vyjadreni-rabina-sidona-ke-slozeni-funkce-vrchniho-prazskeho-rabina\/","title":{"rendered":"Vyj\u00e1d\u0159en\u00ed rab\u00edna Sidona ke slo\u017een\u00ed funkce vrchn\u00edho pra\u017esk\u00e9ho rab\u00edna"},"content":{"rendered":"<p style=\"text-align: justify;\">Jak u\u017e bylo ozn\u00e1meno, slo\u017eil jsem k\u00a01. \u010dervenci tohoto roku funkci vrchn\u00edho pra\u017esk\u00e9ho rab\u00edna. Jakkoliv to na n\u011bkoho m\u016f\u017ee p\u016fsobit p\u0159ekvapiv\u011b, byl to krok, kter\u00fd jsem avizoval ji\u017e p\u0159ed lety a v\u00a0pra\u017esk\u00e9 \u017eidovsk\u00e9 komunit\u011b byl o\u010dek\u00e1van\u00fd. V\u00a0reprezentaci pra\u017esk\u00e9 obce byl dokonce projedn\u00e1v\u00e1n m\u016fj n\u00e1vrh, aby \u00fa\u0159ad vrchn\u00edho rab\u00edna p\u0159evzal izraelsk\u00fd rab\u00edn Menachem Kalchheim, kter\u00fd byl \u0159adu let m\u00fdm z\u00e1stupcem, ale n\u00e1vrh tehdy o dva hlasy nepro\u0161el, proto\u017ee v\u011bt\u0161in\u011b reprezentace p\u0159ipadal vhodn\u011bj\u0161\u00edm n\u00e1stupcem rab\u00edn David Peter, jen\u017e se na pr\u00e1ci rab\u00edna pro pra\u017eskou obec p\u0159ipravoval v Izraeli. Hned po jeho n\u00e1stupu jsem tak\u00e9 ozn\u00e1mil, \u017ee mu \u00fa\u0159ad p\u0159ed\u00e1m, a\u017e se zapracuje, a kdyby nebylo jin\u00fdch okolnost\u00ed, do\u0161lo by k\u00a0tomu stejn\u011b je\u0161t\u011b p\u0159ed Vysok\u00fdmi sv\u00e1tky.<\/p>\n<p style=\"text-align: justify;\">Okolnosti, kter\u00e9 m\u011b p\u0159im\u011bly p\u0159istoupit k\u00a0tomuto kroku nyn\u00ed, o p\u00e1r m\u011bs\u00edc\u016f d\u0159\u00edve, jsou d\u00e1ny t\u00edm, \u017ee kdy\u017e \u010dlov\u011bk bilancuje, nem\u016f\u017ee se vyhnout ani tomu, aby nebilancoval sv\u016fj soukrom\u00fd \u017eivot. P\u0159itom jsem bohu\u017eel zjistil, \u017ee jsem se pro sv\u00e9 zaujet\u00ed prac\u00ed pro obec a tak\u00e9 svou liter\u00e1rn\u00ed \u010dinnost\u00ed vyh\u00fdbal \u0159e\u0161en\u00ed probl\u00e9m\u016f pr\u00e1v\u011b v\u00a0soukrom\u00e9m \u017eivot\u011b, a je na \u010dase uv\u00e9st jej do relativn\u00ed harmonie se sebou sam\u00fdm. Bohu\u017eel jsem si neuv\u011bdomil, jak v\u00edtan\u00fdm \u00falovkem to bude pro lidi, kte\u0159\u00ed mne nemohou vyst\u00e1t a je\u0161t\u011b deset let pot\u00e9, co se pom\u011bry v\u00a0pra\u017esk\u00e9 \u017eidovsk\u00e9 obci op\u011bt uklidnily, mysl\u00ed na pomstu za tehdy prohranou partii. Smy\u0161lenky, kter\u00e9 p\u0159itom pou\u0161t\u011bj\u00ed do sv\u011bta, jsou tak vzd\u00e1leny skute\u010dnosti, \u017ee kdybych se pokou\u0161el je vyvracet, poskytoval bych zl\u00fdm jazyk\u016fm jen dal\u0161\u00ed materi\u00e1l. P\u0159esto jsem musel uznat, \u017ee \u010d\u00edm d\u0159\u00edve spln\u00edm jejich horouc\u00ed p\u0159\u00e1n\u00ed, t\u00edm rychleji snad cel\u00e1 af\u00e9ra s\u00a0vrchn\u00edm pra\u017esk\u00fdm rab\u00ednem vyprch\u00e1. Na tom jsem se tak\u00e9 dohodl s\u00a0p\u0159edsedou na\u0161eho rab\u00ednsk\u00e9ho soudu rabi Noachem Landsbergem s\u00a0t\u00edm, \u017ee se v\u00a0pra\u017esk\u00e9m rabin\u00e1tu budu d\u00e1le v\u011bnovat \u00fakol\u016fm, pro jejich\u017e v\u00fdkon m\u00e1m p\u0159edpoklady, a v\u00edce pozornosti a \u010dasu ne\u017e dosud budu moci vynalo\u017eit na \u00fa\u0159ad vrchn\u00edho zemsk\u00e9ho rab\u00edna a \u0161kolu.<\/p>\n<p style=\"text-align: justify;\">Na z\u00e1v\u011br mohu dodat jen to, \u017ee si nesm\u00edrn\u011b cen\u00edm p\u0159\u00edslu\u0161nosti k\u00a0pra\u017esk\u00e9 \u017eidovsk\u00e9 obci, a \u017ee dokonce ani v\u016f\u010di t\u011bm, kte\u0159\u00ed o mn\u011b \u0161\u00ed\u0159\u00ed pomluvy, nec\u00edt\u00edm z\u00e1\u0161\u0165. Je to pro mne jako pro v\u011bt\u0161inu z\u00a0n\u00e1s rodina, a tu si nevyb\u00edr\u00e1me.<\/p>\n<p>Efraim K. Sidon<\/p>\n","protected":false},"excerpt":{"rendered":"<div style=\\\"text-align:justify;\\\">Jak u\u017e bylo ozn\u00e1meno, slo\u017eil jsem k\u00a01. \u010dervenci tohoto roku funkci vrchn\u00edho pra\u017esk\u00e9ho rab\u00edna. Jakkoliv to na n\u011bkoho m\u016f\u017ee p\u016fsobit p\u0159ekvapiv\u011b, byl to krok, kter\u00fd jsem avizoval ji\u017e p\u0159ed lety a v\u00a0pra\u017esk\u00e9 \u017eidovsk\u00e9 komunit\u011b byl o\u010dek\u00e1van\u00fd. V\u00a0reprezentaci pra\u017esk\u00e9 obce byl dokonce projedn\u00e1v\u00e1n m\u016fj n\u00e1vrh, aby \u00fa\u0159ad vrchn\u00edho rab\u00edna p\u0159evzal izraelsk\u00fd rab\u00edn Menachem Kalchheim, kter\u00fd byl \u0159adu let m\u00fdm z\u00e1stupcem, ale n\u00e1vrh tehdy o dva hlasy nepro\u0161el, proto\u017ee v\u011bt\u0161in\u011b reprezentace p\u0159ipadal vhodn\u011bj\u0161\u00edm n\u00e1stupcem rab\u00edn David Peter, jen\u017e se na pr\u00e1ci rab\u00edna pro pra\u017eskou obec p\u0159ipravoval v Izraeli. Hned po jeho n\u00e1stupu &#8230;<\/div>\n","protected":false},"author":3,"featured_media":0,"comment_status":"closed","ping_status":"closed","sticky":false,"template":"","format":"standard","meta":{"ngg_post_thumbnail":0,"footnotes":""},"categories":[4],"tags":[],"class_list":["post-6553","post","type-post","status-publish","format-standard","hentry","category-featured"],"_links":{"self":[{"href":"https:\/\/kehila-olomouc.cz\/rs\/wp-json\/wp\/v2\/posts\/6553"}],"collection":[{"href":"https:\/\/kehila-olomouc.cz\/rs\/wp-json\/wp\/v2\/posts"}],"about":[{"href":"https:\/\/kehila-olomouc.cz\/rs\/wp-json\/wp\/v2\/types\/post"}],"author":[{"embeddable":true,"href":"https:\/\/kehila-olomouc.cz\/rs\/wp-json\/wp\/v2\/users\/3"}],"replies":[{"embeddable":true,"href":"https:\/\/kehila-olomouc.cz\/rs\/wp-json\/wp\/v2\/comments?post=6553"}],"version-history":[{"count":4,"href":"https:\/\/kehila-olomouc.cz\/rs\/wp-json\/wp\/v2\/posts\/6553\/revisions"}],"predecessor-version":[{"id":7518,"href":"https:\/\/kehila-olomouc.cz\/rs\/wp-json\/wp\/v2\/posts\/6553\/revisions\/7518"}],"wp:attachment":[{"href":"https:\/\/kehila-olomouc.cz\/rs\/wp-json\/wp\/v2\/media?parent=6553"}],"wp:term":[{"taxonomy":"category","embeddable":true,"href":"https:\/\/kehila-olomouc.cz\/rs\/wp-json\/wp\/v2\/categories?post=6553"},{"taxonomy":"post_tag","embeddable":true,"href":"https:\/\/kehila-olomouc.cz\/rs\/wp-json\/wp\/v2\/tags?post=6553"}],"curies":[{"name":"wp","href":"https:\/\/api.w.org\/{rel}","templated":true}]}}