{"id":6518,"date":"2014-04-07T20:36:36","date_gmt":"2014-04-07T18:36:36","guid":{"rendered":"http:\/\/kehila-olomouc.cz\/rs\/?p=6518"},"modified":"2015-11-16T14:49:17","modified_gmt":"2015-11-16T12:49:17","slug":"jom-ha-soa-v-olomouci-horni-namesti","status":"publish","type":"post","link":"https:\/\/kehila-olomouc.cz\/rs\/6518\/jom-ha-soa-v-olomouci-horni-namesti\/","title":{"rendered":"Jom ha-\u0161oa v Olomouci (Horn\u00ed n\u00e1m\u011bst\u00ed)"},"content":{"rendered":"<p style=\"text-align: justify;\">Den holocaustu a hrdinstv\u00ed, hebrejsky Jom ha-\u0161oa ve ha-gvura, je dnem, kdy se prost\u0159ednictv\u00edm ob\u010dansk\u00fdch a n\u00e1bo\u017eensk\u00fdch ob\u0159ad\u016f vzpom\u00edn\u00e1 na pam\u00e1tku \u0161esti milion\u016f zavra\u017ed\u011bn\u00fdch \u017did\u016f i na \u017eidovsk\u00e9 hrdiny bojuj\u00edc\u00ed proti nacist\u016fm, ale i na dal\u0161\u00ed ob\u011bti nacistick\u00e9ho rasov\u00e9ho pron\u00e1sledov\u00e1n\u00ed. V Praze se bude v tento den, v pond\u011bl\u00ed 28. dubna 2014, ji\u017e po dev\u00e1t\u00e9 konat ve\u0159ejn\u00e9 \u010dten\u00ed jmen ob\u011bt\u00ed holocaustu na n\u00e1m\u011bst\u00ed M\u00edru. Akci po\u0159\u00e1d\u00e1 Institut Terez\u00ednsk\u00e9 iniciativy a Nada\u010dn\u00ed fond ob\u011btem holocaustu. V leto\u0161n\u00edm roce se poprv\u00e9 k Praze p\u0159id\u00e1vaj\u00ed dal\u0161\u00ed m\u011bsta: Brno, Liberec, Kutn\u00e1 Hora a Olomouc. V Olomouci se jm\u00e9na zahynuv\u0161\u00edch ob\u010dan\u016f, kte\u0159\u00ed byli deportov\u00e1ni do koncentra\u010dn\u00edch t\u00e1bor\u016f z Olomouce, budou \u010d\u00edst <strong>28. dubna od 13 do 15 hodin<\/strong> na Horn\u00edm n\u00e1m\u011bst\u00ed. Ke \u010dten\u00ed zveme \u0161irokou ve\u0159ejnost, v\u0161echny, kter\u00fdm nen\u00ed\u00a0lhostejn\u00e1 ot\u00e1zka lidsk\u00fdch pr\u00e1v. Z\u00e1\u0161titu nad olomouckou p\u0159ipom\u00ednkou p\u0159evzali prim\u00e1tor JUDr. Martin Major a sen\u00e1tor Ing. Martin Tesa\u0159\u00edk. Pozv\u00e1ni jsou i p\u0159edstavitel\u00e9 a ob\u010dan\u00e9 okoln\u00edch m\u011bst a obc\u00ed. Propagaci zaji\u0161\u0165uje Iniciativa pro podporu vyp\u00e1len\u00fdch obc\u00ed. Tryzna za ob\u011bti holocaustu n\u00e1sleduje v 16 hodin v ob\u0159adn\u00ed s\u00edni \u017eidovsk\u00e9ho h\u0159bitova v Olomouci-Ne\u0159ed\u00edn\u011b.<\/p>\n<p style=\"text-align: center;\"><a href=\"http:\/\/kehila-olomouc.cz\/rs\/wp-content\/uploads\/jom_ha_soa_2014.jpg\"><img loading=\"lazy\" decoding=\"async\" class=\"aligncenter  wp-image-6520\" alt=\"jom_ha_soa_2014\" src=\"http:\/\/kehila-olomouc.cz\/rs\/wp-content\/uploads\/jom_ha_soa_2014-725x1024.jpg\" width=\"435\" height=\"614\" srcset=\"https:\/\/kehila-olomouc.cz\/rs\/wp-content\/uploads\/jom_ha_soa_2014-725x1024.jpg 725w, https:\/\/kehila-olomouc.cz\/rs\/wp-content\/uploads\/jom_ha_soa_2014-212x300.jpg 212w, https:\/\/kehila-olomouc.cz\/rs\/wp-content\/uploads\/jom_ha_soa_2014.jpg 795w\" sizes=\"(max-width: 435px) 100vw, 435px\" \/><\/a><\/p>\n","protected":false},"excerpt":{"rendered":"<div style=\\\"text-align:justify;\\\">Den holocaustu a hrdinstv\u00ed, hebrejsky Jom ha-\u0161oa ve ha-gvura, je dnem, kdy se prost\u0159ednictv\u00edm ob\u010dansk\u00fdch a n\u00e1bo\u017eensk\u00fdch ob\u0159ad\u016f vzpom\u00edn\u00e1 na pam\u00e1tku \u0161esti milion\u016f zavra\u017ed\u011bn\u00fdch \u017did\u016f i na \u017eidovsk\u00e9 hrdiny bojuj\u00edc\u00ed proti nacist\u016fm, ale i na dal\u0161\u00ed ob\u011bti nacistick\u00e9ho rasov\u00e9ho pron\u00e1sledov\u00e1n\u00ed. V Praze se bude v tento den, v pond\u011bl\u00ed 28. dubna 2014, ji\u017e po dev\u00e1t\u00e9 konat ve\u0159ejn\u00e9 \u010dten\u00ed jmen ob\u011bt\u00ed holocaustu na n\u00e1m\u011bst\u00ed M\u00edru. Akci po\u0159\u00e1d\u00e1 Institut Terez\u00ednsk\u00e9 iniciativy a Nada\u010dn\u00ed fond ob\u011btem holocaustu. V leto\u0161n\u00edm roce se poprv\u00e9 k Praze p\u0159id\u00e1vaj\u00ed dal\u0161\u00ed m\u011bsta: Brno, Liberec, Kutn\u00e1 Hora a Olomouc. &#8230;<\/div>\n","protected":false},"author":3,"featured_media":0,"comment_status":"closed","ping_status":"closed","sticky":false,"template":"","format":"standard","meta":{"ngg_post_thumbnail":0,"footnotes":""},"categories":[4],"tags":[],"class_list":["post-6518","post","type-post","status-publish","format-standard","hentry","category-featured"],"_links":{"self":[{"href":"https:\/\/kehila-olomouc.cz\/rs\/wp-json\/wp\/v2\/posts\/6518"}],"collection":[{"href":"https:\/\/kehila-olomouc.cz\/rs\/wp-json\/wp\/v2\/posts"}],"about":[{"href":"https:\/\/kehila-olomouc.cz\/rs\/wp-json\/wp\/v2\/types\/post"}],"author":[{"embeddable":true,"href":"https:\/\/kehila-olomouc.cz\/rs\/wp-json\/wp\/v2\/users\/3"}],"replies":[{"embeddable":true,"href":"https:\/\/kehila-olomouc.cz\/rs\/wp-json\/wp\/v2\/comments?post=6518"}],"version-history":[{"count":4,"href":"https:\/\/kehila-olomouc.cz\/rs\/wp-json\/wp\/v2\/posts\/6518\/revisions"}],"predecessor-version":[{"id":6523,"href":"https:\/\/kehila-olomouc.cz\/rs\/wp-json\/wp\/v2\/posts\/6518\/revisions\/6523"}],"wp:attachment":[{"href":"https:\/\/kehila-olomouc.cz\/rs\/wp-json\/wp\/v2\/media?parent=6518"}],"wp:term":[{"taxonomy":"category","embeddable":true,"href":"https:\/\/kehila-olomouc.cz\/rs\/wp-json\/wp\/v2\/categories?post=6518"},{"taxonomy":"post_tag","embeddable":true,"href":"https:\/\/kehila-olomouc.cz\/rs\/wp-json\/wp\/v2\/tags?post=6518"}],"curies":[{"name":"wp","href":"https:\/\/api.w.org\/{rel}","templated":true}]}}