{"id":6484,"date":"2014-01-08T21:19:48","date_gmt":"2014-01-08T19:19:48","guid":{"rendered":"http:\/\/kehila-olomouc.cz\/rs\/?p=6484"},"modified":"2015-11-16T14:49:17","modified_gmt":"2015-11-16T12:49:17","slug":"vzpominka-na-holocaust-zije-plakaty","status":"publish","type":"post","link":"https:\/\/kehila-olomouc.cz\/rs\/6484\/vzpominka-na-holocaust-zije-plakaty\/","title":{"rendered":"Vzpom\u00ednka na holocaust \u017eije &#8211; PLAK\u00c1TY"},"content":{"rendered":"<p><b>Vlastiv\u011bdn\u00e9 muzeum Olomouc<\/b><\/p>\n<div>\n<p><b>Vzpom\u00ednka na holocaust \u017eije &#8211; plak\u00e1ty<\/b><\/p>\n<\/div>\n<p><i>Plak\u00e1ty ke\u00a0Dni pam\u00e1tky ob\u011bt\u00ed holokaustu a p\u0159edch\u00e1zen\u00ed zlo\u010din\u016fm proti lidskosti (27. leden).<\/i><\/p>\n<p>V\u00fdstava bude zah\u00e1jena vernis\u00e1\u017e\u00ed <b>23. ledna 2014 v 17 hod.<\/b> v p\u0159\u00edzem\u00ed u Handkeho s\u00e1lu.<\/p>\n<p>Po\u0159\u00e1d\u00e1 \u017didovsk\u00e1 obec Olomouc<\/p>\n<p>Z\u00e1\u0161titu p\u0159evzal Ing. Petr Papou\u0161ek, p\u0159edseda Federace \u017eidovsk\u00fdch obc\u00ed \u010cR<\/p>\n<p style=\"text-align: justify;\"><a href=\"http:\/\/kehila-olomouc.cz\/rs\/wp-content\/uploads\/plakaty-1.jpg\"><img loading=\"lazy\" decoding=\"async\" class=\"alignleft size-full wp-image-6485\" alt=\"plakaty 1\" src=\"http:\/\/kehila-olomouc.cz\/rs\/wp-content\/uploads\/plakaty-1.jpg\" width=\"360\" height=\"505\" srcset=\"https:\/\/kehila-olomouc.cz\/rs\/wp-content\/uploads\/plakaty-1.jpg 360w, https:\/\/kehila-olomouc.cz\/rs\/wp-content\/uploads\/plakaty-1-213x300.jpg 213w\" sizes=\"(max-width: 360px) 100vw, 360px\" \/><\/a> Druh\u00fd ro\u010dn\u00edk plak\u00e1tov\u00e9 sout\u011b\u017e \u201eKeeping the Memory Alive\u201c je spole\u010dn\u00fdm projektem Yad Vashem (Izrael), Evropsk\u00e9ho institutu odkazu \u0161oa, o. p. s. (\u010cesk\u00e1 republika), The London Jewish Cultural Center (Velk\u00e1 Britanie), kanadsk\u00e9ho p\u0159edsednictv\u00ed v organizaci International Holocaust Remembrance Alliance (IHRA) a The Holocaust and United Nations Outreach Programme (OSN).<\/p>\n<p style=\"text-align: justify;\">Studenti um\u011bn\u00ed a designu z Kanady, Velk\u00e9 Brit\u00e1nie, \u010cesk\u00e9 republiky, Izraele, Slovenska, Slovinska, Ma\u010farska, Rakouska, Ruska a Indon\u00e9sie zaslali do sout\u011b\u017ee stovky n\u00e1vrh\u016f na t\u00e9ma \u201eJourneys through the Holocaust\u201c.\u00a0 Navzdory tomu, \u017ee v\u011bt\u0161ina student\u016f se p\u0159edt\u00edm nikdy osobn\u011b s t\u00e9matem holocaustu nesetkala, mnoho n\u00e1vrh\u016f p\u0159ekvapilo hloubkou my\u0161lenky a ukazovalo na opravdov\u00e9 zaujet\u00ed t\u00e9matem. Z mno\u017estv\u00ed n\u00e1vrh\u016f nakonec mezin\u00e1rodn\u00ed porota vybrala 16 v\u00edt\u011bzn\u00fdch prac\u00ed, kter\u00e9 n\u00e1v\u0161t\u011bvn\u00edci na v\u00fdstav\u011b uvid\u00ed.<\/p>\n<p style=\"text-align: justify;\">Organiz\u00e1to\u0159i sout\u011b\u017ee v\u011b\u0159\u00ed, \u017ee p\u0159ipom\u00ednka holocaustu m\u00e1 st\u00e1le v\u00fdznam pro zachov\u00e1n\u00ed pam\u011bti pro budouc\u00ed generace, a je i nad\u00e1le d\u016fle\u017eit\u00fdm t\u00e9matem pro celosv\u011btovou ve\u0159ejnost. V\u00fdstava 16 unik\u00e1tn\u00edch plak\u00e1t\u016f bude mimo jin\u00e9 d\u016fle\u017eitou sou\u010d\u00e1st\u00ed Mezin\u00e1rodn\u00edho dne pam\u00e1tky ob\u011bt\u00ed holocaustu v roce 2014.<\/p>\n<p style=\"text-align: justify;\">P\u0159esto\u017ee v tomto ro\u010dn\u00edku \u017e\u00e1dn\u00fd z \u010desk\u00fdch student\u016f nedos\u00e1hl na v\u00edt\u011bzn\u00e9 t\u0159i p\u0159\u00ed\u010dky,\u00a0 i tentokr\u00e1t se \u010de\u0161t\u00ed z\u00e1stupci dostali do fin\u00e1lov\u00e9 \u0161estn\u00e1ctky, a tak n\u00e1vrhy 4 \u010desk\u00fdch studentek tvo\u0159\u00ed sou\u010d\u00e1st v\u00fdstavy, kter\u00e1 prob\u011bhne op\u011bt na celosv\u011btov\u00e9 \u00farovni. N\u011bkter\u00e9 z \u010desk\u00fdch autorek p\u0159isl\u00edbily \u00fa\u010dast na vernis\u00e1\u017ei. Vlastiv\u011bdn\u00e9 muzeum Olomouc se p\u0159ipojuje k t\u00e9to akci ji\u017e podruh\u00e9. V roce 2012 vystavilo v\u00edt\u011bzn\u00e9 plak\u00e1ty vze\u0161l\u00e9 z prvn\u00ed sout\u011b\u017ee.<\/p>\n","protected":false},"excerpt":{"rendered":"<p>Druh\u00fd ro\u010dn\u00edk plak\u00e1tov\u00e9 sout\u011b\u017e \u201eKeeping the Memory Alive\u201c je spole\u010dn\u00fdm projektem Yad Vashem (Izrael), Evropsk\u00e9ho institutu odkazu \u0161oa, o. p. s. (\u010cesk\u00e1 republika), The London Jewish Cultural Center (Velk\u00e1 Britanie), kanadsk\u00e9ho p\u0159edsednictv\u00ed v organizaci International Holocaust Remembrance Alliance (IHRA) a The Holocaust and United Nations Outreach Programme (OSN). Studenti um\u011bn\u00ed a designu z Kanady, Velk\u00e9 Brit\u00e1nie, \u010cesk\u00e9 republiky, Izraele, Slovenska, Slovinska, Ma\u010farska, Rakouska, Ruska a Indon\u00e9sie zaslali do sout\u011b\u017ee stovky n\u00e1vrh\u016f na t\u00e9ma \u201eJourneys through the Holocaust\u201c.  Navzdory tomu, \u017ee v\u011bt\u0161ina student\u016f se p\u0159edt\u00edm nikdy osobn\u011b s t\u00e9matem holocaustu nesetkala, mnoho n\u00e1vrh\u016f p\u0159ekvapilo hloubkou my\u0161lenky a ukazovalo na opravdov\u00e9 zaujet\u00ed t\u00e9matem. Z mno\u017estv\u00ed n\u00e1vrh\u016f nakonec mezin\u00e1rodn\u00ed porota vybrala 16 v\u00edt\u011bzn\u00fdch prac\u00ed, kter\u00e9 n\u00e1v\u0161t\u011bvn\u00edci na v\u00fdstav\u011b uvid\u00ed&#8230;..<\/p>\n","protected":false},"author":3,"featured_media":0,"comment_status":"closed","ping_status":"closed","sticky":false,"template":"","format":"standard","meta":{"ngg_post_thumbnail":0,"footnotes":""},"categories":[4],"tags":[],"class_list":["post-6484","post","type-post","status-publish","format-standard","hentry","category-featured"],"_links":{"self":[{"href":"https:\/\/kehila-olomouc.cz\/rs\/wp-json\/wp\/v2\/posts\/6484"}],"collection":[{"href":"https:\/\/kehila-olomouc.cz\/rs\/wp-json\/wp\/v2\/posts"}],"about":[{"href":"https:\/\/kehila-olomouc.cz\/rs\/wp-json\/wp\/v2\/types\/post"}],"author":[{"embeddable":true,"href":"https:\/\/kehila-olomouc.cz\/rs\/wp-json\/wp\/v2\/users\/3"}],"replies":[{"embeddable":true,"href":"https:\/\/kehila-olomouc.cz\/rs\/wp-json\/wp\/v2\/comments?post=6484"}],"version-history":[{"count":5,"href":"https:\/\/kehila-olomouc.cz\/rs\/wp-json\/wp\/v2\/posts\/6484\/revisions"}],"predecessor-version":[{"id":6489,"href":"https:\/\/kehila-olomouc.cz\/rs\/wp-json\/wp\/v2\/posts\/6484\/revisions\/6489"}],"wp:attachment":[{"href":"https:\/\/kehila-olomouc.cz\/rs\/wp-json\/wp\/v2\/media?parent=6484"}],"wp:term":[{"taxonomy":"category","embeddable":true,"href":"https:\/\/kehila-olomouc.cz\/rs\/wp-json\/wp\/v2\/categories?post=6484"},{"taxonomy":"post_tag","embeddable":true,"href":"https:\/\/kehila-olomouc.cz\/rs\/wp-json\/wp\/v2\/tags?post=6484"}],"curies":[{"name":"wp","href":"https:\/\/api.w.org\/{rel}","templated":true}]}}