{"id":6412,"date":"2013-09-10T22:22:02","date_gmt":"2013-09-10T20:22:02","guid":{"rendered":"http:\/\/kehila-olomouc.cz\/rs\/?p=6412"},"modified":"2015-11-16T14:49:17","modified_gmt":"2015-11-16T12:49:17","slug":"dny-zidovske-kultury-olomouc-2012-2","status":"publish","type":"post","link":"https:\/\/kehila-olomouc.cz\/rs\/6412\/dny-zidovske-kultury-olomouc-2012-2\/","title":{"rendered":"Dny \u017eidovsk\u00e9 kultury Olomouc 2013"},"content":{"rendered":"<p><b>\u201eP\u0158ED KATASTROFOU&#8230; A DNES\u201c<\/b><b><\/b><\/p>\n<p style=\"text-align: justify;\">\u00dast\u0159edn\u00edm bodem \u0161est\u00e9ho ro\u010dn\u00edku festivalu je <i>Sv\u011bt p\u0159ed katastrofou<\/i> \u2013 v\u00fdstava historick\u00fdch fotografick\u00fdch z\u00e1b\u011br\u016f ze \u017eivota krakovsk\u00fdch \u017did\u016f, kterou p\u0159ipravilo Mezin\u00e1rodn\u00ed centrum kultury v\u00a0Krakov\u011b ve spolupr\u00e1ci s\u00a0Muzeem um\u011bn\u00ed Olomouc a Polsk\u00fdm institutem v Praze. V\u00fdstava byla po Krakov\u011b (2007) dosud repr\u00edzov\u00e1na v\u00a0Norimberku (2008), Jeruzal\u00e9m\u011b (2009) a Lond\u00fdn\u011b (2010). V\u0161\u00edm\u00e1 si ka\u017edodenn\u00edho \u017eivota \u017eidovsk\u00e9 spole\u010dnosti v tehdej\u0161\u00edm Krakov\u011b. Za poklidn\u00fdmi sc\u00e9nami m\u00edrov\u00e9ho \u017eivota v\u00a0dob\u011b mezi v\u00e1lkami jakoby neexistovala budouc\u00ed evropsk\u00e1 trag\u00e9die&#8230;<\/p>\n<p style=\"text-align: justify;\">Dob\u011b <i>P\u0159ed katastrofou <\/i>se v\u011bnuje tak\u00e9 cyklus p\u0159edn\u00e1\u0161ek, doprovodn\u00fdch akc\u00ed k\u00a0v\u00fdstav\u011b a rovn\u011b\u017e vzd\u011bl\u00e1vac\u00ed \u010d\u00e1st pro \u017e\u00e1ky, studenty a jejich pedagogy, p\u0159ipraven\u00e1 ve spolupr\u00e1ci s\u00a0\u010clov\u011bkem v\u00a0t\u00edsni a Institutem Terez\u00ednsk\u00e9 iniciativy.<\/p>\n<p style=\"text-align: justify;\">\u017de \u017eidovsk\u00e1 kultura nepat\u0159\u00ed minulosti, festival dokazuje v\u00a0dal\u0161\u00ed \u010d\u00e1sti sv\u00e9ho programu, zam\u011b\u0159en\u00e9 na sou\u010dasn\u00fd \u017eivot \u017eidovsk\u00e9 komunity v\u00a0\u010cesk\u00e9 republice. Filmov\u00e1 sekce, kterou p\u0159ipravuje\u00a0Centrum judaistick\u00fdch studi\u00ed FF UP, se pod n\u00e1zvem <i>L\u00e1ska &amp; smrt<\/i> zam\u011b\u0159uje na sn\u00edmky, jimi\u017e se mlad\u00e1 generace Izraelc\u016f \u2013 student\u016f univerzity v\u00a0Tel Avivu, vyrovn\u00e1v\u00e1 s\u00a0t\u011bmito dv\u011bma nejsiln\u011bj\u0161\u00edmi hybateli lidsk\u00fdch emoc\u00ed 70\u00a0let po holokaustu. Druh\u00e1 \u010d\u00e1st filmov\u00fdch ve\u010der\u016f je koncipov\u00e1na jako medailon izraelsk\u00e9ho re\u017eis\u00e9ra Tomera Heymanna, kter\u00fd p\u0159ijede osobn\u011b p\u0159edstavit sv\u00e9 filmy propojuj\u00edc\u00ed l\u00e1sku a smrt na pozad\u00ed p\u0159enosu traumatu holokaustu na druhou a t\u0159et\u00ed generaci. <b><\/b><\/p>\n<p style=\"text-align: justify;\">\u00a0\u00a0\u00a0\u00a0\u00a0\u00a0\u00a0\u00a0\u00a0\u00a0\u00a0 Dny \u017eidovsk\u00e9 kultury 2013 po\u0159\u00e1d\u00e1 <a href=\"http:\/\/www.divadlohudby.cz\/\" target=\"_blank\">Divadlo hudby Olomouc<\/a> ve spolupr\u00e1ci s <a href=\"http:\/\/www.olmuart.cz\/\" target=\"_blank\">Muzeem um\u011bn\u00ed Olomouc<\/a>, \u017didovskou obc\u00ed Olomouc a <a href=\"http:\/\/judaistika.cz\/\" target=\"_blank\">Centrem judaistick\u00fdch studi\u00ed Kurta a Ursuly Schubertov\u00fdch FF UP<\/a>.<b><\/b><\/p>\n<h1 style=\"text-align: center;\"><strong><a href=\"http:\/\/www.divadlohudby.cz\/dzko\/\">PODROBN\u00dd PROGRAM<\/a><\/strong><\/h1>\n<p>&nbsp;<\/p>\n<p style=\"text-align: center;\"><a href=\"http:\/\/kehila-olomouc.cz\/rs\/wp-content\/uploads\/DZK-2013.jpg\"><img loading=\"lazy\" decoding=\"async\" class=\"aligncenter  wp-image-6413\" alt=\"DZK 2013\" src=\"http:\/\/kehila-olomouc.cz\/rs\/wp-content\/uploads\/DZK-2013-723x1024.jpg\" width=\"506\" height=\"717\" srcset=\"https:\/\/kehila-olomouc.cz\/rs\/wp-content\/uploads\/DZK-2013-723x1024.jpg 723w, https:\/\/kehila-olomouc.cz\/rs\/wp-content\/uploads\/DZK-2013-211x300.jpg 211w, https:\/\/kehila-olomouc.cz\/rs\/wp-content\/uploads\/DZK-2013.jpg 903w\" sizes=\"(max-width: 506px) 100vw, 506px\" \/><\/a><\/p>\n<p style=\"text-align: center;\">\n<p style=\"text-align: center;\"><a href=\"http:\/\/kehila-olomouc.cz\/rs\/wp-content\/uploads\/plakat-DZK-2013.jpg\"><img loading=\"lazy\" decoding=\"async\" class=\"aligncenter  wp-image-6427\" alt=\"plakat DZK 2013\" src=\"http:\/\/kehila-olomouc.cz\/rs\/wp-content\/uploads\/plakat-DZK-2013-724x1024.jpg\" width=\"507\" height=\"717\" srcset=\"https:\/\/kehila-olomouc.cz\/rs\/wp-content\/uploads\/plakat-DZK-2013-724x1024.jpg 724w, https:\/\/kehila-olomouc.cz\/rs\/wp-content\/uploads\/plakat-DZK-2013-212x300.jpg 212w, https:\/\/kehila-olomouc.cz\/rs\/wp-content\/uploads\/plakat-DZK-2013.jpg 974w\" sizes=\"(max-width: 507px) 100vw, 507px\" \/><\/a><\/p>\n","protected":false},"excerpt":{"rendered":"<p>\u00dast\u0159edn\u00edm bodem \u0161est\u00e9ho ro\u010dn\u00edku festivalu je Sv\u011bt p\u0159ed katastrofou \u2013 v\u00fdstava historick\u00fdch fotografick\u00fdch z\u00e1b\u011br\u016f ze \u017eivota krakovsk\u00fdch \u017did\u016f, kterou p\u0159ipravilo Mezin\u00e1rodn\u00ed centrum kultury v Krakov\u011b ve spolupr\u00e1ci s Muzeem um\u011bn\u00ed Olomouc a Polsk\u00fdm institutem v Praze. V\u00fdstava byla po Krakov\u011b (2007) dosud repr\u00edzov\u00e1na v Norimberku (2008), Jeruzal\u00e9m\u011b (2009) a Lond\u00fdn\u011b (2010). V\u0161\u00edm\u00e1 si ka\u017edodenn\u00edho \u017eivota \u017eidovsk\u00e9 spole\u010dnosti v tehdej\u0161\u00edm Krakov\u011b. Za poklidn\u00fdmi sc\u00e9nami m\u00edrov\u00e9ho \u017eivota v dob\u011b mezi v\u00e1lkami jakoby neexistovala budouc\u00ed evropsk\u00e1 trag\u00e9die&#8230;<\/p>\n","protected":false},"author":3,"featured_media":0,"comment_status":"closed","ping_status":"closed","sticky":false,"template":"","format":"standard","meta":{"ngg_post_thumbnail":0,"footnotes":""},"categories":[4],"tags":[],"class_list":["post-6412","post","type-post","status-publish","format-standard","hentry","category-featured"],"_links":{"self":[{"href":"https:\/\/kehila-olomouc.cz\/rs\/wp-json\/wp\/v2\/posts\/6412"}],"collection":[{"href":"https:\/\/kehila-olomouc.cz\/rs\/wp-json\/wp\/v2\/posts"}],"about":[{"href":"https:\/\/kehila-olomouc.cz\/rs\/wp-json\/wp\/v2\/types\/post"}],"author":[{"embeddable":true,"href":"https:\/\/kehila-olomouc.cz\/rs\/wp-json\/wp\/v2\/users\/3"}],"replies":[{"embeddable":true,"href":"https:\/\/kehila-olomouc.cz\/rs\/wp-json\/wp\/v2\/comments?post=6412"}],"version-history":[{"count":8,"href":"https:\/\/kehila-olomouc.cz\/rs\/wp-json\/wp\/v2\/posts\/6412\/revisions"}],"predecessor-version":[{"id":6417,"href":"https:\/\/kehila-olomouc.cz\/rs\/wp-json\/wp\/v2\/posts\/6412\/revisions\/6417"}],"wp:attachment":[{"href":"https:\/\/kehila-olomouc.cz\/rs\/wp-json\/wp\/v2\/media?parent=6412"}],"wp:term":[{"taxonomy":"category","embeddable":true,"href":"https:\/\/kehila-olomouc.cz\/rs\/wp-json\/wp\/v2\/categories?post=6412"},{"taxonomy":"post_tag","embeddable":true,"href":"https:\/\/kehila-olomouc.cz\/rs\/wp-json\/wp\/v2\/tags?post=6412"}],"curies":[{"name":"wp","href":"https:\/\/api.w.org\/{rel}","templated":true}]}}