{"id":6384,"date":"2013-08-10T20:09:43","date_gmt":"2013-08-10T18:09:43","guid":{"rendered":"http:\/\/kehila-olomouc.cz\/rs\/?p=6384"},"modified":"2015-11-16T14:49:17","modified_gmt":"2015-11-16T12:49:17","slug":"den-otevrenych-dveri-zidovske-obce-olomouc-2","status":"publish","type":"post","link":"https:\/\/kehila-olomouc.cz\/rs\/6384\/den-otevrenych-dveri-zidovske-obce-olomouc-2\/","title":{"rendered":"Den otev\u0159en\u00fdch dve\u0159\u00ed \u017didovsk\u00e9 obce Olomouc"},"content":{"rendered":"<p style=\"text-align: justify;\">se kon\u00e1 v r\u00e1mci Dn\u016f evropsk\u00e9ho d\u011bdictv\u00ed\u00a0<strong>v ned\u011bli 8. z\u00e1\u0159\u00ed 2013 od 09 do 18 hodin<\/strong>,\u00a0<strong>Komensk\u00e9ho 7, Olomouc<\/strong>.<strong><\/strong><\/p>\n<p style=\"text-align: justify;\">\u017didovsk\u00e1 obec Olomouc sdru\u017euje ob\u010dany \u010cesk\u00e9 republiky i ciz\u00ed st\u00e1tn\u00ed p\u0159\u00edslu\u0161n\u00edky \u017eij\u00edc\u00ed v \u010cesk\u00e9 republice, kte\u0159\u00ed se hl\u00e1s\u00ed k \u017eidovsk\u00e9mu vyzn\u00e1n\u00ed, n\u00e1rodnosti nebo p\u016fvodu. P\u016fsobnost olomouck\u00e9 obce je \u00fazemn\u011b vymezena b\u00fdval\u00fdmi okresy Brunt\u00e1l, Jesen\u00edk, Olomouc, P\u0159erov, \u0160umperk.<\/p>\n<p style=\"text-align: justify;\">Rozhodnut\u00ed uspo\u0159\u00e1dat\u00a0<strong>Den otev\u0159en\u00fdch dve\u0159\u00ed<\/strong>\u00a0je motivov\u00e1no snahou sezn\u00e1mit ve\u0159ejnost s \u017eivotem a tradicemi obce, kter\u00e1 v dob\u011b p\u0159ed v\u00e1lkou tvo\u0159ila v\u00fdznamnou slo\u017eku obyvatel Moravy a zejm\u00e9na Olomouce, p\u0159edstavit chystan\u00e9 projekty, nap\u0159. kladen\u00ed Kamen\u016f zmizel\u00fdch (Stolpersteine) v Olomouci.<\/p>\n<p style=\"text-align: justify;\">N\u00e1v\u0161t\u011bvn\u00edk\u016fm bude umo\u017en\u011bno pod\u00edvat se do modlitebny, informace o \u017eidovsk\u00e9 liturgii podaj\u00ed zam\u011bstnanci \u017didovsk\u00e9 obce.<\/p>\n<p style=\"text-align: justify;\">Ve spole\u010densk\u00e9m s\u00e1le, uvid\u00ed n\u00e1v\u0161t\u011bvn\u00edci repliku okna zbo\u0159en\u00e9 olomouck\u00e9 synagogy vsazenou do \u010deln\u00ed zdi. Budou zde moci tak\u00e9 ochutnat tradi\u010dn\u00ed \u017eidovsk\u00fd chl\u00e9b barches (chalu), kter\u00fd se pe\u010de v ko\u0161er kuchyni obce. S ko\u0161er kuchyn\u00ed sezn\u00e1m\u00ed n\u00e1v\u0161t\u011bvn\u00edky zam\u011bstnanci obce. Bude mo\u017en\u00e9 po\u017e\u00e1dat o recepty.<\/p>\n<p style=\"text-align: justify;\">\u017didovsk\u00e1 obec Olomouc zp\u0159\u00edstupn\u00ed rovn\u011b\u017e dv\u016fr se sukou (pergola vyu\u017e\u00edvan\u00e1 p\u0159i sv\u00e1tku Sukot).<\/p>\n<p style=\"text-align: justify;\"><strong>V 11 hodin<\/strong>\u00a0vystoup\u00ed tane\u010dn\u00ed skupina RUT s uk\u00e1zkou \u017eidovsk\u00fdch tanc\u016f. V <strong>16 hodin<\/strong> prob\u011bhne koncert klezmerov\u00e9 skupiny Simcha.<\/p>\n<p style=\"text-align: justify;\">P\u0159edstavenstvo \u017didovsk\u00e9 obce Olomouc chce touto akc\u00ed pomoci odstra\u0148ovat p\u0159\u00edpadn\u00e9 p\u0159edsudky a z\u00e1brany, kter\u00e9 se je\u0161t\u011b ve spole\u010dnosti objevuj\u00ed. Podobn\u00fd c\u00edl sleduje p\u0159i spolupr\u00e1ci s organiz\u00e1tory Dn\u016f \u017eidovsk\u00e9 kultury, kter\u00e9 se budou konat v \u0159\u00edjnu.<\/p>\n<p style=\"text-align: justify;\">Akci podpo\u0159il Nada\u010dn\u00ed fond ob\u011btem holocaustu.<\/p>\n<p style=\"text-align: center;\"><a href=\"http:\/\/kehila-olomouc.cz\/rs\/wp-content\/uploads\/0001.jpg\"><img loading=\"lazy\" decoding=\"async\" class=\"aligncenter  wp-image-6385\" alt=\"den otevrenych dvri\" src=\"http:\/\/kehila-olomouc.cz\/rs\/wp-content\/uploads\/0001-723x1024.jpg\" width=\"506\" height=\"717\" srcset=\"https:\/\/kehila-olomouc.cz\/rs\/wp-content\/uploads\/0001-723x1024.jpg 723w, https:\/\/kehila-olomouc.cz\/rs\/wp-content\/uploads\/0001-212x300.jpg 212w, https:\/\/kehila-olomouc.cz\/rs\/wp-content\/uploads\/0001.jpg 1653w\" sizes=\"(max-width: 506px) 100vw, 506px\" \/><\/a><\/p>\n","protected":false},"excerpt":{"rendered":"<p>se kon\u00e1 v <strong>ned\u011bli 8. z\u00e1\u0159\u00ed 2013 od 09 do 18 hodin, Komensk\u00e9ho 7, Olomouc<\/strong>. Rozhodnut\u00ed uspo\u0159\u00e1dat Den otev\u0159en\u00fdch dve\u0159\u00ed je motivov\u00e1no snahou sezn\u00e1mit ve\u0159ejnost s \u017eivotem a tradicemi obce, kter\u00e1 v dob\u011b p\u0159ed v\u00e1lkou tvo\u0159ila v\u00fdznamnou slo\u017eku obyvatel Moravy a zejm\u00e9na Olomouce, p\u0159edstavit chystan\u00e9 projekty, k nim\u017e pat\u0159\u00ed nap\u0159. kladen\u00ed Kamen\u016f zmizel\u00fdch (Stolpersteine) v Olomouci. N\u00e1v\u0161t\u011bvn\u00edk\u016fm bude &#8230;..<\/p>\n","protected":false},"author":3,"featured_media":0,"comment_status":"closed","ping_status":"closed","sticky":false,"template":"","format":"standard","meta":{"ngg_post_thumbnail":0,"footnotes":""},"categories":[4],"tags":[],"class_list":["post-6384","post","type-post","status-publish","format-standard","hentry","category-featured"],"_links":{"self":[{"href":"https:\/\/kehila-olomouc.cz\/rs\/wp-json\/wp\/v2\/posts\/6384"}],"collection":[{"href":"https:\/\/kehila-olomouc.cz\/rs\/wp-json\/wp\/v2\/posts"}],"about":[{"href":"https:\/\/kehila-olomouc.cz\/rs\/wp-json\/wp\/v2\/types\/post"}],"author":[{"embeddable":true,"href":"https:\/\/kehila-olomouc.cz\/rs\/wp-json\/wp\/v2\/users\/3"}],"replies":[{"embeddable":true,"href":"https:\/\/kehila-olomouc.cz\/rs\/wp-json\/wp\/v2\/comments?post=6384"}],"version-history":[{"count":5,"href":"https:\/\/kehila-olomouc.cz\/rs\/wp-json\/wp\/v2\/posts\/6384\/revisions"}],"predecessor-version":[{"id":6387,"href":"https:\/\/kehila-olomouc.cz\/rs\/wp-json\/wp\/v2\/posts\/6384\/revisions\/6387"}],"wp:attachment":[{"href":"https:\/\/kehila-olomouc.cz\/rs\/wp-json\/wp\/v2\/media?parent=6384"}],"wp:term":[{"taxonomy":"category","embeddable":true,"href":"https:\/\/kehila-olomouc.cz\/rs\/wp-json\/wp\/v2\/categories?post=6384"},{"taxonomy":"post_tag","embeddable":true,"href":"https:\/\/kehila-olomouc.cz\/rs\/wp-json\/wp\/v2\/tags?post=6384"}],"curies":[{"name":"wp","href":"https:\/\/api.w.org\/{rel}","templated":true}]}}