{"id":6120,"date":"2013-07-11T19:45:36","date_gmt":"2013-07-11T17:45:36","guid":{"rendered":"http:\/\/kehila-olomouc.cz\/rs\/?p=6120"},"modified":"2015-11-16T14:49:17","modified_gmt":"2015-11-16T12:49:17","slug":"treti-vlna-kladeni-stolpersteine-kamenu-zmizelych-v-olomouci","status":"publish","type":"post","link":"https:\/\/kehila-olomouc.cz\/rs\/6120\/treti-vlna-kladeni-stolpersteine-kamenu-zmizelych-v-olomouci\/","title":{"rendered":"T\u0159et\u00ed vlna kladen\u00ed Stolpersteine v Olomouci"},"content":{"rendered":"<p align=\"center\"><b>Zah\u00e1jen\u00ed, na kter\u00e9 zveme z\u00e1stupce m\u00e9di\u00ed, se kon\u00e1<\/b><\/p>\n<p align=\"center\"><b>v s\u00eddle \u017didovsk\u00e9 obce Olomouc, Komensk\u00e9ho 7, v p\u00e1tek 19. \u010dervence v 9.30 hodin.<\/b><\/p>\n<p align=\"center\"><b>P\u0159\u00edtomen bude i autor projektu n\u011bmeck\u00fd v\u00fdtvarn\u00edk Gunter Demnig. <\/b><\/p>\n<p>Pozv\u00e1ny jsou rodiny olomouck\u00fdch ob\u011bt\u00ed holocaustu, jejich\u017e \u010dlenov\u00e9 polo\u017een\u00ed kamen\u016f iniciovali. P\u0159i setk\u00e1n\u00ed budou prezentov\u00e1ny osudy zavra\u017ed\u011bn\u00fdch olomouck\u00fdch ob\u010dan\u016f, budou p\u0159edstaveny kameny a fotografie, p\u0159\u00edpadn\u011b dal\u0161\u00ed rodinn\u00e9 dokumenty.<\/p>\n<p>Prvn\u00ed leto\u0161n\u00ed pam\u011btn\u00ed k\u00e1men, v\u011bnovan\u00fd pam\u00e1tce MUDr. Adolfa Ziffera zahynuv\u0161\u00edmu 8. \u010dervence 1942 v Terez\u00edn\u011b, bude pak v 10.30 hodin polo\u017een v Komensk\u00e9ho ulici \u010d. 3.<\/p>\n<p>Poprv\u00e9 bude polo\u017een pam\u011btn\u00ed k\u00e1men tak\u00e9 na Horn\u00edm n\u00e1m\u011bst\u00ed. V \u010d\u00edsle 7 zde m\u011bl fotografick\u00fd ateli\u00e9r Adolf Waldek-Wasservogel, kter\u00fd p\u0159evzal rodinnou \u017eivnost po sv\u00e9m otci, nejv\u00fdznamn\u011bj\u0161\u00edm olomouck\u00e9m fotografovi 19. stolet\u00ed Sigmundu Wasservogelovi (1846-1909). \u00a0Adolf Waldek-Wasservogel byl po 15. b\u0159eznu 1939 pro sv\u016fj \u017eidovsk\u00fd p\u016fvod donucen vzd\u00e1t se veden\u00ed fotografick\u00e9 \u017eivnosti a 20. ledna 1941 sp\u00e1chal sebevra\u017edu. Stal se tak jednou z prvn\u00edch olomouck\u00fdch ob\u011bt\u00ed nacistick\u00e9 perzekuce.<\/p>\n<p>Celkem bude polo\u017eeno 29 kamen\u016f:<\/p>\n<p style=\"text-align: center;\"><a href=\"http:\/\/kehila-olomouc.cz\/rs\/wp-content\/uploads\/Stolpersteine-harmonogram-polo\u017een\u00ed-19.7.-2013.jpg\"><img loading=\"lazy\" decoding=\"async\" class=\"aligncenter  wp-image-6128\" alt=\"Stolpersteine - harmonogram polo\u017een\u00ed 19.7. 2013\" src=\"http:\/\/kehila-olomouc.cz\/rs\/wp-content\/uploads\/Stolpersteine-harmonogram-polo\u017een\u00ed-19.7.-2013.jpg\" width=\"450\" height=\"155\" srcset=\"https:\/\/kehila-olomouc.cz\/rs\/wp-content\/uploads\/Stolpersteine-harmonogram-polo\u017een\u00ed-19.7.-2013.jpg 1071w, https:\/\/kehila-olomouc.cz\/rs\/wp-content\/uploads\/Stolpersteine-harmonogram-polo\u017een\u00ed-19.7.-2013-300x103.jpg 300w, https:\/\/kehila-olomouc.cz\/rs\/wp-content\/uploads\/Stolpersteine-harmonogram-polo\u017een\u00ed-19.7.-2013-1024x353.jpg 1024w\" sizes=\"(max-width: 450px) 100vw, 450px\" \/><\/a><\/p>\n<p>V minul\u00fdch dvou letech bylo polo\u017eeno ji\u017e 73 kamen\u016f, celkem bude tedy v Olomouci ji\u017e 102 kamen\u016f.<\/p>\n<p><i>Stolpersteine (obrazn\u011b kameny, o kter\u00e9 se zakop\u00e1v\u00e1, \u010di l\u00e9pe, m\u00e1 se zakopnout) patentoval n\u011bmeck\u00fd v\u00fdtvarn\u00edk Gunter Demnig ji\u017e v\u00a0roce 1993 a o n\u011bkolik let pozd\u011bji vsadil prvn\u00ed kameny do dla\u017eby v Kol\u00edn\u011b nad R\u00fdnem a v\u00a0Berl\u00edn\u011b. Jde o betonov\u00e9 kostky o rozm\u011brech 10 x 10 cm, kter\u00e9 se vkl\u00e1daj\u00ed do chodn\u00edk\u016f p\u0159ed domy, jejich\u017e obyvatel\u00e9 zahynuli v\u00a0nacistick\u00fdch koncentra\u010dn\u00edch t\u00e1borech.<\/i><\/p>\n<p>Leto\u0161n\u00ed kladen\u00ed Stolpersteine finan\u010dn\u011b podpo\u0159ilo statut\u00e1rn\u00ed m\u011bsto Olomouc a Olomouck\u00fd kraj.<\/p>\n<p>V\u00edce informac\u00ed na <a href=\"http:\/\/kehila-olomouc.cz\/rs\/soucastnost\/stolpersteine\/\">http:\/\/kehila-olomouc.cz\/rs\/soucastnost\/stolpersteine\/<\/a><\/p>\n","protected":false},"excerpt":{"rendered":"<p>Zah\u00e1jen\u00ed, na kter\u00e9 zveme z\u00e1stupce m\u00e9di\u00ed, se kon\u00e1 v s\u00eddle \u017didovsk\u00e9 obce Olomouc, Komensk\u00e9ho 7, v p\u00e1tek 19. \u010dervence v 9.30 hodin. P\u0159\u00edtomen bude i autor projektu n\u011bmeck\u00fd v\u00fdtvarn\u00edk Gunter Demnig. Pozv\u00e1ny jsou rodiny olomouck\u00fdch ob\u011bt\u00ed holocaustu, jejich\u017e \u010dlenov\u00e9 polo\u017een\u00ed kamen\u016f iniciovali. P\u0159i setk\u00e1n\u00ed budou prezentov\u00e1ny osudy zavra\u017ed\u011bn\u00fdch olomouck\u00fdch ob\u010dan\u016f, budou p\u0159edstaveny kameny a fotografie, p\u0159\u00edpadn\u011b dal\u0161\u00ed rodinn\u00e9 dokumenty. Prvn\u00ed leto\u0161n\u00ed pam\u011btn\u00ed k\u00e1men, v\u011bnovan\u00fd pam\u00e1tce MUDr. Adolfa Ziffera zahynuv\u0161\u00edmu 8. \u010dervence 1942 v Terez\u00edn\u011b, bude pak v 10.30 hodin polo\u017een v Komensk\u00e9ho ulici \u010d. 3&#8230;..<\/p>\n","protected":false},"author":3,"featured_media":0,"comment_status":"closed","ping_status":"closed","sticky":false,"template":"","format":"standard","meta":{"ngg_post_thumbnail":0,"footnotes":""},"categories":[4],"tags":[],"class_list":["post-6120","post","type-post","status-publish","format-standard","hentry","category-featured"],"_links":{"self":[{"href":"https:\/\/kehila-olomouc.cz\/rs\/wp-json\/wp\/v2\/posts\/6120"}],"collection":[{"href":"https:\/\/kehila-olomouc.cz\/rs\/wp-json\/wp\/v2\/posts"}],"about":[{"href":"https:\/\/kehila-olomouc.cz\/rs\/wp-json\/wp\/v2\/types\/post"}],"author":[{"embeddable":true,"href":"https:\/\/kehila-olomouc.cz\/rs\/wp-json\/wp\/v2\/users\/3"}],"replies":[{"embeddable":true,"href":"https:\/\/kehila-olomouc.cz\/rs\/wp-json\/wp\/v2\/comments?post=6120"}],"version-history":[{"count":10,"href":"https:\/\/kehila-olomouc.cz\/rs\/wp-json\/wp\/v2\/posts\/6120\/revisions"}],"predecessor-version":[{"id":6125,"href":"https:\/\/kehila-olomouc.cz\/rs\/wp-json\/wp\/v2\/posts\/6120\/revisions\/6125"}],"wp:attachment":[{"href":"https:\/\/kehila-olomouc.cz\/rs\/wp-json\/wp\/v2\/media?parent=6120"}],"wp:term":[{"taxonomy":"category","embeddable":true,"href":"https:\/\/kehila-olomouc.cz\/rs\/wp-json\/wp\/v2\/categories?post=6120"},{"taxonomy":"post_tag","embeddable":true,"href":"https:\/\/kehila-olomouc.cz\/rs\/wp-json\/wp\/v2\/tags?post=6120"}],"curies":[{"name":"wp","href":"https:\/\/api.w.org\/{rel}","templated":true}]}}