{"id":6071,"date":"2013-06-10T17:38:25","date_gmt":"2013-06-10T15:38:25","guid":{"rendered":"http:\/\/kehila-olomouc.cz\/rs\/?p=6071"},"modified":"2015-11-16T14:49:17","modified_gmt":"2015-11-16T12:49:17","slug":"25-rocnik-silnicniho-stafetoveho-behu","status":"publish","type":"post","link":"https:\/\/kehila-olomouc.cz\/rs\/6071\/25-rocnik-silnicniho-stafetoveho-behu\/","title":{"rendered":"25. ro\u010dn\u00edk silni\u010dn\u00edho \u0161tafetov\u00e9ho b\u011bhu"},"content":{"rendered":"<p style=\"text-align: center;\">Dovolujeme si v\u00e1s pozvat na jednotliv\u00e9 etapy 25. ro\u010dn\u00edku silni\u010dn\u00edho \u0161tafetov\u00e9ho z\u00e1vodu<\/p>\n<p style=\"text-align: center;\"><strong>Z\u00e1k\u0159ov &#8211; Javo\u0159\u00ed\u010dko &#8211; Le\u017e\u00e1ky &#8211; Lidice<\/strong> 2013 v Olomouck\u00e9m kraji.<\/p>\n<p style=\"text-align: center;\"><strong>P\u00c1TEK 14. \u010cERVNA 2013<\/strong> slavnostn\u00ed zah\u00e1jen\u00ed a nav\u00e1z\u00e1n\u00ed stuhy za Z\u00e1k\u0159ov<br \/>\nKDY: 09.00 hodin KDE: Z\u00e1k\u0159ov &#8211; pam\u00e1tn\u00edk .<\/p>\n<p style=\"text-align: center;\">P\u0159ipom\u00ednka olomouck\u00fdch ob\u011bt\u00ed holocaustu a nav\u00e1z\u00e1n\u00ed stuhy KDY: 10.15 hodin<br \/>\nKDE: Olomouc, H\u00e1lkova 4 &#8211; Z\u0160 H\u00e1lkova<\/p>\n<p style=\"text-align: center;\">Nav\u00e1z\u00e1n\u00ed stuhy za Javo\u0159\u00ed\u010dko<br \/>\nKDY: 12.20 hodin KDE: Luk\u00e1, prostor p\u0159ed budovou Z\u0160<\/p>\n<p style=\"text-align: center;\"><a href=\"http:\/\/www.vypaleneobce.cz\" target=\"_blank\"> www.vypaleneobce.cz<\/a><\/p>\n<p style=\"text-align: center;\"><a href=\"http:\/\/kehila-olomouc.cz\/rs\/wp-content\/uploads\/stafeta_Olomoucky_kraj_2013-page-001.jpg\"><img loading=\"lazy\" decoding=\"async\" class=\"aligncenter size-full wp-image-6073\" alt=\"stafeta_Olomoucky_kraj_2013-page-001\" src=\"http:\/\/kehila-olomouc.cz\/rs\/wp-content\/uploads\/stafeta_Olomoucky_kraj_2013-page-001.jpg\" width=\"585\" height=\"828\" srcset=\"https:\/\/kehila-olomouc.cz\/rs\/wp-content\/uploads\/stafeta_Olomoucky_kraj_2013-page-001.jpg 585w, https:\/\/kehila-olomouc.cz\/rs\/wp-content\/uploads\/stafeta_Olomoucky_kraj_2013-page-001-211x300.jpg 211w\" sizes=\"(max-width: 585px) 100vw, 585px\" \/><\/a><\/p>\n","protected":false},"excerpt":{"rendered":"<p>Dovolujeme si v\u00e1s pozvat na jednotliv\u00e9 etapy 25. ro\u010dn\u00edku silni\u010dn\u00edho \u0161tafetov\u00e9ho z\u00e1vodu <strong>Z\u00e1k\u0159ov &#8211; Javo\u0159\u00ed\u010dko &#8211; Le\u017e\u00e1ky &#8211; Lidice<\/strong> 2013 v Olomouck\u00e9m kraji.<br \/>\n<strong>P\u00c1TEK 14. \u010cERVNA<\/strong> 2013 slavnostn\u00ed zah\u00e1jen\u00ed a nav\u00e1z\u00e1n\u00ed stuhy za Z\u00e1k\u0159ov KDY: 09.00 hodin KDE: Z\u00e1k\u0159ov &#8211; pam\u00e1tn\u00edk . P\u0159ipom\u00ednka olomouck\u00fdch ob\u011bt\u00ed holocaustu a nav\u00e1z\u00e1n\u00ed stuhy KDY: 10.15 hodin KDE: Olomouc, H\u00e1lkova 4 &#8211; Z\u0160 H\u00e1lkova Nav\u00e1z\u00e1n\u00ed stuhy za Javo\u0159\u00ed\u010dko KDY: 12.20 hodin KDE: Luk\u00e1, prostor p\u0159ed budovou Z\u0160<\/p>\n","protected":false},"author":3,"featured_media":0,"comment_status":"closed","ping_status":"closed","sticky":false,"template":"","format":"standard","meta":{"ngg_post_thumbnail":0,"footnotes":""},"categories":[4],"tags":[],"class_list":["post-6071","post","type-post","status-publish","format-standard","hentry","category-featured"],"_links":{"self":[{"href":"https:\/\/kehila-olomouc.cz\/rs\/wp-json\/wp\/v2\/posts\/6071"}],"collection":[{"href":"https:\/\/kehila-olomouc.cz\/rs\/wp-json\/wp\/v2\/posts"}],"about":[{"href":"https:\/\/kehila-olomouc.cz\/rs\/wp-json\/wp\/v2\/types\/post"}],"author":[{"embeddable":true,"href":"https:\/\/kehila-olomouc.cz\/rs\/wp-json\/wp\/v2\/users\/3"}],"replies":[{"embeddable":true,"href":"https:\/\/kehila-olomouc.cz\/rs\/wp-json\/wp\/v2\/comments?post=6071"}],"version-history":[{"count":6,"href":"https:\/\/kehila-olomouc.cz\/rs\/wp-json\/wp\/v2\/posts\/6071\/revisions"}],"predecessor-version":[{"id":6076,"href":"https:\/\/kehila-olomouc.cz\/rs\/wp-json\/wp\/v2\/posts\/6071\/revisions\/6076"}],"wp:attachment":[{"href":"https:\/\/kehila-olomouc.cz\/rs\/wp-json\/wp\/v2\/media?parent=6071"}],"wp:term":[{"taxonomy":"category","embeddable":true,"href":"https:\/\/kehila-olomouc.cz\/rs\/wp-json\/wp\/v2\/categories?post=6071"},{"taxonomy":"post_tag","embeddable":true,"href":"https:\/\/kehila-olomouc.cz\/rs\/wp-json\/wp\/v2\/tags?post=6071"}],"curies":[{"name":"wp","href":"https:\/\/api.w.org\/{rel}","templated":true}]}}