{"id":6014,"date":"2013-04-04T17:48:16","date_gmt":"2013-04-04T15:48:16","guid":{"rendered":"http:\/\/kehila-olomouc.cz\/rs\/?p=6014"},"modified":"2015-11-16T14:49:17","modified_gmt":"2015-11-16T12:49:17","slug":"odhaleni-pamatniku-v-trsicich","status":"publish","type":"post","link":"https:\/\/kehila-olomouc.cz\/rs\/6014\/odhaleni-pamatniku-v-trsicich\/","title":{"rendered":"Odhalen\u00ed pam\u00e1tn\u00edku v Tr\u0161ic\u00edch"},"content":{"rendered":"<p style=\"text-align: justify;\">Slavnostn\u00ed odhalen\u00ed pam\u00e1tn\u00edku spravedliv\u00fdm mezi n\u00e1rody a ob\u011btem holocaustu v Tr\u0161ic\u00edch se uskute\u010dn\u00ed ve<strong> st\u0159edu 10. dubna 2013<\/strong>. Host\u00e9 se sejdou v reprezenta\u010dn\u00edch prostor\u00e1ch tr\u0161ick\u00e9ho z\u00e1mku ve 13 hodin, v 13.20 hodin spole\u010dn\u011b p\u0159ejdou k pam\u00e1tn\u00edku v centru obce a k vlastn\u00edmu odhalen\u00ed pam\u00e1tn\u00edku dojde ve <strong>13.30<\/strong> hodin.<\/p>\n<p><strong>D\u00edlo vzniklo d\u00edky finan\u010dn\u00ed podpo\u0159e US. Commission for the Preservation of American Heritage Abroad, Olomouck\u00e9ho kraje a \u017didovsk\u00e9 obce Olomouc.<\/strong><\/p>\n<p><strong>Akce se kon\u00e1 pod z\u00e1\u0161titou sen\u00e1tora Parlamentu \u010cR Martina Tesa\u0159\u00edka a hejtmana Olomouck\u00e9ho kraje Ji\u0159\u00edho Rozbo\u0159ila.<\/strong><\/p>\n<p><a href=\"http:\/\/kehila-olomouc.cz\/rs\/wp-content\/uploads\/logo-pam\u00e1tn\u00edk.jpg\"><img loading=\"lazy\" decoding=\"async\" class=\"aligncenter size-full wp-image-6015\" title=\"logo pam\u00e1tn\u00edk\" src=\"http:\/\/kehila-olomouc.cz\/rs\/wp-content\/uploads\/logo-pam\u00e1tn\u00edk.jpg\" alt=\"\" width=\"565\" height=\"73\" srcset=\"https:\/\/kehila-olomouc.cz\/rs\/wp-content\/uploads\/logo-pam\u00e1tn\u00edk.jpg 565w, https:\/\/kehila-olomouc.cz\/rs\/wp-content\/uploads\/logo-pam\u00e1tn\u00edk-300x38.jpg 300w\" sizes=\"(max-width: 565px) 100vw, 565px\" \/><\/a><\/p>\n<p style=\"text-align: justify;\">Odhalen\u00ed pam\u00e1tn\u00edku v centru Tr\u0161ic navazuje na lo\u0148sk\u00e9 odhalen\u00ed pam\u011btn\u00edho kamene u lesn\u00edho \u00fakrytu za Tr\u0161icemi, kde se v letech 1942 &#8211; 1945 ukr\u00fdvala \u017eidovsk\u00e1 rodina Wolfov\u00fdch. P\u0159\u00edb\u011bh t\u00e9to rodiny proslavil ve sv\u011bt\u011b <em>Den\u00edk Otty Wolfa<\/em>, nejmlad\u0161\u00edho \u010dlena rodiny, jednoho z 19 mu\u017e\u016f a chlapc\u016f, kte\u0159\u00ed byli v dubnu 1945 umu\u010den\u00ed Vlasovci. Den\u00edk b\u00fdv\u00e1 p\u0159irovn\u00e1v\u00e1n k <em>Den\u00edku Anne Frankov\u00e9<\/em>.<\/p>\n<p style=\"text-align: justify;\">\u00a0Idea pomn\u00edku sah\u00e1 do jara 2008. Tehdy Tr\u0161ice nav\u0161t\u00edvili studenti a u\u010ditel\u00e9 z americk\u00e9ho programu <em>The Holocaust Study Tour<\/em> v \u010dele s vedouc\u00ed programu Colleen Tambuscio. Doprov\u00e1zel je Ing. Milo\u0161 Dobr\u00fd. Ameri\u010dt\u00ed host\u00e9 se zaj\u00edmali o historii z\u00e1k\u0159ovsk\u00e9 tragedie i o ukr\u00fdv\u00e1n\u00ed rodiny Wolfov\u00fdch. K lesn\u00edmu \u00fakrytu je zavedla starostka Tr\u0161ic Leona Stejskalov\u00e1. Na americk\u00e9 studenty ud\u011blalo velk\u00fd dojem, \u017ee po cel\u00e9 t\u0159i roky se v Tr\u0161ic\u00edch nena\u0161el nikdo, kdo by skr\u00fdvanou \u017eidovskou rodinu prozradil.<\/p>\n<p style=\"text-align: justify;\">Od za\u010d\u00e1tku se uva\u017eovalo rovn\u011b\u017e o pam\u011btn\u00edm kameni na m\u00edst\u011b lesn\u00edho \u00fakrytu. Tomu byla nakonec d\u00e1na se souhlasem americk\u00e9 strany p\u0159ednost. Finan\u010dn\u00ed sb\u00edrka americk\u00fdch student\u016f byla vyu\u017eita na vybudov\u00e1n\u00ed lesn\u00edho are\u00e1lu s pam\u011btn\u00edm kamenem a na \u00fapravu p\u0159\u00edstupov\u00e9 cesty. Lesn\u00ed pomn\u00edk byl slavnostn\u011b odhalen 2. dubna 2012, t\u00e9m\u011b\u0159 po 70 letech od po\u010d\u00e1tku jeho vyu\u017e\u00edv\u00e1n\u00ed Wolfov\u00fdmi. Na aktu odhalen\u00ed se pod\u00edleli krom\u011b m\u011bsta Tr\u0161ic a olomouck\u00e9 \u017eidovsk\u00e9 obce tak\u00e9 Iniciativa pro podporu vyp\u00e1len\u00fdch obc\u00ed a Olomouck\u00fd kraj. \u00dalohu koordin\u00e1tora p\u0159evzal po Milo\u0161i dobr\u00e9m jeho vnuk Petr Papou\u0161ek.<\/p>\n<p style=\"text-align: justify;\">Nov\u00fdm impulsem k dokon\u010den\u00ed projektu, tj. k postaven\u00ed pam\u00e1tn\u00edku v centru Tr\u0161ic, byla nab\u00eddka pan\u00ed Dr. Joan Ellyn Silber, \u010dlenky U. S. Commission for the Preservation of American Heritage Abroad Foundation (Komise Spojen\u00fdch st\u00e1t\u016f pro zachov\u00e1n\u00ed americk\u00e9ho d\u011bdictv\u00ed v zahrani\u010d\u00ed). Pan\u00ed Silber v z\u00e1v\u011bru roku 2012 sd\u011blila, \u017ee ji velmi zaujalo vypr\u00e1v\u011bn\u00ed Colleen Tambuscio o vztahu student\u016f k \u017didovsk\u00e9 obci Olomouc a k tr\u0161ick\u00e9mu p\u0159\u00edb\u011bhu. Ona i jej\u00ed man\u017eel, jak napsala, jsou velk\u00fdmi fanou\u0161ky \u010cesk\u00e9 republiky &#8211; nav\u0161t\u00edvili Prahu a jej\u00ed man\u017eel se setkal s americk\u00fdm ambasadorem v \u010cR Eisenem. Jednala proto s \u0159editelem <em>Komise pro zachov\u00e1n\u00ed americk\u00e9ho d\u011bdictv\u00ed<\/em> Jeffem Farrowem, aby uvolnil finan\u010dn\u00ed prost\u0159edky pro projekt tr\u0161ick\u00e9ho pam\u00e1tn\u00edku. To se j\u00ed poda\u0159ilo a Jeff Farrow nab\u00eddl finan\u010dn\u00ed podporu, kter\u00e1 \u010d\u00e1ste\u010dn\u011b pokryla n\u00e1klady na pomn\u00edk. Na dofinancov\u00e1n\u00ed se \u017didovsk\u00e1 obec Olomouc pod\u00edlela s Olomouck\u00fdm krajem.<\/p>\n<p style=\"text-align: center;\"><a href=\"http:\/\/kehila-olomouc.cz\/rs\/wp-content\/uploads\/pozvanka_tr\u0161ice.jpg\"><img loading=\"lazy\" decoding=\"async\" class=\"aligncenter  wp-image-6017\" title=\"pozvanka_tr\u0161ice\" src=\"http:\/\/kehila-olomouc.cz\/rs\/wp-content\/uploads\/pozvanka_tr\u0161ice.jpg\" alt=\"\" width=\"536\" height=\"253\" srcset=\"https:\/\/kehila-olomouc.cz\/rs\/wp-content\/uploads\/pozvanka_tr\u0161ice.jpg 1240w, https:\/\/kehila-olomouc.cz\/rs\/wp-content\/uploads\/pozvanka_tr\u0161ice-300x141.jpg 300w, https:\/\/kehila-olomouc.cz\/rs\/wp-content\/uploads\/pozvanka_tr\u0161ice-1024x483.jpg 1024w\" sizes=\"(max-width: 536px) 100vw, 536px\" \/><\/a><\/p>\n","protected":false},"excerpt":{"rendered":"<p>Slavnostn\u00ed odhalen\u00ed pam\u00e1tn\u00edku spravedliv\u00fdm mezi n\u00e1rody a ob\u011btem holocaustu v Tr\u0161ic\u00edch se uskute\u010dn\u00ed ve <strong>st\u0159edu 10. dubna 2013<\/strong>. Host\u00e9 se sejdou v reprezenta\u010dn\u00edch prostor\u00e1ch tr\u0161ick\u00e9ho z\u00e1mku ve 13 hodin, v 13.20 hodin spole\u010dn\u011b p\u0159ejdou k pam\u00e1tn\u00edku v centru obce a k vlastn\u00edmu odhalen\u00ed pam\u00e1tn\u00edku dojde ve <strong>13.30 hodin<\/strong>&#8230;<\/p>\n","protected":false},"author":3,"featured_media":0,"comment_status":"closed","ping_status":"closed","sticky":false,"template":"","format":"standard","meta":{"ngg_post_thumbnail":0,"footnotes":""},"categories":[4],"tags":[],"class_list":["post-6014","post","type-post","status-publish","format-standard","hentry","category-featured"],"_links":{"self":[{"href":"https:\/\/kehila-olomouc.cz\/rs\/wp-json\/wp\/v2\/posts\/6014"}],"collection":[{"href":"https:\/\/kehila-olomouc.cz\/rs\/wp-json\/wp\/v2\/posts"}],"about":[{"href":"https:\/\/kehila-olomouc.cz\/rs\/wp-json\/wp\/v2\/types\/post"}],"author":[{"embeddable":true,"href":"https:\/\/kehila-olomouc.cz\/rs\/wp-json\/wp\/v2\/users\/3"}],"replies":[{"embeddable":true,"href":"https:\/\/kehila-olomouc.cz\/rs\/wp-json\/wp\/v2\/comments?post=6014"}],"version-history":[{"count":8,"href":"https:\/\/kehila-olomouc.cz\/rs\/wp-json\/wp\/v2\/posts\/6014\/revisions"}],"predecessor-version":[{"id":6019,"href":"https:\/\/kehila-olomouc.cz\/rs\/wp-json\/wp\/v2\/posts\/6014\/revisions\/6019"}],"wp:attachment":[{"href":"https:\/\/kehila-olomouc.cz\/rs\/wp-json\/wp\/v2\/media?parent=6014"}],"wp:term":[{"taxonomy":"category","embeddable":true,"href":"https:\/\/kehila-olomouc.cz\/rs\/wp-json\/wp\/v2\/categories?post=6014"},{"taxonomy":"post_tag","embeddable":true,"href":"https:\/\/kehila-olomouc.cz\/rs\/wp-json\/wp\/v2\/tags?post=6014"}],"curies":[{"name":"wp","href":"https:\/\/api.w.org\/{rel}","templated":true}]}}