{"id":5982,"date":"2013-03-01T12:58:51","date_gmt":"2013-03-01T10:58:51","guid":{"rendered":"http:\/\/kehila-olomouc.cz\/rs\/?p=5982"},"modified":"2015-11-16T14:49:36","modified_gmt":"2015-11-16T12:49:36","slug":"olomouc-se-pripoji-k-sborovemu-happeningu-pamatuj-remember","status":"publish","type":"post","link":"https:\/\/kehila-olomouc.cz\/rs\/5982\/olomouc-se-pripoji-k-sborovemu-happeningu-pamatuj-remember\/","title":{"rendered":"Olomouc se p\u0159ipoj\u00ed k sborov\u00e9mu happeningu &#8222;PAMATUJ! &#8211; REMEMBER!&#8220;"},"content":{"rendered":"<p style=\"text-align: justify;\">V noci z 8. na 9. b\u0159ezna 1944 bylo v plynov\u00fdch komor\u00e1ch Osv\u011btimi II\u2013Birkenau zavra\u017ed\u011bno 3792 nevinn\u00fdch mu\u017e\u016f, \u017een a d\u011bt\u00ed, kte\u0159\u00ed byli deportov\u00e1ni do Osv\u011btimi z terez\u00ednsk\u00e9ho ghetta v z\u00e1\u0159\u00ed 1943. Dal\u0161\u00edch 6 500 mu\u017e\u016f, \u017een a d\u011bt\u00ed bylo zavra\u017ed\u011bno v noc\u00edch 10. a 11. \u010dervence 1944. B\u011bhem t\u011bchto noc\u00ed zahynulo v\u00edce ne\u017e 10 000 \u010deskoslovensk\u00fdch ob\u010dan\u016f. Byla to nejv\u011bt\u0161\u00ed hromadn\u00e1 vra\u017eda v \u010desk\u00fdch d\u011bjin\u00e1ch, jej\u00ed\u017e ob\u011bt\u00ed byli i na\u0161i olomou\u010dt\u00ed spoluob\u010dan\u00e9.<\/p>\n<p style=\"text-align: justify;\">Z iniciativy sbormistra vok\u00e1ln\u00edho souboru Geshem Ing. Marka \u0160lechty se bude 7. b\u0159ezna 2013 konat na n\u00e1m\u011bst\u00edch asi 50 \u010desk\u00fdch a moravsk\u00fdch m\u011bst a obc\u00ed sborov\u00fd happening, kter\u00fd p\u0159ipomene tuto tragickou ud\u00e1lost. Na \u0159ad\u011b m\u00edst vystoup\u00ed n\u011bkolik p\u011bveck\u00fdch soubor\u016f spole\u010dn\u011b.<\/p>\n<p style=\"text-align: justify;\"><strong>V Olomouci vystoup\u00ed 7. b\u0159ezna v 17 hodin na Horn\u00edm n\u00e1m\u011bst\u00ed sbor Kassiopea, veden\u00fd Hanou Vyroubalovou. Sbor zazp\u00edv\u00e1 p\u00edsn\u011b, kter\u00e9 podle zachovan\u00fdch sv\u011bdectv\u00ed zn\u011bly z \u00fast t\u011bch, kte\u0159\u00ed \u0161li on\u00e9 noci na smrt. Jsou to p\u00edsn\u011b nad\u011bje, v\u00edry a touhy po \u017eivot\u011b: <em>Hatikva<\/em> (Nad\u011bje), lidov\u00e1 p\u00edse\u0148, kter\u00e1 se pozd\u011bji stala hymnou St\u00e1tu Izrael, <em>Shema Jisrael<\/em>, vyzn\u00e1n\u00ed v\u00edry, a <em>Kde domov m\u016fj<\/em>?, \u010desk\u00e1 st\u00e1tn\u00ed hymna.<\/strong><\/p>\n<p style=\"text-align: justify;\">O smyslu akce promluv\u00ed Ladislav \u0160nevajs, n\u00e1m\u011bstek prim\u00e1tora m\u011bsta Olomouce, a Petr Papou\u0161ek, p\u0159edseda Federace \u017eidovsk\u00fdch obc\u00ed v \u010cesk\u00e9 republice<\/p>\n<p style=\"text-align: justify;\">Akci po\u0159\u00e1d\u00e1 \u017didovsk\u00e1 obec Olomouc ve spolupr\u00e1ci se statut\u00e1rn\u00edm m\u011bstem Olomouc.<\/p>\n<p style=\"text-align: justify;\">Zveme \u0161irokou olomouckou ve\u0159ejnost k \u00fa\u010dasti.<\/p>\n","protected":false},"excerpt":{"rendered":"<p>V noci z 8. na 9. b\u0159ezna 1944 bylo v plynov\u00fdch komor\u00e1ch Osv\u011btimi II\u2013Birkenau zavra\u017ed\u011bno 3792 nevinn\u00fdch mu\u017e\u016f, \u017een a d\u011bt\u00ed, kte\u0159\u00ed byli deportov\u00e1ni do Osv\u011btimi z terez\u00ednsk\u00e9ho ghetta v z\u00e1\u0159\u00ed 1943. Dal\u0161\u00edch 6 500 mu\u017e\u016f, \u017een a d\u011bt\u00ed bylo zavra\u017ed\u011bno v noc\u00edch 10. a 11. \u010dervence 1944. B\u011bhem t\u011bchto noc\u00ed zahynulo v\u00edce ne\u017e 10 000 \u010deskoslovensk\u00fdch ob\u010dan\u016f. Byla to nejv\u011bt\u0161\u00ed hromadn\u00e1 vra\u017eda v \u010desk\u00fdch d\u011bjin\u00e1ch&#8230;<\/p>\n","protected":false},"author":3,"featured_media":0,"comment_status":"closed","ping_status":"closed","sticky":false,"template":"","format":"standard","meta":{"ngg_post_thumbnail":0,"footnotes":""},"categories":[4],"tags":[],"class_list":["post-5982","post","type-post","status-publish","format-standard","hentry","category-featured"],"_links":{"self":[{"href":"https:\/\/kehila-olomouc.cz\/rs\/wp-json\/wp\/v2\/posts\/5982"}],"collection":[{"href":"https:\/\/kehila-olomouc.cz\/rs\/wp-json\/wp\/v2\/posts"}],"about":[{"href":"https:\/\/kehila-olomouc.cz\/rs\/wp-json\/wp\/v2\/types\/post"}],"author":[{"embeddable":true,"href":"https:\/\/kehila-olomouc.cz\/rs\/wp-json\/wp\/v2\/users\/3"}],"replies":[{"embeddable":true,"href":"https:\/\/kehila-olomouc.cz\/rs\/wp-json\/wp\/v2\/comments?post=5982"}],"version-history":[{"count":6,"href":"https:\/\/kehila-olomouc.cz\/rs\/wp-json\/wp\/v2\/posts\/5982\/revisions"}],"predecessor-version":[{"id":7527,"href":"https:\/\/kehila-olomouc.cz\/rs\/wp-json\/wp\/v2\/posts\/5982\/revisions\/7527"}],"wp:attachment":[{"href":"https:\/\/kehila-olomouc.cz\/rs\/wp-json\/wp\/v2\/media?parent=5982"}],"wp:term":[{"taxonomy":"category","embeddable":true,"href":"https:\/\/kehila-olomouc.cz\/rs\/wp-json\/wp\/v2\/categories?post=5982"},{"taxonomy":"post_tag","embeddable":true,"href":"https:\/\/kehila-olomouc.cz\/rs\/wp-json\/wp\/v2\/tags?post=5982"}],"curies":[{"name":"wp","href":"https:\/\/api.w.org\/{rel}","templated":true}]}}