{"id":5958,"date":"2013-01-18T15:03:04","date_gmt":"2013-01-18T13:03:04","guid":{"rendered":"http:\/\/kehila-olomouc.cz\/rs\/?p=5958"},"modified":"2015-11-16T14:49:36","modified_gmt":"2015-11-16T12:49:36","slug":"pozvanka","status":"publish","type":"post","link":"https:\/\/kehila-olomouc.cz\/rs\/5958\/pozvanka\/","title":{"rendered":"Pozv\u00e1nka"},"content":{"rendered":"<p>Dovolujeme si v\u00e1s pozvat na slavnostn\u00ed premi\u00e9ru dokument\u00e1rn\u00edho filmu &#8222;P\u0159erov a jeho v\u00e1lka&#8220;. Prom\u00edt\u00e1n\u00ed prob\u011bhne 22. \u00fanora 2013 v 16:00 v Tr\u0161ic\u00edch \u010d.p. 27, s\u00e1l v &#8222;Radnici&#8220;. Dokument vznikl za finan\u010dn\u00edho p\u0159isp\u011bn\u00ed Olomouck\u00e9ho kraje a statut\u00e1rn\u00edho m\u011bsta P\u0159erov. Re\u017eie Michal Najbrt<\/p>\n<p style=\"text-align: center;\"><a href=\"http:\/\/kehila-olomouc.cz\/rs\/wp-content\/uploads\/pozvanka_film_22_02_2013.jpg\"><img loading=\"lazy\" decoding=\"async\" class=\"aligncenter  wp-image-5971\" title=\"pozvanka_film_22_02_2013\" src=\"http:\/\/kehila-olomouc.cz\/rs\/wp-content\/uploads\/pozvanka_film_22_02_2013.jpg\" alt=\"\" width=\"514\" height=\"254\" srcset=\"https:\/\/kehila-olomouc.cz\/rs\/wp-content\/uploads\/pozvanka_film_22_02_2013.jpg 1070w, https:\/\/kehila-olomouc.cz\/rs\/wp-content\/uploads\/pozvanka_film_22_02_2013-300x148.jpg 300w, https:\/\/kehila-olomouc.cz\/rs\/wp-content\/uploads\/pozvanka_film_22_02_2013-1024x507.jpg 1024w\" sizes=\"(max-width: 514px) 100vw, 514px\" \/><\/a><\/p>\n","protected":false},"excerpt":{"rendered":"<p>Dovolujeme si v\u00e1s pozvat na slavnostn\u00ed premi\u00e9ru dokument\u00e1rn\u00edho filmu &#8222;P\u0159erov a jeho v\u00e1lka&#8220;. Prom\u00edt\u00e1n\u00ed prob\u011bhne 22. \u00fanora 2013 v 16:00 v Tr\u0161ic\u00edch \u010d.p. 27, s\u00e1l v &#8222;Radnici&#8220;. Dokument vznikl za finan\u010dn\u00edho p\u0159isp\u011bn\u00ed Olomouck\u00e9ho kraje a statut\u00e1rn\u00edho m\u011bsta P\u0159erov. Re\u017eie Michal Najbrt &#8230;<\/p>\n","protected":false},"author":3,"featured_media":0,"comment_status":"closed","ping_status":"closed","sticky":false,"template":"","format":"standard","meta":{"ngg_post_thumbnail":0,"footnotes":""},"categories":[4],"tags":[],"class_list":["post-5958","post","type-post","status-publish","format-standard","hentry","category-featured"],"_links":{"self":[{"href":"https:\/\/kehila-olomouc.cz\/rs\/wp-json\/wp\/v2\/posts\/5958"}],"collection":[{"href":"https:\/\/kehila-olomouc.cz\/rs\/wp-json\/wp\/v2\/posts"}],"about":[{"href":"https:\/\/kehila-olomouc.cz\/rs\/wp-json\/wp\/v2\/types\/post"}],"author":[{"embeddable":true,"href":"https:\/\/kehila-olomouc.cz\/rs\/wp-json\/wp\/v2\/users\/3"}],"replies":[{"embeddable":true,"href":"https:\/\/kehila-olomouc.cz\/rs\/wp-json\/wp\/v2\/comments?post=5958"}],"version-history":[{"count":8,"href":"https:\/\/kehila-olomouc.cz\/rs\/wp-json\/wp\/v2\/posts\/5958\/revisions"}],"predecessor-version":[{"id":7528,"href":"https:\/\/kehila-olomouc.cz\/rs\/wp-json\/wp\/v2\/posts\/5958\/revisions\/7528"}],"wp:attachment":[{"href":"https:\/\/kehila-olomouc.cz\/rs\/wp-json\/wp\/v2\/media?parent=5958"}],"wp:term":[{"taxonomy":"category","embeddable":true,"href":"https:\/\/kehila-olomouc.cz\/rs\/wp-json\/wp\/v2\/categories?post=5958"},{"taxonomy":"post_tag","embeddable":true,"href":"https:\/\/kehila-olomouc.cz\/rs\/wp-json\/wp\/v2\/tags?post=5958"}],"curies":[{"name":"wp","href":"https:\/\/api.w.org\/{rel}","templated":true}]}}