{"id":5951,"date":"2013-01-14T23:25:15","date_gmt":"2013-01-14T21:25:15","guid":{"rendered":"http:\/\/kehila-olomouc.cz\/rs\/?p=5951"},"modified":"2015-11-16T14:49:36","modified_gmt":"2015-11-16T12:49:36","slug":"proc-v-ghettu-muzy-nemlcely","status":"publish","type":"post","link":"https:\/\/kehila-olomouc.cz\/rs\/5951\/proc-v-ghettu-muzy-nemlcely\/","title":{"rendered":"Pro\u010d v ghettu m\u00fazy neml\u010dely?"},"content":{"rendered":"<p style=\"text-align: center;\"><strong>Pam\u00e1tn\u00edk Terez\u00edn<\/strong><\/p>\n<p style=\"text-align: center;\">vyhla\u0161uje na rok 2013<br \/>\nXIX. ro\u010dn\u00edk liter\u00e1rn\u00ed a XVII. ro\u010dn\u00edk v\u00fdtvarn\u00e9 sout\u011b\u017ee<br \/>\npod spole\u010dn\u00fdm t\u00e9matem<\/p>\n<p style=\"text-align: center;\"><strong>Pro\u010d v ghettu m\u00fazy neml\u010dely?<\/strong><\/p>\n<p style=\"text-align: justify;\">Spisovatel Norbert Fr\u00fdd, jeden z\u00a0v\u011bz\u0148\u016f terez\u00ednsk\u00e9ho ghetta, v\u00a0roce 1975 vzpom\u00ednal: (\u2026) <em>vznikl pl\u00e1n napsat Abecedu kv\u011btovan\u00e9ho kon\u011b pro p\u0159ed\u010d\u00edt\u00e1n\u00ed, zp\u00edv\u00e1n\u00ed a hru v domovech ml\u00e1de\u017ee <\/em>(pozn.: v\u00a0Ghettu Terez\u00edn)<em>. Hotov\u00fd rukopis jsem uk\u00e1zal kamar\u00e1dovi Karlu Reinerovi a on k\u00a0n\u011bmu b\u011bhem kr\u00e1tk\u00e9 doby slo\u017eil p\u011bknou hudbu. \u00a0(\u2026) do terez\u00ednsk\u00e9ho koncentra\u010dn\u00edho t\u00e1bora putovaly noty v\u00a0ranc\u00edch (\u2026). Ani zde nepolevil vzdor, zatvrzel\u00e1 v\u016fle dr\u017eet se \u017eivota se smyslem pro drobn\u00e9 radosti, pro hezk\u00e9 v\u011bci.<\/em><\/p>\n<p style=\"text-align: justify;\">Uveden\u00e1 slova popisuj\u00ed situaci \u010desk\u00fdch \u017eidovsk\u00fdch d\u011bt\u00ed a jejich vychovatel\u016f v\u00a0dob\u011b 2. sv\u011btov\u00e9 v\u00e1lky. I v t\u00ed\u017eiv\u00fdch \u017eivotn\u00edch podm\u00ednk\u00e1ch ghett a koncentra\u010dn\u00edch t\u00e1bor\u016f dok\u00e1zaly hr\u00e1t a zp\u00edvat p\u00edsni\u010dky, kter\u00e9 jim dod\u00e1valy chu\u0165 do \u017eivota. Symbolem tohoto jejich pozitivn\u00edho vzdoru se stala d\u011btsk\u00e1 opera Hanse Kr\u00e1sy s n\u00e1zvem Brundib\u00e1r, jej\u00ed\u017e 70. v\u00fdro\u010d\u00ed proveden\u00ed v\u00a0Ghettu Terez\u00edn si letos p\u0159ipom\u00edn\u00e1me. Jej\u00ed nastudov\u00e1n\u00ed pat\u0159\u00ed k\u00a0v\u016fbec nejzn\u00e1m\u011bj\u0161\u00edm kulturn\u00edm po\u010din\u016fm terez\u00ednsk\u00fdch v\u011bz\u0148\u016f.<\/p>\n<p style=\"text-align: justify;\">Co byste v podobn\u00e9 t\u00ed\u017eiv\u00e9 situaci ud\u011blali vy? Napsali b\u00e1sni\u010dku, pov\u00eddku, hudebn\u00ed skladbu, nakreslili \u010di namalovali obr\u00e1zek? Jedn\u00e1 se o zp\u016fsob, jak vyj\u00e1d\u0159it svou touhu \u00a0po \u017eivot\u011b? Kreslili byste, psali a zp\u00edvali, \u00a0kdyby v\u00e1m hrozilo, \u017ee budete vyhn\u00e1ni ze sv\u00e9ho domova, va\u0161e rodina bude str\u00e1dat a budete muset opustit svou vlast? S t\u011bmito ot\u00e1zkami \u00fazce souvis\u00ed leto\u0161n\u00ed um\u011bleck\u00e9 sout\u011b\u017ee Pam\u00e1tn\u00edku Terez\u00edn s\u00a0v\u00fd\u0161e uveden\u00fdm\u00a0t\u00e9matem.<\/p>\n<p style=\"text-align: justify;\"><strong>Zamyslete se nad v\u00fd\u0161e uveden\u00fdmi ot\u00e1zkami a vytvo\u0159te v\u00fdtvarn\u00e9 \u010di liter\u00e1rn\u00ed pr\u00e1ce, kter\u00e9 n\u00e1m za\u0161lete na n\u00ed\u017ee uvedenou adresu. M\u016f\u017eete si samoz\u0159ejm\u011b polo\u017eit i ot\u00e1zky vlastn\u00ed, kter\u00e9 se tak\u00e9 s\u00a0vyhl\u00e1\u0161en\u00fdm t\u00e9matem \u00fazce poj\u00ed. P\u0159i zpracov\u00e1n\u00ed V\u00e1m ponech\u00e1v\u00e1me mo\u017enost volby jak\u00e9koliv um\u011bleck\u00e9 formy a techniky.<\/strong><\/p>\n<p><strong><span style=\"text-decoration: underline;\">V\u011bkov\u00e9 kategorie v\u00fdtvarn\u00e9 sout\u011b\u017ee:<\/span><\/strong><\/p>\n<ol>\n<li>\u017e\u00e1ci 1. &#8211; 5. ro\u010dn\u00edk\u016f Z\u0160<\/li>\n<li>\u017e\u00e1ci 6. &#8211; 9. ro\u010dn\u00edk\u016f Z\u0160 a odpov\u00eddaj\u00edc\u00edch ro\u010dn\u00edk\u016f v\u00edcelet\u00fdch gymn\u00e1zi\u00ed<\/li>\n<li>studenti gymn\u00e1zi\u00ed, S\u0160 a SOU<\/li>\n<\/ol>\n<p><strong><span style=\"text-decoration: underline;\">V\u011bkov\u00e9 kategorie liter\u00e1rn\u00ed sout\u011b\u017ee:<\/span><\/strong><\/p>\n<ol>\n<li>\u017e\u00e1ci 6. &#8211; 9. ro\u010dn\u00edku Z\u0160 a odpov\u00eddaj\u00edc\u00edch ro\u010dn\u00edk\u016f v\u00edcelet\u00fdch gymn\u00e1zi\u00ed<\/li>\n<li>studenti \u010dty\u0159let\u00fdch gymn\u00e1zi\u00ed a 5.- 8. \u00a0ro\u010dn\u00edk\u016f v\u00edcelet\u00fdch gymn\u00e1zi\u00ed, S\u0160 a SOU<\/li>\n<\/ol>\n<p><strong><span style=\"text-decoration: underline;\">Podm\u00ednky \u00fa\u010dasti a \u010dasov\u00e9 rozvr\u017een\u00ed sout\u011b\u017e\u00ed:<\/span><\/strong><\/p>\n<p style=\"text-align: justify;\">Pr\u00e1ce mus\u00ed b\u00fdt p\u0159ed\u00e1ny nebo odesl\u00e1ny na n\u00ed\u017ee uvedenou kontaktn\u00ed adresu nejpozd\u011bji do <strong>20. dubna 2013. <\/strong>U ka\u017ed\u00e9 pr\u00e1ce mus\u00ed b\u00fdt uveden \u010diteln\u011b <strong>n\u00e1zev d\u00edla, jm\u00e9no autora a jeho v\u011bk, kategorie, datum narozen\u00ed, adresa bydli\u0161t\u011b, e-mailov\u00e1 adresa autora <\/strong>(pokud existuje)<strong>, adresa nav\u0161t\u011bvovan\u00e9 \u0161koly, ro\u010dn\u00edk (t\u0159\u00edda) a jm\u00e9no vedouc\u00edho pedagoga. <\/strong>Ka\u017ed\u00fd \u00fa\u010dastn\u00edk (\u017e\u00e1k, student) zas\u00edl\u00e1 pouze jednu pr\u00e1ci do ka\u017ed\u00e9 ze sout\u011b\u017e\u00ed (po\u010det zas\u00edlan\u00fdch d\u011bl z jedn\u00e9 organizace &#8211; \u0161koly nen\u00ed omezen). Po\u0159adatel si vyhrazuje pr\u00e1vo na vyu\u017eit\u00ed zaslan\u00fdch prac\u00ed pro dal\u0161\u00ed nekomer\u010dn\u00ed v\u00fdstavy, charitativn\u00ed akce a pro jejich reprodukce v\u00a0tisku. Zaslan\u00e9 pr\u00e1ce se nevracej\u00ed. Slavnostn\u00ed vyhl\u00e1\u0161en\u00ed v\u00fdsledk\u016f sout\u011b\u017ee prob\u011bhne <strong>12. \u010dervna 2013 v\u00a0Terez\u00edn\u011b. <\/strong>V\u00fdherci z\u00edskaj\u00ed \u0159adu v\u011bcn\u00fdch cen i pen\u011b\u017en\u00ed odm\u011bny.<strong> <\/strong>Tv\u016frci ocen\u011bn\u00fdch prac\u00ed i \u0161koly, kter\u00e9 nav\u0161t\u011bvuj\u00ed, budou samoz\u0159ejm\u011b v\u00a0dostate\u010dn\u00e9m p\u0159edstihu o v\u00fdsledku sout\u011b\u017e\u00ed informov\u00e1ni.<\/p>\n<p><strong><span style=\"text-decoration: underline;\">Pen\u011b\u017en\u00ed odm\u011bny (ze sponzorsk\u00e9ho daru Hany Greenfieldov\u00e9):<\/span><\/strong><\/p>\n<p>1. m\u00edsto\u00a0\u00a0\u00a0\u00a0\u00a0\u00a0\u00a0\u00a0\u00a0\u00a0\u00a0\u00a0\u00a0\u00a0\u00a0\u00a0\u00a0\u00a0\u00a0\u00a0\u00a0\u00a0 500 K\u010d<br \/>\n2. m\u00edsto\u00a0\u00a0\u00a0\u00a0\u00a0\u00a0\u00a0\u00a0\u00a0\u00a0\u00a0\u00a0\u00a0\u00a0\u00a0\u00a0\u00a0\u00a0\u00a0\u00a0\u00a0\u00a0 400 K\u010d<br \/>\n3. m\u00edsto\u00a0\u00a0\u00a0\u00a0\u00a0\u00a0\u00a0\u00a0\u00a0\u00a0\u00a0\u00a0\u00a0\u00a0\u00a0\u00a0\u00a0\u00a0\u00a0\u00a0\u00a0\u00a0 300 K\u010d<br \/>\n4. &#8211; 5. m\u00edsto \u00a0 \u00a0 \u00a0 \u00a0 \u00a0 \u00a0 \u00a0 200 K\u010d<br \/>\n6. &#8211; 8. m\u00edsto \u00a0 \u00a0 \u00a0 \u00a0 \u00a0 \u00a0 \u00a0 \u00a0100 K\u010d<\/p>\n<p>Ud\u011bleny budou i zvl\u00e1\u0161tn\u00ed <em>Ceny dr. Erika Pol\u00e1ka<\/em>, financovan\u00e9 Terez\u00ednskou iniciativou.<\/p>\n<p><strong><span style=\"text-decoration: underline;\">Kontaktn\u00ed adresa:<\/span><\/strong><\/p>\n<p>Muzeum ghetta \u2013 vzd\u011bl\u00e1vac\u00ed odd\u011blen\u00ed<\/p>\n<p>Mgr. Pavel Straka<br \/>\nPam\u00e1tn\u00edk Terez\u00edn 411 55 Terez\u00edn<br \/>\ntel.: 416\u00a0782\u00a0576, e-mail: <a href=\"mailto:straka@pamatnik-terezin.cz\">straka@pamatnik-terezin.cz<\/a><\/p>\n","protected":false},"excerpt":{"rendered":"<p>Pam\u00e1tn\u00edk Terez\u00edn vyhla\u0161uje na rok 2013 XIX. ro\u010dn\u00edk liter\u00e1rn\u00ed a XVII. ro\u010dn\u00edk v\u00fdtvarn\u00e9 sout\u011b\u017ee pod spole\u010dn\u00fdm t\u00e9matem Pro\u010d v ghettu m\u00fazy neml\u010dely? Spisovatel Norbert Fr\u00fdd, jeden z v\u011bz\u0148\u016f terez\u00ednsk\u00e9ho ghetta, v roce 1975 vzpom\u00ednal: (\u2026) vznikl pl\u00e1n napsat Abecedu kv\u011btovan\u00e9ho kon\u011b pro p\u0159ed\u010d\u00edt\u00e1n\u00ed, zp\u00edv\u00e1n\u00ed a hru v domovech ml\u00e1de\u017ee (pozn.: v Ghettu Terez\u00edn). Hotov\u00fd rukopis jsem uk\u00e1zal kamar\u00e1dovi Karlu Reinerovi a on k n\u011bmu b\u011bhem &#8230;<\/p>\n","protected":false},"author":3,"featured_media":0,"comment_status":"closed","ping_status":"closed","sticky":false,"template":"","format":"standard","meta":{"ngg_post_thumbnail":0,"footnotes":""},"categories":[4],"tags":[],"class_list":["post-5951","post","type-post","status-publish","format-standard","hentry","category-featured"],"_links":{"self":[{"href":"https:\/\/kehila-olomouc.cz\/rs\/wp-json\/wp\/v2\/posts\/5951"}],"collection":[{"href":"https:\/\/kehila-olomouc.cz\/rs\/wp-json\/wp\/v2\/posts"}],"about":[{"href":"https:\/\/kehila-olomouc.cz\/rs\/wp-json\/wp\/v2\/types\/post"}],"author":[{"embeddable":true,"href":"https:\/\/kehila-olomouc.cz\/rs\/wp-json\/wp\/v2\/users\/3"}],"replies":[{"embeddable":true,"href":"https:\/\/kehila-olomouc.cz\/rs\/wp-json\/wp\/v2\/comments?post=5951"}],"version-history":[{"count":5,"href":"https:\/\/kehila-olomouc.cz\/rs\/wp-json\/wp\/v2\/posts\/5951\/revisions"}],"predecessor-version":[{"id":5956,"href":"https:\/\/kehila-olomouc.cz\/rs\/wp-json\/wp\/v2\/posts\/5951\/revisions\/5956"}],"wp:attachment":[{"href":"https:\/\/kehila-olomouc.cz\/rs\/wp-json\/wp\/v2\/media?parent=5951"}],"wp:term":[{"taxonomy":"category","embeddable":true,"href":"https:\/\/kehila-olomouc.cz\/rs\/wp-json\/wp\/v2\/categories?post=5951"},{"taxonomy":"post_tag","embeddable":true,"href":"https:\/\/kehila-olomouc.cz\/rs\/wp-json\/wp\/v2\/tags?post=5951"}],"curies":[{"name":"wp","href":"https:\/\/api.w.org\/{rel}","templated":true}]}}