{"id":5938,"date":"2012-12-20T23:50:15","date_gmt":"2012-12-20T21:50:15","guid":{"rendered":"http:\/\/kehila-olomouc.cz\/rs\/?p=5938"},"modified":"2015-11-16T14:49:36","modified_gmt":"2015-11-16T12:49:36","slug":"federace-zidovskych-obci-v-ceske-republice-ma-noveho-predsedu","status":"publish","type":"post","link":"https:\/\/kehila-olomouc.cz\/rs\/5938\/federace-zidovskych-obci-v-ceske-republice-ma-noveho-predsedu\/","title":{"rendered":"Federace \u017eidovsk\u00fdch obc\u00ed v \u010cesk\u00e9 republice m\u00e1 nov\u00e9ho p\u0159edsedu"},"content":{"rendered":"<p>Federace \u017eidovsk\u00fdch obc\u00ed v\u00a0\u010cesk\u00e9 republice m\u00e1 nov\u00e9ho nejvy\u0161\u0161\u00edho p\u0159edstavitele. Na\u00a0obdob\u00ed 2012-2016 byl zvolen jej\u00edm p\u0159edsedou Ing. Petr Papou\u0161ek (1977), p\u0159edseda \u017didovsk\u00e9 obce v\u00a0Olomouci. Ve funkci p\u0159edsedy Federace \u017eidovsk\u00fdch obc\u00ed v\u00a0\u010cR vyst\u0159\u00eddal Ji\u0159\u00edho Dan\u00ed\u010dka, kter\u00fd st\u00e1l v\u00a0\u010dele t\u00e9to instituce v\u00a0letech 2004-2012.<\/p>\n<p>Na tot\u00e9\u017e volebn\u00ed obdob\u00ed zvolila Rada Federace \u017eidovsk\u00fdch obc\u00ed na sv\u00e9m v\u010derej\u0161\u00edm zased\u00e1n\u00ed tak\u00e9 nov\u00e9 Prezidium F\u017dO. Vrchn\u00edm zemsk\u00fdm rab\u00ednem je i nad\u00e1le rab\u00edn Efraim K. Sidon.<\/p>\n<p>Petr Papou\u0161ek se narodil v\u00a0Olomouci v\u00a0roce 1977. V\u00a0devades\u00e1t\u00fdch letech za\u010dal nav\u0161t\u011bvovat \u017didovskou obec v Olomouci, \u00fa\u010dastnil se \u017eidovsk\u00fdch t\u00e1bor\u016f v\u00a0zahrani\u010d\u00ed a setk\u00e1n\u00ed evropsk\u00e9 ml\u00e1de\u017ee. B\u011bhem studi\u00ed na ekonomick\u00e9 fakult\u011b str\u00e1vil jeden \u0161koln\u00ed rok v Jeruzal\u00e9m\u011b na Hebrejsk\u00e9 univerzit\u011b. Po dokon\u010den\u00ed vysoko\u0161kolsk\u00e9ho vzd\u011bl\u00e1n\u00ed v\u00a0oboru makroekonomie z\u00edskal ro\u010dn\u00ed stipendium ve Stockholmu na Evropsk\u00e9m institutu pro \u017eidovsk\u00e1 studia \u2013 Paideia.\u00a0 Po ukon\u010den\u00ed studia ve \u0160v\u00e9dsku je od roku 2004 zam\u011bstn\u00e1n na \u017dO Olomouc, kde p\u016fsob\u00ed jako p\u0159edseda. Ve stejn\u00e9m obdob\u00ed byl zvolen do Prezidia a pod\u00edlel se na veden\u00ed F\u017dO. \u00a0Byl delegov\u00e1n do mezin\u00e1rodn\u00edch organizac\u00ed, jako jsou ECJC (Evropsk\u00e1 rada \u017eidovsk\u00fdch komunit), ITF (Mezin\u00e1rodn\u00ed v\u00fdbor pro vzd\u011bl\u00e1v\u00e1n\u00ed, p\u0159ipom\u00ednku a v\u00fdzkum holocaustu) a v\u00a0posledn\u00ed \u0159ad\u011b zastupoval F\u017dO ve spr\u00e1vn\u00ed rad\u011b ESLI (Evropsk\u00fd institut odkazu \u0161oa).<\/p>\n","protected":false},"excerpt":{"rendered":"<p>Federace \u017eidovsk\u00fdch obc\u00ed v \u010cesk\u00e9 republice m\u00e1 nov\u00e9ho nejvy\u0161\u0161\u00edho p\u0159edstavitele. Na obdob\u00ed 2012-2016 byl zvolen jej\u00edm p\u0159edsedou Ing. Petr Papou\u0161ek (1977), p\u0159edseda \u017didovsk\u00e9 obce v Olomouci. Ve funkci p\u0159edsedy Federace \u017eidovsk\u00fdch obc\u00ed v \u010cR vyst\u0159\u00eddal Ji\u0159\u00edho Dan\u00ed\u010dka, kter\u00fd st\u00e1l v \u010dele t\u00e9to instituce v letech 2004-2012. Na tot\u00e9\u017e volebn\u00ed obdob\u00ed zvolila Rada Federace \u017eidovsk\u00fdch obc\u00ed na sv\u00e9m v\u010derej\u0161\u00edm zased\u00e1n\u00ed tak\u00e9 nov\u00e9 Prezidium F\u017dO. Vrchn\u00edm zemsk\u00fdm rab\u00ednem je i nad\u00e1le rab\u00edn Efraim K. Sidon&#8230;.<\/p>\n","protected":false},"author":3,"featured_media":0,"comment_status":"closed","ping_status":"closed","sticky":false,"template":"","format":"standard","meta":{"ngg_post_thumbnail":0,"footnotes":""},"categories":[4],"tags":[],"class_list":["post-5938","post","type-post","status-publish","format-standard","hentry","category-featured"],"_links":{"self":[{"href":"https:\/\/kehila-olomouc.cz\/rs\/wp-json\/wp\/v2\/posts\/5938"}],"collection":[{"href":"https:\/\/kehila-olomouc.cz\/rs\/wp-json\/wp\/v2\/posts"}],"about":[{"href":"https:\/\/kehila-olomouc.cz\/rs\/wp-json\/wp\/v2\/types\/post"}],"author":[{"embeddable":true,"href":"https:\/\/kehila-olomouc.cz\/rs\/wp-json\/wp\/v2\/users\/3"}],"replies":[{"embeddable":true,"href":"https:\/\/kehila-olomouc.cz\/rs\/wp-json\/wp\/v2\/comments?post=5938"}],"version-history":[{"count":3,"href":"https:\/\/kehila-olomouc.cz\/rs\/wp-json\/wp\/v2\/posts\/5938\/revisions"}],"predecessor-version":[{"id":5940,"href":"https:\/\/kehila-olomouc.cz\/rs\/wp-json\/wp\/v2\/posts\/5938\/revisions\/5940"}],"wp:attachment":[{"href":"https:\/\/kehila-olomouc.cz\/rs\/wp-json\/wp\/v2\/media?parent=5938"}],"wp:term":[{"taxonomy":"category","embeddable":true,"href":"https:\/\/kehila-olomouc.cz\/rs\/wp-json\/wp\/v2\/categories?post=5938"},{"taxonomy":"post_tag","embeddable":true,"href":"https:\/\/kehila-olomouc.cz\/rs\/wp-json\/wp\/v2\/tags?post=5938"}],"curies":[{"name":"wp","href":"https:\/\/api.w.org\/{rel}","templated":true}]}}