{"id":5875,"date":"2012-11-25T14:53:29","date_gmt":"2012-11-25T12:53:29","guid":{"rendered":"http:\/\/kehila-olomouc.cz\/rs\/?p=5875"},"modified":"2015-11-16T14:49:36","modified_gmt":"2015-11-16T12:49:36","slug":"zemrel-milos-dobry","status":"publish","type":"post","link":"https:\/\/kehila-olomouc.cz\/rs\/5875\/zemrel-milos-dobry\/","title":{"rendered":"Zem\u0159el Milo\u0161 Dobr\u00fd"},"content":{"rendered":"<p><em>Je na\u0161\u00ed smutnou povinnost\u00ed ozn\u00e1mit,\u00a0 \u017ee dne 23. 11.\u00a0 2012 zem\u0159el ve v\u011bku 89 let dlouholet\u00fd tajemn\u00edk \u017didovsk\u00e9 obce v Olomouci pan Ing. Milo\u0161 Dobr\u00fd.\u00a0<\/em><em>Za posledn\u00edch dvacet let se velkou m\u011brou zaslou\u017eil o obnovu \u017eidovsk\u00e9ho \u017eivota v\u00a0\u010cesk\u00e9 republice.\u00a0<\/em><em>Poh\u0159eb se uskute\u010dn\u00ed v <strong>\u00fater\u00fd 27.11. 2012 v\u00a014:00<\/strong> na \u017eidovsk\u00e9m h\u0159bitov\u011b v Olomouci.<\/em><\/p>\n<p style=\"text-align: center;\"><strong>\u00a0<\/strong><strong>Ing. Milo\u0161 Dobr\u00fd, nositel Ceny m\u011bsta Olomouce,<\/strong><\/p>\n<p align=\"center\">b\u00fdval\u00fd tajemn\u00edk \u017didovsk\u00e9 obce Olomouc,<\/p>\n<p align=\"center\">\u0161i\u0159itel osv\u011bty o holocaustu, aktivn\u00ed odp\u016frce projev\u016f xenofobie a extremismu,<\/p>\n<p align=\"center\">zakladatel ragbyov\u00e9ho sportu v\u00a0Olomouci<\/p>\n<p align=\"center\">a posledn\u00ed prezident \u010ceskoslovensk\u00e9 ragbyov\u00e9 unie<\/p>\n<p style=\"text-align: center;\" align=\"center\"><a href=\"http:\/\/kehila-olomouc.cz\/rs\/wp-content\/uploads\/Milos-Dobry.jpg\"><img loading=\"lazy\" decoding=\"async\" class=\"aligncenter  wp-image-5877\" title=\"Milos Dobry\" src=\"http:\/\/kehila-olomouc.cz\/rs\/wp-content\/uploads\/Milos-Dobry.jpg\" alt=\"\" width=\"576\" height=\"384\" srcset=\"https:\/\/kehila-olomouc.cz\/rs\/wp-content\/uploads\/Milos-Dobry.jpg 1600w, https:\/\/kehila-olomouc.cz\/rs\/wp-content\/uploads\/Milos-Dobry-300x200.jpg 300w, https:\/\/kehila-olomouc.cz\/rs\/wp-content\/uploads\/Milos-Dobry-1024x682.jpg 1024w\" sizes=\"(max-width: 576px) 100vw, 576px\" \/><\/a><\/p>\n<p><strong>\u00a0<\/strong>\u00a0 \u00a0 \u00a0 \u00a0 \u00a0 \u00a0 Ing. Milo\u0161 Dobr\u00fd se narodil 31. ledna 1923 v\u00a0Praze v\u00a0\u017eidovsk\u00e9 rodin\u011b Gut\u016f. Pro\u0161el koncentra\u010dn\u00edmi t\u00e1bory v\u00a0Terez\u00edn\u011b a Osv\u011btimi. Po um\u00edst\u011bn\u00ed v\u00a0t\u00e1bo\u0159e ve Schwarzheide absolvoval pochod smrti, kter\u00fd p\u0159e\u017eil.<\/p>\n<p style=\"text-align: left;\">\u00a0\u00a0\u00a0\u00a0\u00a0\u00a0\u00a0\u00a0\u00a0\u00a0\u00a0 Po v\u00e1lce vystudoval v\u00a0Praze vysokou \u0161kolu se zam\u011b\u0159en\u00edm na anorganickou chemii. Od za\u010d\u00e1tku 50. let minul\u00e9ho stolet\u00ed \u017eil a pracoval Milo\u0161 Dobr\u00fd v\u00a0Olomouci. V\u00a0Terez\u00edn\u011b se sezn\u00e1mil se Zuzanou Beckmannovou z\u00a0Olomouce a v\u00a0roce 1949 se s\u00a0n\u00ed o\u017eenil. Pan\u00ed Zuzana \u0159adu let trp\u011bla na n\u00e1sledky \u00fatrap b\u011bhem v\u00e1lky. Ing. Dobr\u00fd se o n\u00ed a\u017e do jej\u00ed smrti v roce 2009 ob\u011btav\u011b staral.<\/p>\n<p style=\"text-align: left;\">\u00a0\u00a0\u00a0\u00a0\u00a0\u00a0\u00a0\u00a0\u00a0\u00a0\u00a0 V\u00a0roce 1990 se zaslou\u017eil o obnovu \u017eivota \u017didovsk\u00e9 obce Olomouc, ve funkci tajemn\u00edka zde p\u016fsobil a\u017e do roku 2009.<\/p>\n<p style=\"text-align: left;\">\u00a0\u00a0\u00a0\u00a0\u00a0\u00a0\u00a0\u00a0\u00a0\u00a0\u00a0 Milo\u0161 Dobr\u00fd absolvoval stovky p\u0159edn\u00e1\u0161ek po \u0161kol\u00e1ch v\u00a0Olomouci a \u0161irok\u00e9m okol\u00ed, spolupracoval s\u00a0projektem Zmizel\u00ed soused\u00e9, \u00fa\u010dastnil se aktivn\u011b krom\u011b\u0159\u00ed\u017esk\u00fdch konferenc\u00ed na t\u00e9ma \u017did\u00e9 a Morava. Vedl besedy s\u00a0ml\u00e1de\u017e\u00ed v\u00a0r\u00e1mci festivalu Dny \u017eidovsk\u00e9 kultury Olomouc.<\/p>\n<p style=\"text-align: left;\">\u00a0\u00a0\u00a0\u00a0\u00a0\u00a0\u00a0\u00a0\u00a0\u00a0\u00a0 V\u00fdznam Milo\u0161e Dobr\u00e9ho pro Olomouc a okol\u00ed tkv\u00ed tak\u00e9 v\u00a0jeho mezin\u00e1rodn\u00edch kontaktech, kter\u00e9 p\u0159ivedly do Olomouce mnoho zahrani\u010dn\u00edch n\u00e1v\u0161t\u011bv. Zprost\u0159edkoval rovn\u011b\u017e n\u00e1v\u0161t\u011bvu americk\u00fdch student\u016f ze t\u0159\u00ed \u0161koln\u00edch obvod\u016f (New Milford High School, New Jersey, Jersey City Public Schools, New Jersey a St Thomas Aquinas High School, Kansas) v\u00a0Olomouci a Tr\u0161ic\u00edch pod veden\u00edm pan\u00ed Colleen Tambuscio. Ze setk\u00e1n\u00ed vyplynul projekt na pam\u00e1tn\u00edk rodiny Wolfov\u00fdch, kter\u00e1 se po dobu 2. sv\u011btov\u00e9 v\u00e1lky v\u00a0Tr\u0161ic\u00edch ukr\u00fdvala.<\/p>\n<p style=\"text-align: left;\">\u00a0\u00a0\u00a0\u00a0\u00a0\u00a0\u00a0\u00a0\u00a0\u00a0\u00a0 V\u00fdznamnou aktivitou Milo\u0161e Dobr\u00e9ho, kter\u00e1 mu pom\u00e1hala p\u0159e\u017e\u00edt v\u00a0krut\u00fdch podm\u00ednk\u00e1ch koncentra\u010dn\u00edch t\u00e1bor\u016f, byl sport. Z\u016fstal mu v\u011brn\u00fd i po n\u00e1vratu z internace. Za\u010dal hr\u00e1t rugby za LTC, probojoval se a\u017e do reprezentace, se kterou odehr\u00e1l mnoho z\u00e1pas\u016f. S jeho jm\u00e9nem je spojen po\u010d\u00e1tek rugby v\u00a0Olomouci. Jako \u010deskoslovensk\u00fd reprezentant v rugby se pokusil ji\u017e v roce 1951 zalo\u017eit dorosteneck\u00e9 mu\u017estvo v odborn\u00e9m u\u010dili\u0161ti pracovn\u00edch z\u00e1loh. Dru\u017estvo p\u016fsobilo jen kr\u00e1tkodob\u011b a sehr\u00e1lo utk\u00e1n\u00ed s dorostenci Brna. Do roku 1953 byl Ing. Dobr\u00fd v \u00daDA Praha. Po sv\u00e9m n\u00e1vratu znovu jednal o rozvoji rugby v Olomouci a stal se tren\u00e9rem arm\u00e1dn\u00edho mu\u017estva Dukla Zenit p\u0159i Domu arm\u00e1dy v Olomouci. Zval do Olomouce zahrani\u010dn\u00ed kluby a po\u0159\u00e1dal turnaje. V roce 1990 se stal posledn\u00edm p\u0159edsedou \u010ceskoslovensk\u00e9 ragbyov\u00e9 unie, ve funkci setrval do rozpadu \u010ceskoslovenska v\u00a0roce 1993.<\/p>\n<p style=\"text-align: left;\">\u00a0\u00a0\u00a0\u00a0\u00a0\u00a0\u00a0\u00a0\u00a0\u00a0\u00a0 Milo\u0161 Dobr\u00fd pat\u0159\u00ed mezi osm pam\u011btn\u00edk\u016f, kte\u0159\u00ed pochod smrti nejen p\u0159e\u017eili, ale vydali o n\u011bm sv\u011bdectv\u00ed.<\/p>\n<p style=\"text-align: left;\">Vypr\u00e1v\u011bn\u00ed Milo\u0161e Dobr\u00e9ho je ulo\u017eeno na port\u00e1lu Pam\u011b\u0165 n\u00e1roda i v \u0159ad\u011b sv\u011btov\u00fdch sb\u00edrek v\u00fdpov\u011bd\u00ed p\u0159e\u017eiv\u0161\u00edch holocaust. Jeho osudu v\u011bnovala m\u00e9dia \u0159adu medailon\u016f, poskytl rozhlasu a televizi mnoho rozhovor\u016f.<\/p>\n<p style=\"text-align: left;\">\u00a0\u00a0\u00a0\u00a0\u00a0\u00a0\u00a0\u00a0\u00a0\u00a0\u00a0 Osud Milo\u0161e Dobr\u00e9ho se stal v\u00a0roce 2010 podkladem pro p\u0159edstaven\u00ed \u0160oa<strong> <\/strong>v\u00a0\u0160vandov\u011b divadle v\u00a0Praze. V sou\u010dasn\u00e9 dob\u011b se p\u0159ipravuje anglick\u00e1 verze inscenace v Lond\u00fdn\u011b.<\/p>\n<p style=\"text-align: left;\">\u00a0\u00a0\u00a0\u00a0\u00a0\u00a0\u00a0\u00a0\u00a0\u00a0\u00a0 \u017didovsk\u00e1 obec Olomouc se rozlou\u010d\u00ed s Milo\u0161em Dobr\u00fdm v \u00fater\u00fd 27. listopadu 2012 ve 14 hodin v ob\u0159adn\u00ed s\u00edni na \u017eidovsk\u00e9ho h\u0159bitova v Olomouci &#8211; Ne\u0159ed\u00edn\u011b.<\/p>\n","protected":false},"excerpt":{"rendered":"<p>Je na\u0161\u00ed smutnou povinnost\u00ed ozn\u00e1mit,  \u017ee dne 23. 11.  2012 zem\u0159el ve v\u011bku 89 let dlouholet\u00fd tajemn\u00edk \u017didovsk\u00e9 obce v Olomouci pan Ing. Milo\u0161 Dobr\u00fd. Za posledn\u00edch dvacet let se velkou m\u011brou zaslou\u017eil o obnovu \u017eidovsk\u00e9ho \u017eivota v \u010cesk\u00e9 republice. Poh\u0159eb se uskute\u010dn\u00ed v \u00fater\u00fd 27.11. 2012 v 14:00 na \u017eidovsk\u00e9m h\u0159bitov\u011b v Olomouci. Ing. Milo\u0161 Dobr\u00fd, nositel Ceny m\u011bsta Olomouce, b\u00fdval\u00fd tajemn\u00edk \u017didovsk\u00e9 obce Olomouc, \u0161i\u0159itel &#8230;..<\/p>\n","protected":false},"author":3,"featured_media":0,"comment_status":"closed","ping_status":"closed","sticky":false,"template":"","format":"standard","meta":{"ngg_post_thumbnail":0,"footnotes":""},"categories":[4],"tags":[],"class_list":["post-5875","post","type-post","status-publish","format-standard","hentry","category-featured"],"_links":{"self":[{"href":"https:\/\/kehila-olomouc.cz\/rs\/wp-json\/wp\/v2\/posts\/5875"}],"collection":[{"href":"https:\/\/kehila-olomouc.cz\/rs\/wp-json\/wp\/v2\/posts"}],"about":[{"href":"https:\/\/kehila-olomouc.cz\/rs\/wp-json\/wp\/v2\/types\/post"}],"author":[{"embeddable":true,"href":"https:\/\/kehila-olomouc.cz\/rs\/wp-json\/wp\/v2\/users\/3"}],"replies":[{"embeddable":true,"href":"https:\/\/kehila-olomouc.cz\/rs\/wp-json\/wp\/v2\/comments?post=5875"}],"version-history":[{"count":5,"href":"https:\/\/kehila-olomouc.cz\/rs\/wp-json\/wp\/v2\/posts\/5875\/revisions"}],"predecessor-version":[{"id":5881,"href":"https:\/\/kehila-olomouc.cz\/rs\/wp-json\/wp\/v2\/posts\/5875\/revisions\/5881"}],"wp:attachment":[{"href":"https:\/\/kehila-olomouc.cz\/rs\/wp-json\/wp\/v2\/media?parent=5875"}],"wp:term":[{"taxonomy":"category","embeddable":true,"href":"https:\/\/kehila-olomouc.cz\/rs\/wp-json\/wp\/v2\/categories?post=5875"},{"taxonomy":"post_tag","embeddable":true,"href":"https:\/\/kehila-olomouc.cz\/rs\/wp-json\/wp\/v2\/tags?post=5875"}],"curies":[{"name":"wp","href":"https:\/\/api.w.org\/{rel}","templated":true}]}}