{"id":5421,"date":"2012-09-19T20:21:01","date_gmt":"2012-09-19T18:21:01","guid":{"rendered":"http:\/\/kehila-olomouc.cz\/rs\/?p=5421"},"modified":"2015-11-16T14:49:36","modified_gmt":"2015-11-16T12:49:36","slug":"dny-zidovske-kultury-olomouc-2012","status":"publish","type":"post","link":"https:\/\/kehila-olomouc.cz\/rs\/5421\/dny-zidovske-kultury-olomouc-2012\/","title":{"rendered":"Dny \u017eidovsk\u00e9 kultury Olomouc 2012"},"content":{"rendered":"<p style=\"text-align: justify;\">T\u00e9matem p\u00e1t\u00e9ho ro\u010dn\u00edku\u00a0Dn\u016f \u017eidovsk\u00e9 kultury Olomouc je t\u00e9ma\u00a0\u010ce\u0161i a antisemitismus.\u00a0Divadlo hudby Olomouc, Muzeum um\u011bn\u00ed Olomouc, \u017didovsk\u00e1 obec Olomouc a Centrum judaistick\u00fdch studi\u00ed Kurta a Ursuly Schubertov\u00fdch Univerzity Palack\u00e9ho si V\u00e1s dovoluj\u00ed pozvat na slavnostn\u00ed zah\u00e1jen\u00ed v \u00fater\u00fd <strong>16. \u0159\u00edjna 2012<\/strong>. Sou\u010d\u00e1st\u00ed zahajovac\u00edho dne bude\u00a0DH V DH: talkshow Davida Hrbka s velvyslancem USA\u00a0Normanem Eisenem.\u00a0Festival zakon\u010d\u00ed v ned\u011bli 21. \u0159\u00edjna divadeln\u00ed p\u0159edstaven\u00ed\u00a0RASTISLAV BALLEK: TISO \/ v tituln\u00ed roli Mari\u00e1n Labuda,\u00a0Divadlo Ar\u00e9na, Bratislava.<\/p>\n<h2 style=\"text-align: center;\"><a href=\"http:\/\/www.divadlohudby.cz\/dzko\/\">PODROBN\u00dd PROGRAM<\/a><\/h2>\n<p style=\"text-align: center;\"><strong><a href=\"http:\/\/kehila-olomouc.cz\/rs\/wp-content\/uploads\/plakat-A4.pdf\" target=\"_blank\">PLAK\u00c1T KE STA\u017dEN\u00cd<\/a><\/strong><\/p>\n<p style=\"text-align: center;\"><a href=\"http:\/\/kehila-olomouc.cz\/rs\/wp-content\/uploads\/plakat-A4.jpg\"><img loading=\"lazy\" decoding=\"async\" class=\"aligncenter  wp-image-5424\" title=\"plakat A4\" src=\"http:\/\/kehila-olomouc.cz\/rs\/wp-content\/uploads\/plakat-A4.jpg\" alt=\"\" width=\"573\" height=\"810\" srcset=\"https:\/\/kehila-olomouc.cz\/rs\/wp-content\/uploads\/plakat-A4.jpg 1061w, https:\/\/kehila-olomouc.cz\/rs\/wp-content\/uploads\/plakat-A4-212x300.jpg 212w, https:\/\/kehila-olomouc.cz\/rs\/wp-content\/uploads\/plakat-A4-724x1024.jpg 724w\" sizes=\"(max-width: 573px) 100vw, 573px\" \/><\/a><\/p>\n","protected":false},"excerpt":{"rendered":"<p>T\u00e9matem p\u00e1t\u00e9ho ro\u010dn\u00edku Dn\u016f \u017eidovsk\u00e9 kultury Olomouc je t\u00e9ma \u010ce\u0161i a antisemitismus. <a href=\"http:\/\/www.divadlohudby.cz\/\" target=\"_blank\">Divadlo hudby Olomouc<\/a>, <a href=\"http:\/\/www.olmuart.cz\/\" target=\"_blank\">Muzeum um\u011bn\u00ed Olomouc<\/a>, \u017didovsk\u00e1 obec Olomouc a <a href=\"http:\/\/judaistika.cz\/\" target=\"_blank\">Centrum judaistick\u00fdch studi\u00ed Kurta a Ursuly Schubertov\u00fdch Univerzity Palack\u00e9ho<\/a> si V\u00e1s dovoluj\u00ed pozvat na slavnostn\u00ed zah\u00e1jen\u00ed v \u00fater\u00fd <strong>16. \u0159\u00edjna 2012<\/strong>. Sou\u010d\u00e1st\u00ed zahajovac\u00edho dne bude DH V DH: talkshow Davida Hrbka s velvyslancem USA Normanem Eisenem. Festival zakon\u010d\u00ed v ned\u011bli <strong>21. \u0159\u00edjna 2012<\/strong> divadeln\u00ed p\u0159edstaven\u00ed RASTISLAV BALLEK: TISO \/ v tituln\u00ed roli Mari\u00e1n Labuda, Divadlo Ar\u00e9na, Bratislava&#8230;&#8230;.<\/p>\n","protected":false},"author":3,"featured_media":0,"comment_status":"closed","ping_status":"closed","sticky":false,"template":"","format":"standard","meta":{"ngg_post_thumbnail":0,"footnotes":""},"categories":[4],"tags":[],"class_list":["post-5421","post","type-post","status-publish","format-standard","hentry","category-featured"],"_links":{"self":[{"href":"https:\/\/kehila-olomouc.cz\/rs\/wp-json\/wp\/v2\/posts\/5421"}],"collection":[{"href":"https:\/\/kehila-olomouc.cz\/rs\/wp-json\/wp\/v2\/posts"}],"about":[{"href":"https:\/\/kehila-olomouc.cz\/rs\/wp-json\/wp\/v2\/types\/post"}],"author":[{"embeddable":true,"href":"https:\/\/kehila-olomouc.cz\/rs\/wp-json\/wp\/v2\/users\/3"}],"replies":[{"embeddable":true,"href":"https:\/\/kehila-olomouc.cz\/rs\/wp-json\/wp\/v2\/comments?post=5421"}],"version-history":[{"count":10,"href":"https:\/\/kehila-olomouc.cz\/rs\/wp-json\/wp\/v2\/posts\/5421\/revisions"}],"predecessor-version":[{"id":5427,"href":"https:\/\/kehila-olomouc.cz\/rs\/wp-json\/wp\/v2\/posts\/5421\/revisions\/5427"}],"wp:attachment":[{"href":"https:\/\/kehila-olomouc.cz\/rs\/wp-json\/wp\/v2\/media?parent=5421"}],"wp:term":[{"taxonomy":"category","embeddable":true,"href":"https:\/\/kehila-olomouc.cz\/rs\/wp-json\/wp\/v2\/categories?post=5421"},{"taxonomy":"post_tag","embeddable":true,"href":"https:\/\/kehila-olomouc.cz\/rs\/wp-json\/wp\/v2\/tags?post=5421"}],"curies":[{"name":"wp","href":"https:\/\/api.w.org\/{rel}","templated":true}]}}