{"id":5062,"date":"2012-07-24T13:17:28","date_gmt":"2012-07-24T11:17:28","guid":{"rendered":"http:\/\/kehila-olomouc.cz\/rs\/?p=5062"},"modified":"2015-11-16T14:49:37","modified_gmt":"2015-11-16T12:49:37","slug":"vystava-fotografii-jindricha-buxbauma-zide-dnes","status":"publish","type":"post","link":"https:\/\/kehila-olomouc.cz\/rs\/5062\/vystava-fotografii-jindricha-buxbauma-zide-dnes\/","title":{"rendered":"V\u00fdstava fotografi\u00ed Jind\u0159icha Buxbauma &#8211; \u017did\u00e9 dnes"},"content":{"rendered":"<p style=\"text-align: center;\"><a href=\"http:\/\/kehila-olomouc.cz\/rs\/wp-content\/uploads\/Buxbaum-Lostice.jpg\"><img loading=\"lazy\" decoding=\"async\" class=\"aligncenter  wp-image-5064\" title=\"Buxbaum Lostice\" src=\"http:\/\/kehila-olomouc.cz\/rs\/wp-content\/uploads\/Buxbaum-Lostice-669x1024.jpg\" alt=\"\" width=\"542\" height=\"830\" srcset=\"https:\/\/kehila-olomouc.cz\/rs\/wp-content\/uploads\/Buxbaum-Lostice-669x1024.jpg 669w, https:\/\/kehila-olomouc.cz\/rs\/wp-content\/uploads\/Buxbaum-Lostice-196x300.jpg 196w, https:\/\/kehila-olomouc.cz\/rs\/wp-content\/uploads\/Buxbaum-Lostice.jpg 869w\" sizes=\"(max-width: 542px) 100vw, 542px\" \/><\/a><\/p>\n","protected":false},"excerpt":{"rendered":"<p>Ob\u010dansk\u00e9 sdru\u017een\u00ed Respekt a tolerance ve spolupr\u00e1ci s M\u011bstem Lo\u0161tice, si V\u00e1s dovoluj\u00ed pozvat na v\u00fdstavu fotografi\u00ed <strong>Jind\u0159icha Buxbauma &#8211; \u017did\u00e9 dnes<\/strong>. Vernis\u00e1\u017e prob\u011bhne <strong>v ned\u011bli 29. \u010dervence 2012 16.00 hod<\/strong> v synagoze v Lo\u0161tic\u00edch. \u00davodn\u00ed slovo m\u00e1 profesor Jind\u0159ich \u0160treit. V\u00fdstava potrv\u00e1 do 15. z\u00e1\u0159\u00ed 2012. Synagoga Lo\u0161tice je p\u0159\u00edstupn\u00e1 ve\u0159ejnosti \u00fater\u00fd a\u017e ned\u011ble 13-17 hod, nebo po p\u0159edchoz\u00ed dohod\u011b. V\u00fdstava je po\u0159\u00e1d\u00e1na jako sou\u010d\u00e1st Festivalu vzpom\u00ednek, kter\u00fd je pietn\u00ed p\u0159ipom\u00ednkou 70. v\u00fdro\u010d\u00ed transportu 59 \u017eidovsk\u00fdch obyvatel z Lo\u0161tic do Terez\u00edna&#8230;..<\/p>\n","protected":false},"author":3,"featured_media":0,"comment_status":"closed","ping_status":"closed","sticky":false,"template":"","format":"standard","meta":{"ngg_post_thumbnail":0,"footnotes":""},"categories":[4],"tags":[],"class_list":["post-5062","post","type-post","status-publish","format-standard","hentry","category-featured"],"_links":{"self":[{"href":"https:\/\/kehila-olomouc.cz\/rs\/wp-json\/wp\/v2\/posts\/5062"}],"collection":[{"href":"https:\/\/kehila-olomouc.cz\/rs\/wp-json\/wp\/v2\/posts"}],"about":[{"href":"https:\/\/kehila-olomouc.cz\/rs\/wp-json\/wp\/v2\/types\/post"}],"author":[{"embeddable":true,"href":"https:\/\/kehila-olomouc.cz\/rs\/wp-json\/wp\/v2\/users\/3"}],"replies":[{"embeddable":true,"href":"https:\/\/kehila-olomouc.cz\/rs\/wp-json\/wp\/v2\/comments?post=5062"}],"version-history":[{"count":8,"href":"https:\/\/kehila-olomouc.cz\/rs\/wp-json\/wp\/v2\/posts\/5062\/revisions"}],"predecessor-version":[{"id":5071,"href":"https:\/\/kehila-olomouc.cz\/rs\/wp-json\/wp\/v2\/posts\/5062\/revisions\/5071"}],"wp:attachment":[{"href":"https:\/\/kehila-olomouc.cz\/rs\/wp-json\/wp\/v2\/media?parent=5062"}],"wp:term":[{"taxonomy":"category","embeddable":true,"href":"https:\/\/kehila-olomouc.cz\/rs\/wp-json\/wp\/v2\/categories?post=5062"},{"taxonomy":"post_tag","embeddable":true,"href":"https:\/\/kehila-olomouc.cz\/rs\/wp-json\/wp\/v2\/tags?post=5062"}],"curies":[{"name":"wp","href":"https:\/\/api.w.org\/{rel}","templated":true}]}}