{"id":5029,"date":"2012-06-09T23:01:16","date_gmt":"2012-06-09T21:01:16","guid":{"rendered":"http:\/\/kehila-olomouc.cz\/rs\/?p=5029"},"modified":"2015-11-16T14:49:37","modified_gmt":"2015-11-16T12:49:37","slug":"pripominka-70-vyroci-transportu-z-olomouce-do-terezina","status":"publish","type":"post","link":"https:\/\/kehila-olomouc.cz\/rs\/5029\/pripominka-70-vyroci-transportu-z-olomouce-do-terezina\/","title":{"rendered":"P\u0159ipom\u00ednka 70. v\u00fdro\u010d\u00ed transport\u016f z Olomouce do Terez\u00edna"},"content":{"rendered":"<h3 align=\"center\">\u017didovsk\u00e1 obec Olomouc zve sv\u00e9 \u010dleny a hosty do t\u011blocvi\u010dny <strong>Z\u00e1kladn\u00ed \u0161koly<br \/>\nv H\u00e1lkov\u011b ulici<\/strong>,\u00a0aby si v <strong>pond\u011bl\u00ed 25. \u010dervna v 11 hodin<\/strong> p\u0159ipomn\u011bli po\u010d\u00e1tek<br \/>\ndeportace \u017did\u016f\u00a0b\u011bhem druh\u00e9 sv\u011btov\u00e9 v\u00e1lky.<\/h3>\n<p align=\"center\">Z\u00e1\u0161titu nad akc\u00ed p\u0159evzal hejtman Olomouck\u00e9ho kraje a sen\u00e1tor Ing. Martin Tesa\u0159\u00edk.<\/p>\n<p><strong><a href=\"http:\/\/kehila-olomouc.cz\/rs\/wp-content\/uploads\/transporty.jpg\"><img loading=\"lazy\" decoding=\"async\" class=\"alignleft size-full wp-image-5031\" style=\"margin-left: 10px; margin-right: 10px;\" title=\"transporty\" src=\"http:\/\/kehila-olomouc.cz\/rs\/wp-content\/uploads\/transporty.jpg\" alt=\"\" width=\"227\" height=\"330\" srcset=\"https:\/\/kehila-olomouc.cz\/rs\/wp-content\/uploads\/transporty.jpg 227w, https:\/\/kehila-olomouc.cz\/rs\/wp-content\/uploads\/transporty-206x300.jpg 206w\" sizes=\"(max-width: 227px) 100vw, 227px\" \/><\/a>Program:<\/strong><\/p>\n<p><strong>10.30-11.00 hodin<\/strong> &#8211; chodba v p\u0159\u00edzem\u00ed Z\u00e1kladn\u00ed \u0161koly, H\u00e1lkova ulice:<\/p>\n<p>Prohl\u00eddka v\u00fdstavy kolekce fotografi\u00ed Jind\u0159icha Buxbauma &#8211; Vzpom\u00ednka podpo\u0159en\u00e1 Nada\u010dn\u00edm fondem ob\u011btem holocaustu, prezence \u00fa\u010dastn\u00edk\u016f<\/p>\n<p><strong>11 hodin<\/strong> &#8211; t\u011blocvi\u010dna Z\u00e1kladn\u00ed \u0161koly, H\u00e1lkova ulice:<\/p>\n<p>\u2013\u00a0Projevy z\u00e1stupc\u016f \u017didovsk\u00e9 obce Olomouc, \u0159editelstv\u00ed \u0161koly, Olomouck\u00e9ho kraje a statut\u00e1rn\u00edho m\u011bsta Olomouce<\/p>\n<p>\u2013\u00a0\u0160kola v dob\u011b transport\u016f (jako k\u0159i\u017eovatku osud\u016f p\u0159edstav\u00ed t\u011blocvi\u010dnu \u0161koly v H\u00e1lkov\u011b ulici \u010dlenov\u00e9 \u010dinohry Moravsk\u00e9ho divadla Olomouc Ivana Pl\u00edhalov\u00e1 a Jaroslav Krej\u010d\u00ed)<\/p>\n<p>\u2013\u00a0Modlitba kantora Staronov\u00e9 synagogy Bryana Wooda &#8211; El male rachamim<\/p>\n<p><strong>15 hodin<\/strong> &#8211; Divadlo hudby, Denisova ul.<\/p>\n<p>\u2013\u00a0\u0160OA (Dva neoby\u010dejn\u00e9 osudy uprost\u0159ed nacistick\u00e9ho pekla v inscenaci sestaven\u00e9 z\u00a0autentick\u00fdch v\u00fdpov\u011bd\u00ed), p\u0159edstaven\u00ed \u0160vandova divadla na Sm\u00edchov\u011b v re\u017eii\u00a0Daniela Hrbka.<\/p>\n<p>Hraj\u00ed:<\/p>\n<p>MILO\u0160 DOBR\u00dd \u00a0 \u00a0 \u00a0 \u00a0 &#8211; \u00a0 \u00a0 \u00a0 \u00a0 \u00a0 \u00a0 \u00a0 \u00a0 \u00a0 \u00a0 \u00a0 \u00a0 \u00a0Miroslav HRU\u0160KA<\/p>\n<p>HANA MARIE PRAVDA \u00a0 \u00a0 \u00a0&#8211; \u00a0 \u00a0 \u00a0 \u00a0 \u00a0 Zuzana ONUFR\u00c1KOV\u00c1<\/p>\n<p style=\"text-align: justify;\">P\u0159\u00edb\u011bh dvou lid\u00ed, kte\u0159\u00ed se ocitli na stejn\u00fdch m\u00edstech a pro\u017eili podobn\u00e9 trag\u00e9die, a p\u0159esto se nikdy nepoznali. Jejich \u017eivotn\u00ed cesty se prol\u00ednaj\u00ed a m\u00edjej\u00ed \u2013 oba p\u0159e\u017eili Terez\u00edn, Osv\u011btim, pochod smrti i pov\u00e1le\u010dn\u00e9 k\u0159ivdy. Jde o dva neoby\u010dejn\u00e9 osudy uprost\u0159ed nacistick\u00e9ho pekla, inscenace je sestavena z autentick\u00fdch v\u00fdpov\u011bd\u00ed dvou naprosto odli\u0161n\u00fdch lid\u00ed \u2013 sportovce Milo\u0161e Dobr\u00e9ho a here\u010dky Hany Pravdov\u00e9. Spojuje je ale nejen to, \u017ee p\u0159e\u017eili holocaust &#8230;<\/p>\n<p><strong>22 hodin<\/strong> &#8211; Korunn\u00ed pevn\u016fstka<\/p>\n<p>\u2013\u00a0\u0160OA &#8211; no\u010dn\u00ed repr\u00edza p\u0159edstaven\u00ed \u0160vandova divadla.<\/p>\n<p style=\"text-align: center;\"><strong>\u00a0<\/strong><\/p>\n<p style=\"text-align: center;\"><a href=\"http:\/\/kehila-olomouc.cz\/rs\/wp-content\/uploads\/NFOH_logo.jpg\"><img loading=\"lazy\" decoding=\"async\" class=\"aligncenter size-full wp-image-4856\" title=\"NFOH_logo\" src=\"http:\/\/kehila-olomouc.cz\/rs\/wp-content\/uploads\/NFOH_logo.jpg\" alt=\"\" width=\"289\" height=\"103\" \/><\/a><\/p>\n","protected":false},"excerpt":{"rendered":"<p>\u017didovsk\u00e1 obec Olomouc zve sv\u00e9 \u010dleny a hosty do t\u011blocvi\u010dny <a href=\"http:\/\/www.zshalkova.cz\/\" target=\"_blank\">Z\u00e1kladn\u00ed \u0161koly v H\u00e1lkov\u011b ulici<\/a>, aby si v <strong>pond\u011bl\u00ed 25. \u010dervna v 11 hodin<\/strong> p\u0159ipomn\u011bli po\u010d\u00e1tek deportace \u017did\u016f b\u011bhem druh\u00e9 sv\u011btov\u00e9 v\u00e1lky. V noci z 25. na 26. \u010dervna 1942 m\u011blo odjet z Olomouce prvn\u00edch 900 \u017did\u016f.  Zpr\u00e1v o tom, co se ve \u0161kole d\u011blo, nen\u00ed mnoho. Vzpom\u00ednky p\u0159e\u017eiv\u0161\u00edch na olomouck\u00e9 shroma\u017edi\u0161t\u011b v\u011bt\u0161inou p\u0159ekryly \u00fatrapy spojen\u00e9 s pobytem v Terez\u00edn\u011b a dal\u0161\u00edch l\u00e1grech. Z\u00e1\u0161titu nad akc\u00ed p\u0159evzal hejtman Olomouck\u00e9ho kraje a sen\u00e1tor Ing. Martin Tesa\u0159\u00edk&#8230;. <\/p>\n","protected":false},"author":3,"featured_media":0,"comment_status":"closed","ping_status":"closed","sticky":false,"template":"","format":"standard","meta":{"ngg_post_thumbnail":0,"footnotes":""},"categories":[4],"tags":[],"class_list":["post-5029","post","type-post","status-publish","format-standard","hentry","category-featured"],"_links":{"self":[{"href":"https:\/\/kehila-olomouc.cz\/rs\/wp-json\/wp\/v2\/posts\/5029"}],"collection":[{"href":"https:\/\/kehila-olomouc.cz\/rs\/wp-json\/wp\/v2\/posts"}],"about":[{"href":"https:\/\/kehila-olomouc.cz\/rs\/wp-json\/wp\/v2\/types\/post"}],"author":[{"embeddable":true,"href":"https:\/\/kehila-olomouc.cz\/rs\/wp-json\/wp\/v2\/users\/3"}],"replies":[{"embeddable":true,"href":"https:\/\/kehila-olomouc.cz\/rs\/wp-json\/wp\/v2\/comments?post=5029"}],"version-history":[{"count":13,"href":"https:\/\/kehila-olomouc.cz\/rs\/wp-json\/wp\/v2\/posts\/5029\/revisions"}],"predecessor-version":[{"id":5034,"href":"https:\/\/kehila-olomouc.cz\/rs\/wp-json\/wp\/v2\/posts\/5029\/revisions\/5034"}],"wp:attachment":[{"href":"https:\/\/kehila-olomouc.cz\/rs\/wp-json\/wp\/v2\/media?parent=5029"}],"wp:term":[{"taxonomy":"category","embeddable":true,"href":"https:\/\/kehila-olomouc.cz\/rs\/wp-json\/wp\/v2\/categories?post=5029"},{"taxonomy":"post_tag","embeddable":true,"href":"https:\/\/kehila-olomouc.cz\/rs\/wp-json\/wp\/v2\/tags?post=5029"}],"curies":[{"name":"wp","href":"https:\/\/api.w.org\/{rel}","templated":true}]}}