{"id":4991,"date":"2012-03-28T22:57:46","date_gmt":"2012-03-28T20:57:46","guid":{"rendered":"http:\/\/kehila-olomouc.cz\/rs\/?p=4991"},"modified":"2015-11-16T14:49:37","modified_gmt":"2015-11-16T12:49:37","slug":"vyberove-rizeni-na-socialniho-pracovnika-zo-olomouc","status":"publish","type":"post","link":"https:\/\/kehila-olomouc.cz\/rs\/4991\/vyberove-rizeni-na-socialniho-pracovnika-zo-olomouc\/","title":{"rendered":"V\u00fdb\u011brov\u00e9 \u0159\u00edzen\u00ed na soci\u00e1ln\u00edho pracovn\u00edka \u017dO Olomouc"},"content":{"rendered":"<p>\u017didovsk\u00e1 obec Olomouc vypisuje v\u00fdb\u011brov\u00e9 \u0159\u00edzen\u00ed na pozici soci\u00e1ln\u00ed pracovn\u00edk<\/p>\n<p><strong>N\u00e1pl\u0148 pr\u00e1ce:<\/strong><br \/>\n&#8211; p\u0159\u00edprava a tvorba standard\u016f soci\u00e1ln\u00ed pr\u00e1ce<br \/>\n&#8211; pr\u00e1ce s\u00a0klienty s posttraumatem<br \/>\n&#8211; veden\u00ed dokumentace<br \/>\n&#8211; z\u00e1kladn\u00ed a odborn\u00e9 poradenstv\u00ed<\/p>\n<p><strong>Po\u017eadujeme:<\/strong><br \/>\n&#8211; V\u0160 vzd\u011bl\u00e1n\u00ed dle z\u00e1kona o soci\u00e1ln\u00edch slu\u017eb\u00e1ch<br \/>\n&#8211; u\u017eivatelsk\u00e1 znalost pr\u00e1ce na PC<br \/>\n&#8211; trestn\u00ed bez\u00fahonnost<br \/>\n&#8211; znalost z\u00e1kona o soci\u00e1ln\u00edch slu\u017eb\u00e1ch<br \/>\n&#8211; ochotu u\u010dit se nov\u00fdm v\u011bcem, \u010dasovou flexibilitu a samostatnost<br \/>\n&#8211; praxe v oboru v\u00fdhodou<\/p>\n<p><strong>Nab\u00edz\u00edme:<\/strong><br \/>\n&#8211; dal\u0161\u00ed vzd\u011bl\u00e1v\u00e1n\u00ed v oboru<br \/>\n&#8211; mo\u017enost seberealizace<br \/>\n&#8211; supervizi a odborn\u00fd dohled<br \/>\n&#8211; mo\u017enost p\u0159iv\u00fdd\u011blku k\u00a0mate\u0159sk\u00e9 dovolen\u00e9<\/p>\n<p>Jde o pracovn\u00ed pom\u011br na \u010d\u00e1ste\u010dn\u00fd \u00favazek. N\u00e1stup mo\u017en\u00fd dle dohody (kv\u011bten 2012)<\/p>\n<p><strong>N\u00e1stupn\u00ed plat:<\/strong> 10 tis\u00edc hrub\u00e9ho<\/p>\n<p>Strukturovan\u00fd \u017eivotopis a motiva\u010dn\u00ed dopis zas\u00edlejte na adresu \u017dO Olomouc do <strong>16. 4. 2012<\/strong>, Komensk\u00e9ho 7, Olomouc, 77900 nebo e-mailem\u00a0 <a href=\"mailto:kehila@kehila-olomouc.cz\">kehila@kehila-olomouc.cz<\/a><\/p>\n<p>Vybran\u00ed uchaze\u010di budou kontaktov\u00e1ni e-mailem a pozv\u00e1ni k v\u00fdb\u011brov\u00e9mu \u0159\u00edzen\u00ed, kter\u00e9 prob\u011bhne dle dohody s vybran\u00fdmi uchaze\u010di do <strong>27. 4. 2012<\/strong>.<\/p>\n","protected":false},"excerpt":{"rendered":"<p>\u017didovsk\u00e1 obec Olomouc vypisuje v\u00fdb\u011brov\u00e9 \u0159\u00edzen\u00ed na pozici soci\u00e1ln\u00ed pracovn\u00edk. <strong>N\u00e1pl\u0148 pr\u00e1ce:<\/strong> &#8211; p\u0159\u00edprava a tvorba standard\u016f soci\u00e1ln\u00ed pr\u00e1ce, pr\u00e1ce s klienty s posttraumatem, veden\u00ed dokumentace, z\u00e1kladn\u00ed a odborn\u00e9 poradenstv\u00ed. <strong>Po\u017eadujeme:<\/strong> V\u0160 vzd\u011bl\u00e1n\u00ed dle z\u00e1kona o soci\u00e1ln\u00edch slu\u017eb\u00e1ch, u\u017eivatelsk\u00e1 znalost pr\u00e1ce na PC, trestn\u00ed bez\u00fahonnost, znalost z\u00e1kona o soci\u00e1ln\u00edch slu\u017eb\u00e1ch&#8230;.<\/p>\n","protected":false},"author":3,"featured_media":0,"comment_status":"closed","ping_status":"closed","sticky":false,"template":"","format":"standard","meta":{"ngg_post_thumbnail":0,"footnotes":""},"categories":[4],"tags":[],"class_list":["post-4991","post","type-post","status-publish","format-standard","hentry","category-featured"],"_links":{"self":[{"href":"https:\/\/kehila-olomouc.cz\/rs\/wp-json\/wp\/v2\/posts\/4991"}],"collection":[{"href":"https:\/\/kehila-olomouc.cz\/rs\/wp-json\/wp\/v2\/posts"}],"about":[{"href":"https:\/\/kehila-olomouc.cz\/rs\/wp-json\/wp\/v2\/types\/post"}],"author":[{"embeddable":true,"href":"https:\/\/kehila-olomouc.cz\/rs\/wp-json\/wp\/v2\/users\/3"}],"replies":[{"embeddable":true,"href":"https:\/\/kehila-olomouc.cz\/rs\/wp-json\/wp\/v2\/comments?post=4991"}],"version-history":[{"count":8,"href":"https:\/\/kehila-olomouc.cz\/rs\/wp-json\/wp\/v2\/posts\/4991\/revisions"}],"predecessor-version":[{"id":4999,"href":"https:\/\/kehila-olomouc.cz\/rs\/wp-json\/wp\/v2\/posts\/4991\/revisions\/4999"}],"wp:attachment":[{"href":"https:\/\/kehila-olomouc.cz\/rs\/wp-json\/wp\/v2\/media?parent=4991"}],"wp:term":[{"taxonomy":"category","embeddable":true,"href":"https:\/\/kehila-olomouc.cz\/rs\/wp-json\/wp\/v2\/categories?post=4991"},{"taxonomy":"post_tag","embeddable":true,"href":"https:\/\/kehila-olomouc.cz\/rs\/wp-json\/wp\/v2\/tags?post=4991"}],"curies":[{"name":"wp","href":"https:\/\/api.w.org\/{rel}","templated":true}]}}