{"id":4982,"date":"2012-03-27T00:21:55","date_gmt":"2012-03-26T22:21:55","guid":{"rendered":"http:\/\/kehila-olomouc.cz\/rs\/?p=4982"},"modified":"2015-11-16T14:49:37","modified_gmt":"2015-11-16T12:49:37","slug":"odhaleni-pominku-v-miste-ukrytu-zidovske-rodiny-wolfu","status":"publish","type":"post","link":"https:\/\/kehila-olomouc.cz\/rs\/4982\/odhaleni-pominku-v-miste-ukrytu-zidovske-rodiny-wolfu\/","title":{"rendered":"Odhalen\u00ed pom\u00ednku v m\u00edst\u011b \u00fakrytu \u017eidovsk\u00e9 rodiny Wolf\u016f"},"content":{"rendered":"<p style=\"text-align: justify;\" align=\"center\">\u017didovsk\u00e1 obec Olomouc, Iniciativa pro podporu vyp\u00e1len\u00fdch obc\u00ed a obec Tr\u0161ice si v\u00e1s dovoluj\u00ed pozvat na odhalen\u00ed pom\u00ednku v m\u00edst\u011b \u00fakrytu \u017eidovsk\u00e9 rodiny Wolf\u016f, kter\u00e9 se uskute\u010dn\u00ed v <strong>pond\u011bl\u00ed 2. dubna 2012 na Tr\u0161icku v 11:30<\/strong>. Akce se kon\u00e1 pod patron\u00e1tem hejtmana a sen\u00e1tora Martina Tesa\u0159\u00edka a d\u00edky finan\u010dn\u00ed podpo\u0159e d\u00e1rc\u016f z USA ( New Milford High School, New Jersey &#8211; St. Thomas Aquinas High School, Kansas &#8211; Bishop O&#8217;Dowd High School, California), kte\u0159\u00ed poskytly prost\u0159edky na zhotoven\u00ed pam\u00e1tn\u00edku.<\/p>\n<p><strong>Sou\u0159adnice m\u00edsta : 49\u00b0 33&#8242; 16.3434471&#8243; N , 17\u00b0 26&#8242; 20.2605629&#8243; E<\/strong><\/p>\n<p><a href=\"http:\/\/kehila-olomouc.cz\/rs\/wp-content\/uploads\/Pozv\u00e1nka-pam\u00e1tn\u00edk-Tr\u0161ice.jpg\"><img loading=\"lazy\" decoding=\"async\" class=\"aligncenter  wp-image-4984\" title=\"Pozv\u00e1nka - pam\u00e1tn\u00edk Tr\u0161ice\" src=\"http:\/\/kehila-olomouc.cz\/rs\/wp-content\/uploads\/Pozv\u00e1nka-pam\u00e1tn\u00edk-Tr\u0161ice-1024x482.jpg\" alt=\"\" width=\"579\" height=\"272\" srcset=\"https:\/\/kehila-olomouc.cz\/rs\/wp-content\/uploads\/Pozv\u00e1nka-pam\u00e1tn\u00edk-Tr\u0161ice-1024x482.jpg 1024w, https:\/\/kehila-olomouc.cz\/rs\/wp-content\/uploads\/Pozv\u00e1nka-pam\u00e1tn\u00edk-Tr\u0161ice-300x141.jpg 300w, https:\/\/kehila-olomouc.cz\/rs\/wp-content\/uploads\/Pozv\u00e1nka-pam\u00e1tn\u00edk-Tr\u0161ice.jpg 1786w\" sizes=\"(max-width: 579px) 100vw, 579px\" \/><\/a><\/p>\n","protected":false},"excerpt":{"rendered":"<p>\u017didovsk\u00e1 obec Olomouc, Iniciativa pro podporu vyp\u00e1len\u00fdch obc\u00ed a obec Tr\u0161ice si v\u00e1s dovoluj\u00ed pozvat na odhalen\u00ed pom\u00ednku v m\u00edst\u011b \u00fakrytu \u017eidovsk\u00e9 rodiny Wolf\u016f, kter\u00e9 se uskute\u010dn\u00ed v <strong>pond\u011bl\u00ed 2. dubna 2012 na Tr\u0161icku v 11:30<\/strong>. Akce se kon\u00e1 pod patron\u00e1tem hejtmana a sen\u00e1tora Martina Tesa\u0159\u00edka a d\u00edky finan\u010dn\u00ed podpo\u0159e d\u00e1rc\u016f z USA ( New Milford High School, New Jersey &#8211; St. Thomas Aquinas High School, Kansas &#8211; Bishop O&#8217;Dowd High School, California), kte\u0159\u00ed poskytly prost\u0159edky na zhotoven\u00ed pam\u00e1tn\u00edku&#8230; <\/p>\n","protected":false},"author":3,"featured_media":0,"comment_status":"closed","ping_status":"closed","sticky":false,"template":"","format":"standard","meta":{"ngg_post_thumbnail":0,"footnotes":""},"categories":[4],"tags":[],"class_list":["post-4982","post","type-post","status-publish","format-standard","hentry","category-featured"],"_links":{"self":[{"href":"https:\/\/kehila-olomouc.cz\/rs\/wp-json\/wp\/v2\/posts\/4982"}],"collection":[{"href":"https:\/\/kehila-olomouc.cz\/rs\/wp-json\/wp\/v2\/posts"}],"about":[{"href":"https:\/\/kehila-olomouc.cz\/rs\/wp-json\/wp\/v2\/types\/post"}],"author":[{"embeddable":true,"href":"https:\/\/kehila-olomouc.cz\/rs\/wp-json\/wp\/v2\/users\/3"}],"replies":[{"embeddable":true,"href":"https:\/\/kehila-olomouc.cz\/rs\/wp-json\/wp\/v2\/comments?post=4982"}],"version-history":[{"count":5,"href":"https:\/\/kehila-olomouc.cz\/rs\/wp-json\/wp\/v2\/posts\/4982\/revisions"}],"predecessor-version":[{"id":4988,"href":"https:\/\/kehila-olomouc.cz\/rs\/wp-json\/wp\/v2\/posts\/4982\/revisions\/4988"}],"wp:attachment":[{"href":"https:\/\/kehila-olomouc.cz\/rs\/wp-json\/wp\/v2\/media?parent=4982"}],"wp:term":[{"taxonomy":"category","embeddable":true,"href":"https:\/\/kehila-olomouc.cz\/rs\/wp-json\/wp\/v2\/categories?post=4982"},{"taxonomy":"post_tag","embeddable":true,"href":"https:\/\/kehila-olomouc.cz\/rs\/wp-json\/wp\/v2\/tags?post=4982"}],"curies":[{"name":"wp","href":"https:\/\/api.w.org\/{rel}","templated":true}]}}