{"id":4973,"date":"2012-03-22T11:08:23","date_gmt":"2012-03-22T09:08:23","guid":{"rendered":"http:\/\/kehila-olomouc.cz\/rs\/?p=4973"},"modified":"2015-11-16T14:49:37","modified_gmt":"2015-11-16T12:49:37","slug":"svedectvi-pametniku-ve-vyuce-pro-21-stoleti","status":"publish","type":"post","link":"https:\/\/kehila-olomouc.cz\/rs\/4973\/svedectvi-pametniku-ve-vyuce-pro-21-stoleti\/","title":{"rendered":"Sv\u011bdectv\u00ed pam\u011btn\u00edk\u016f ve v\u00fduce pro 21. stolet\u00ed"},"content":{"rendered":"<p style=\"text-align: justify;\"><a href=\"http:\/\/kehila-olomouc.cz\/rs\/wp-content\/uploads\/USC-shoa-foundation-big.jpg\"><img loading=\"lazy\" decoding=\"async\" class=\"alignleft size-full wp-image-4974\" style=\"margin-right: 8px;\" title=\"USC shoa foundation big\" src=\"http:\/\/kehila-olomouc.cz\/rs\/wp-content\/uploads\/USC-shoa-foundation-big.jpg\" alt=\"\" width=\"153\" height=\"118\" \/><\/a>Institut USC Shoah Foundation vyz\u00fdv\u00e1 pedagogy z cel\u00e9 \u010cesk\u00e9 republiky, kte\u0159\u00ed se p\u0159i pr\u00e1ci se studenty v\u011bnuj\u00ed zkoum\u00e1n\u00ed p\u0159edsudk\u016f, netolerance a fanatismu, k pod\u00e1n\u00ed \u017e\u00e1dosti o \u00fa\u010dast v expertn\u00edm vzd\u011bl\u00e1vac\u00edm programu v Centru Vizu\u00e1ln\u00ed Historie Malach v Praze.<\/p>\n<p style=\"text-align: justify;\">Program \u201eSv\u011bdectv\u00ed pam\u011btn\u00edk\u016f ve v\u00fduce pro 21. stolet\u00ed\u201c je p\u0159\u00edle\u017eitost\u00ed k profesion\u00e1ln\u00edmu r\u016fstu nejen pro pedagogy, ale tak\u00e9 pro metodology a autory vzd\u011bl\u00e1vac\u00edch materi\u00e1l\u016f. Jeho c\u00edlem je rozv\u00edjet schopnost smyslupln\u00e9ho a efektivn\u00edho vyu\u017eit\u00ed sv\u011bdectv\u00ed pam\u011btn\u00edk\u016f ve vzd\u011bl\u00e1v\u00e1n\u00ed. Vyu\u017eit\u00ed filmov\u00fdch v\u00fdpov\u011bd\u00ed nab\u00edz\u00ed v mnoha oblastech mo\u017enosti rozvoje nov\u00fdch gramotnost\u00ed pot\u0159ebn\u00fdch pro 21. stolet\u00ed, krom\u011b jin\u00fdch informa\u010dn\u00ed, medi\u00e1ln\u00ed a digit\u00e1ln\u00ed gramotnosti. \u00dasp\u011b\u0161n\u00ed kandid\u00e1ti se stanou sou\u010d\u00e1st\u00ed n\u00e1rodn\u00edho t\u00fdmu st\u0159edo\u0161kolsk\u00fdch pedagog\u016f, kte\u0159\u00ed budou vyv\u00edjet a implementovat vzd\u011bl\u00e1vac\u00ed projekty zalo\u017een\u00e9 na filmov\u00fdch sv\u011bdectv\u00edch z arch\u00edvu Institutu, se z\u00e1vazkem aktivn\u011b se o sv\u00e9 znalosti a v\u00fdsledky d\u011blit s ostatn\u00edmi. Ubytov\u00e1n\u00ed, cestovn\u00e9 i strava budou \u00fa\u010dastn\u00edk\u016fm uhrazeny.<\/p>\n<p>Workshop bude prob\u00edhat ve dnech <strong>13. \u2013 17. srpna 2012<\/strong> v\u00a0Centru vizu\u00e1ln\u00ed historie Malach v\u00a0Praze.<\/p>\n<p>Dal\u0161\u00ed informace o programu naleznete na\u00a0<a href=\"http:\/\/dornsife.usc.edu\/vhi\/education\/international\/mtw2012\/czech\/\" target=\"_blank\">http:\/\/dornsife.usc.edu\/vhi\/education\/international\/mtw2012\/czech\/<\/a><\/p>\n","protected":false},"excerpt":{"rendered":"<p>Institut USC Shoah Foundation vyz\u00fdv\u00e1 pedagogy z cel\u00e9 \u010cesk\u00e9 republiky, kte\u0159\u00ed se p\u0159i pr\u00e1ci se studenty v\u011bnuj\u00ed zkoum\u00e1n\u00ed p\u0159edsudk\u016f, netolerance a fanatismu, k pod\u00e1n\u00ed \u017e\u00e1dosti o \u00fa\u010dast v expertn\u00edm vzd\u011bl\u00e1vac\u00edm programu v Centru Vizu\u00e1ln\u00ed Historie Malach v Praze. Program \u201eSv\u011bdectv\u00ed pam\u011btn\u00edk\u016f ve v\u00fduce pro 21. stolet\u00ed\u201c je p\u0159\u00edle\u017eitost\u00ed k profesion\u00e1ln\u00edmu r\u016fstu nejen pro pedagogy, ale tak\u00e9 pro metodology a autory vzd\u011bl\u00e1vac\u00edch materi\u00e1l\u016f. Jeho c\u00edlem je rozv\u00edjet schopnost smyslupln\u00e9ho a efektivn\u00edho vyu\u017eit\u00ed sv\u011bdectv\u00ed pam\u011btn\u00edk\u016f ve vzd\u011bl\u00e1v\u00e1n\u00ed&#8230;<\/p>\n","protected":false},"author":3,"featured_media":0,"comment_status":"closed","ping_status":"closed","sticky":false,"template":"","format":"standard","meta":{"ngg_post_thumbnail":0,"footnotes":""},"categories":[4],"tags":[],"class_list":["post-4973","post","type-post","status-publish","format-standard","hentry","category-featured"],"_links":{"self":[{"href":"https:\/\/kehila-olomouc.cz\/rs\/wp-json\/wp\/v2\/posts\/4973"}],"collection":[{"href":"https:\/\/kehila-olomouc.cz\/rs\/wp-json\/wp\/v2\/posts"}],"about":[{"href":"https:\/\/kehila-olomouc.cz\/rs\/wp-json\/wp\/v2\/types\/post"}],"author":[{"embeddable":true,"href":"https:\/\/kehila-olomouc.cz\/rs\/wp-json\/wp\/v2\/users\/3"}],"replies":[{"embeddable":true,"href":"https:\/\/kehila-olomouc.cz\/rs\/wp-json\/wp\/v2\/comments?post=4973"}],"version-history":[{"count":4,"href":"https:\/\/kehila-olomouc.cz\/rs\/wp-json\/wp\/v2\/posts\/4973\/revisions"}],"predecessor-version":[{"id":7541,"href":"https:\/\/kehila-olomouc.cz\/rs\/wp-json\/wp\/v2\/posts\/4973\/revisions\/7541"}],"wp:attachment":[{"href":"https:\/\/kehila-olomouc.cz\/rs\/wp-json\/wp\/v2\/media?parent=4973"}],"wp:term":[{"taxonomy":"category","embeddable":true,"href":"https:\/\/kehila-olomouc.cz\/rs\/wp-json\/wp\/v2\/categories?post=4973"},{"taxonomy":"post_tag","embeddable":true,"href":"https:\/\/kehila-olomouc.cz\/rs\/wp-json\/wp\/v2\/tags?post=4973"}],"curies":[{"name":"wp","href":"https:\/\/api.w.org\/{rel}","templated":true}]}}