{"id":4968,"date":"2012-03-20T20:03:21","date_gmt":"2012-03-20T18:03:21","guid":{"rendered":"http:\/\/kehila-olomouc.cz\/rs\/?p=4968"},"modified":"2015-11-16T14:49:37","modified_gmt":"2015-11-16T12:49:37","slug":"kondolence-fzo-v-cr","status":"publish","type":"post","link":"https:\/\/kehila-olomouc.cz\/rs\/4968\/kondolence-fzo-v-cr\/","title":{"rendered":"Kondolence F\u017dO v \u010cR"},"content":{"rendered":"<p>Coll\u00e8ge et Lyc\u00e9e Ozar Hatorah \u00a0 \u00a0 \u00a0 \u00a0 \u00a0 \u00a0 \u00a0 \u00a0 \u00a0 \u00a0 \u00a0 \u00a0 \u00a0 \u00a0 \u00a0 \u00a0 \u00a0 \u00a0 \u00a0 \u00a0 \u00a0 \u00a0 \u00a0 \u00a0 \u00a0 \u00a0 \u00a0 \u00a0 \u00a0 \u00a0 \u00a0 \u00a0 \u00a0 \u00a0 \u00a0 \u00a0 \u00a0 \u00a0 \u00a0 \u00a0 \u00a0 \u00a0 \u00a0 \u00a0 \u00a0 \u00a0 \u00a0 \u00a0 \u00a0 \u00a0 \u00a0 \u00a0 \u00a0 \u00a0\u00a0 20. b\u0159ezna 2012<br \/>\n33 rue Jules Dalou<br \/>\n31500 Toulouse<br \/>\nFrance<\/p>\n<p style=\"text-align: justify;\">Draz\u00ed p\u0159\u00e1tel\u00e9,<br \/>\ns rozho\u0159\u010den\u00edm a hlubok\u00fdm z\u00e1rmutkem jsme p\u0159ijali zpr\u00e1vu o zavra\u017ed\u011bn\u00ed \u017e\u00e1k\u016f a u\u010ditele Va\u0161\u00ed \u0161koly. Modl\u00edme se za du\u0161e zabit\u00fdch a uzdraven\u00ed zran\u011bn\u00fdch. O\u010dek\u00e1v\u00e1me zpr\u00e1vu, \u017ee vrazi byli dopadeni a potrest\u00e1ni. Sd\u011blte pros\u00edm rodi\u010d\u016fm, p\u0159\u00edbuzn\u00fdm a jejich p\u0159\u00e1tel\u016fm up\u0159\u00edmnou soustrast v\u0161ech \u017did\u016f, \u017eij\u00edc\u00edch v \u010cesk\u00e9 republice. Tato trag\u00e9die je i na\u0161\u00ed trag\u00e9di\u00ed, Va\u0161e bolest na\u0161\u00ed bolest\u00ed.<\/p>\n<p>V hlubok\u00e9 \u00fact\u011b<\/p>\n<p>Federace \u017eidovsk\u00fdch obc\u00ed v \u010cesk\u00e9 republice<\/p>\n<p>Ji\u0159\u00ed Dan\u00ed\u010dek, p\u0159edseda<\/p>\n","protected":false},"excerpt":{"rendered":"<p>Draz\u00ed p\u0159\u00e1tel\u00e9, s rozho\u0159\u010den\u00edm a hlubok\u00fdm z\u00e1rmutkem jsme p\u0159ijali zpr\u00e1vu o zavra\u017ed\u011bn\u00ed \u017e\u00e1k\u016f a u\u010ditele Va\u0161\u00ed \u0161koly. Modl\u00edme se za du\u0161e zabit\u00fdch a uzdraven\u00ed zran\u011bn\u00fdch. O\u010dek\u00e1v\u00e1me zpr\u00e1vu, \u017ee vrazi byli dopadeni a potrest\u00e1ni. Sd\u011blte pros\u00edm rodi\u010d\u016fm, p\u0159\u00edbuzn\u00fdm a jejich p\u0159\u00e1tel\u016fm up\u0159\u00edmnou soustrast v\u0161ech \u017did\u016f, \u017eij\u00edc\u00edch v \u010cesk\u00e9 republice. Tato trag\u00e9die je i na\u0161\u00ed trag\u00e9di\u00ed, Va\u0161e bolest na\u0161\u00ed bolest\u00ed&#8230;..<\/p>\n","protected":false},"author":3,"featured_media":0,"comment_status":"closed","ping_status":"closed","sticky":false,"template":"","format":"standard","meta":{"ngg_post_thumbnail":0,"footnotes":""},"categories":[4],"tags":[],"class_list":["post-4968","post","type-post","status-publish","format-standard","hentry","category-featured"],"_links":{"self":[{"href":"https:\/\/kehila-olomouc.cz\/rs\/wp-json\/wp\/v2\/posts\/4968"}],"collection":[{"href":"https:\/\/kehila-olomouc.cz\/rs\/wp-json\/wp\/v2\/posts"}],"about":[{"href":"https:\/\/kehila-olomouc.cz\/rs\/wp-json\/wp\/v2\/types\/post"}],"author":[{"embeddable":true,"href":"https:\/\/kehila-olomouc.cz\/rs\/wp-json\/wp\/v2\/users\/3"}],"replies":[{"embeddable":true,"href":"https:\/\/kehila-olomouc.cz\/rs\/wp-json\/wp\/v2\/comments?post=4968"}],"version-history":[{"count":4,"href":"https:\/\/kehila-olomouc.cz\/rs\/wp-json\/wp\/v2\/posts\/4968\/revisions"}],"predecessor-version":[{"id":4970,"href":"https:\/\/kehila-olomouc.cz\/rs\/wp-json\/wp\/v2\/posts\/4968\/revisions\/4970"}],"wp:attachment":[{"href":"https:\/\/kehila-olomouc.cz\/rs\/wp-json\/wp\/v2\/media?parent=4968"}],"wp:term":[{"taxonomy":"category","embeddable":true,"href":"https:\/\/kehila-olomouc.cz\/rs\/wp-json\/wp\/v2\/categories?post=4968"},{"taxonomy":"post_tag","embeddable":true,"href":"https:\/\/kehila-olomouc.cz\/rs\/wp-json\/wp\/v2\/tags?post=4968"}],"curies":[{"name":"wp","href":"https:\/\/api.w.org\/{rel}","templated":true}]}}