{"id":4957,"date":"2012-03-16T16:23:37","date_gmt":"2012-03-16T14:23:37","guid":{"rendered":"http:\/\/kehila-olomouc.cz\/rs\/?p=4957"},"modified":"2015-11-16T14:49:37","modified_gmt":"2015-11-16T12:49:37","slug":"zmizeli-sousede-gymnaziu-cajkovskeho","status":"publish","type":"post","link":"https:\/\/kehila-olomouc.cz\/rs\/4957\/zmizeli-sousede-gymnaziu-cajkovskeho\/","title":{"rendered":"ZMIZEL\u00cd SOUSED\u00c9 &#8211; Gymn\u00e1ziu \u010cajkovsk\u00e9ho"},"content":{"rendered":"<p><a href=\"http:\/\/kehila-olomouc.cz\/rs\/wp-content\/uploads\/zmizel\u00ed-soused\u00e9-2.jpg\"><img loading=\"lazy\" decoding=\"async\" class=\"alignleft size-full wp-image-4960\" style=\"margin-right: 5px;\" title=\"zmizel\u00ed soused\u00e9 2\" src=\"http:\/\/kehila-olomouc.cz\/rs\/wp-content\/uploads\/zmizel\u00ed-soused\u00e9-2.jpg\" alt=\"\" width=\"192\" height=\"173\" \/><\/a>Vzd\u011bl\u00e1vac\u00ed a kulturn\u00ed centrum \u017didovsk\u00e9ho muzea v\u00a0Praze za podpory o. s. Zapomenut\u00ed uv\u00e1d\u00ed v\u00fdstavu<\/p>\n<p style=\"text-align: left;\">ZMIZEL\u00cd SOUSED\u00c9 &#8211; POCTA D\u011aTSK\u00ddM OB\u011aTEM HOLOCAUSTU<\/p>\n<p>V\u00fdstava prob\u00edh\u00e1 19.3. &#8211; 6. 4. 2012 v\u00a0budov\u011b Gymn\u00e1zia, Olomouc, \u010cajkovsk\u00e9ho 9 v\u00a01. pat\u0159e budovy B.<\/p>\n<p>Od 8:00 do 13:30 budou v\u00fdstavou prov\u00e1d\u011bt studenti gymn\u00e1zia, kte\u0159\u00ed sd\u011bl\u00ed z\u00e1kladn\u00ed informace k\u00a0v\u00fdstav\u011b a k\u00a0projektu Zmizel\u00ed soused\u00e9.<\/p>\n<p><strong>Vernis\u00e1\u017e v\u00fdstavy se kon\u00e1 v\u00a0pond\u011bl\u00ed 19. 3. 2012 od 10.00 hod.<\/strong><\/p>\n<p>Bli\u017e\u0161\u00ed informace a kontakt:<\/p>\n<p>Mgr. Jana Marcoulisov\u00e1; <a href=\"mailto:marcoulisova@gcajkol.cz\">marcoulisova@gcajkol.cz<\/a>; tel.: 585\u00a0412 493<\/p>\n<p>Mgr. Stanislav Svoboda<\/p>\n","protected":false},"excerpt":{"rendered":"<p>Vzd\u011bl\u00e1vac\u00ed a kulturn\u00ed centrum \u017didovsk\u00e9ho muzea v Praze za podpory o. s. Zapomenut\u00ed uv\u00e1d\u00ed v\u00fdstavu ZMIZEL\u00cd SOUSED\u00c9 &#8211; POCTA D\u011aTSK\u00ddM OB\u011aTEM HOLOCAUSTU. <strong>V\u00fdstava prob\u00edh\u00e1 19.3. &#8211; 6. 4. 2012 v budov\u011b Gymn\u00e1zia, Olomouc, \u010cajkovsk\u00e9ho 9 v 1. pat\u0159e budovy B.<\/strong> Od 8:00 do 13:30 budou v\u00fdstavou prov\u00e1d\u011bt studenti gymn\u00e1zia, kte\u0159\u00ed sd\u011bl\u00ed z\u00e1kladn\u00ed informace k v\u00fdstav\u011b a k projektu Zmizel\u00ed soused\u00e9. <strong>Vernis\u00e1\u017e v\u00fdstavy se kon\u00e1 v pond\u011bl\u00ed 19. 3. 2012 od 10.00 hod.<\/strong> <\/p>\n","protected":false},"author":3,"featured_media":0,"comment_status":"closed","ping_status":"closed","sticky":false,"template":"","format":"standard","meta":{"ngg_post_thumbnail":0,"footnotes":""},"categories":[4],"tags":[],"class_list":["post-4957","post","type-post","status-publish","format-standard","hentry","category-featured"],"_links":{"self":[{"href":"https:\/\/kehila-olomouc.cz\/rs\/wp-json\/wp\/v2\/posts\/4957"}],"collection":[{"href":"https:\/\/kehila-olomouc.cz\/rs\/wp-json\/wp\/v2\/posts"}],"about":[{"href":"https:\/\/kehila-olomouc.cz\/rs\/wp-json\/wp\/v2\/types\/post"}],"author":[{"embeddable":true,"href":"https:\/\/kehila-olomouc.cz\/rs\/wp-json\/wp\/v2\/users\/3"}],"replies":[{"embeddable":true,"href":"https:\/\/kehila-olomouc.cz\/rs\/wp-json\/wp\/v2\/comments?post=4957"}],"version-history":[{"count":8,"href":"https:\/\/kehila-olomouc.cz\/rs\/wp-json\/wp\/v2\/posts\/4957\/revisions"}],"predecessor-version":[{"id":7543,"href":"https:\/\/kehila-olomouc.cz\/rs\/wp-json\/wp\/v2\/posts\/4957\/revisions\/7543"}],"wp:attachment":[{"href":"https:\/\/kehila-olomouc.cz\/rs\/wp-json\/wp\/v2\/media?parent=4957"}],"wp:term":[{"taxonomy":"category","embeddable":true,"href":"https:\/\/kehila-olomouc.cz\/rs\/wp-json\/wp\/v2\/categories?post=4957"},{"taxonomy":"post_tag","embeddable":true,"href":"https:\/\/kehila-olomouc.cz\/rs\/wp-json\/wp\/v2\/tags?post=4957"}],"curies":[{"name":"wp","href":"https:\/\/api.w.org\/{rel}","templated":true}]}}