{"id":4939,"date":"2012-03-05T01:39:52","date_gmt":"2012-03-04T23:39:52","guid":{"rendered":"http:\/\/kehila-olomouc.cz\/rs\/?p=4939"},"modified":"2015-11-16T14:49:37","modified_gmt":"2015-11-16T12:49:37","slug":"vzpominka-vystava-fotografii-jindricha-buxbauma","status":"publish","type":"post","link":"https:\/\/kehila-olomouc.cz\/rs\/4939\/vzpominka-vystava-fotografii-jindricha-buxbauma\/","title":{"rendered":"Vzpom\u00ednka &#8211; v\u00fdstava fotografi\u00ed Jind\u0159icha Buxbauma"},"content":{"rendered":"<p><a href=\"http:\/\/kehila-olomouc.cz\/rs\/wp-content\/uploads\/plak\u00e1t-Buxbaum-vzpom\u00ednka.jpg\"><img loading=\"lazy\" decoding=\"async\" class=\"aligncenter  wp-image-4941\" title=\"plak\u00e1t Buxbaum vzpom\u00ednka\" src=\"http:\/\/kehila-olomouc.cz\/rs\/wp-content\/uploads\/plak\u00e1t-Buxbaum-vzpom\u00ednka.jpg\" alt=\"\" width=\"576\" height=\"814\" srcset=\"https:\/\/kehila-olomouc.cz\/rs\/wp-content\/uploads\/plak\u00e1t-Buxbaum-vzpom\u00ednka.jpg 596w, https:\/\/kehila-olomouc.cz\/rs\/wp-content\/uploads\/plak\u00e1t-Buxbaum-vzpom\u00ednka-212x300.jpg 212w\" sizes=\"(max-width: 576px) 100vw, 576px\" \/><\/a><\/p>\n","protected":false},"excerpt":{"rendered":"<p>Centrum judaistick\u00fdch studi\u00ed Kurta a Ursuly Schubertov\u00fdch ve spolupr\u00e1ci s \u017didovskou obc\u00ed Olomouc si V\u00e1s dovoluje pozvat na v\u00fdstavu fotografi\u00ed Jind\u0159icha Buxbauma \u2013 <strong>VZPOM\u00cdNKA 13.3. &#8211; 30. 3. 2012.<\/strong> V\u00fdstava bude p\u0159\u00edstupna ve\u0159ejnosti v barokn\u00ed chodb\u011b Um\u011bleck\u00e9ho centra Univerzity Palack\u00e9ho v Olomouci. <strong>Slavnostn\u00ed vernis\u00e1\u017e za \u00fa\u010dasti autora se uskute\u010dn\u00ed dne 13. 3. 2012 v 16.30 hodin.<\/strong> Jind\u0159ich Buxbaum se ve sv\u00fdch fotografi\u00edch p\u0159ev\u00e1\u017en\u011b v\u011bnuje \u017eidovsk\u00e9 t\u00e9matice. M\u00e1 za sebou n\u011bkolik v\u00fdstav v\u011bnovan\u00fdch v\u0161edn\u00edmu \u017eivotu v Izraeli. Vernis\u00e1\u017e \u010dernob\u00edl\u00fdch fotografi\u00ed po\u0159\u00edzen\u00fdch v t\u00e1borech Terez\u00edn a Osv\u011btim, bude v\u011bnov\u00e1na otci fotografa&#8230;<\/p>\n","protected":false},"author":3,"featured_media":0,"comment_status":"closed","ping_status":"closed","sticky":false,"template":"","format":"standard","meta":{"ngg_post_thumbnail":0,"footnotes":""},"categories":[4],"tags":[71],"class_list":["post-4939","post","type-post","status-publish","format-standard","hentry","category-featured","tag-vystava"],"_links":{"self":[{"href":"https:\/\/kehila-olomouc.cz\/rs\/wp-json\/wp\/v2\/posts\/4939"}],"collection":[{"href":"https:\/\/kehila-olomouc.cz\/rs\/wp-json\/wp\/v2\/posts"}],"about":[{"href":"https:\/\/kehila-olomouc.cz\/rs\/wp-json\/wp\/v2\/types\/post"}],"author":[{"embeddable":true,"href":"https:\/\/kehila-olomouc.cz\/rs\/wp-json\/wp\/v2\/users\/3"}],"replies":[{"embeddable":true,"href":"https:\/\/kehila-olomouc.cz\/rs\/wp-json\/wp\/v2\/comments?post=4939"}],"version-history":[{"count":5,"href":"https:\/\/kehila-olomouc.cz\/rs\/wp-json\/wp\/v2\/posts\/4939\/revisions"}],"predecessor-version":[{"id":7545,"href":"https:\/\/kehila-olomouc.cz\/rs\/wp-json\/wp\/v2\/posts\/4939\/revisions\/7545"}],"wp:attachment":[{"href":"https:\/\/kehila-olomouc.cz\/rs\/wp-json\/wp\/v2\/media?parent=4939"}],"wp:term":[{"taxonomy":"category","embeddable":true,"href":"https:\/\/kehila-olomouc.cz\/rs\/wp-json\/wp\/v2\/categories?post=4939"},{"taxonomy":"post_tag","embeddable":true,"href":"https:\/\/kehila-olomouc.cz\/rs\/wp-json\/wp\/v2\/tags?post=4939"}],"curies":[{"name":"wp","href":"https:\/\/api.w.org\/{rel}","templated":true}]}}