{"id":4917,"date":"2012-02-23T16:18:19","date_gmt":"2012-02-23T14:18:19","guid":{"rendered":"http:\/\/kehila-olomouc.cz\/rs\/?p=4917"},"modified":"2015-11-16T14:49:37","modified_gmt":"2015-11-16T12:49:37","slug":"spolecne-prohlaseni-ke-kauze-a-b-bartose","status":"publish","type":"post","link":"https:\/\/kehila-olomouc.cz\/rs\/4917\/spolecne-prohlaseni-ke-kauze-a-b-bartose\/","title":{"rendered":"Spole\u010dn\u00e9 prohl\u00e1\u0161en\u00ed ke kauze A.B. Barto\u0161e"},"content":{"rendered":"<p style=\"text-align: justify;\"><a href=\"http:\/\/kehila-olomouc.cz\/rs\/wp-content\/uploads\/ESLI-logo.jpg\"><img loading=\"lazy\" decoding=\"async\" class=\"alignleft size-full wp-image-4923\" style=\"margin-right: 10px;\" title=\"ESLI logo\" src=\"http:\/\/kehila-olomouc.cz\/rs\/wp-content\/uploads\/ESLI-logo.jpg\" alt=\"\" width=\"140\" height=\"58\" \/><\/a>Adam B. Barto\u0161 uve\u0159ejnil na sv\u00fdch webov\u00fdch str\u00e1nk\u00e1ch u\u017e ledacos. Jak s\u00e1m uvedl, r\u00e1d p\u00ed\u0161e o v\u011bcech, kter\u00fdm se jin\u00ed vyh\u00fdbaj\u00ed. V posledn\u00ed dob\u011b uve\u0159ejnil mimo jin\u00e9 texty t\u00fdkaj\u00edc\u00ed se \u017did\u016f a jejich p\u016fsoben\u00ed v d\u011bjin\u00e1ch, ve spole\u010dnosti, v politice, v kultu\u0159e\u2026 Proto\u017ee je, jak \u0159\u00edk\u00e1, konzervativn\u00ed, vych\u00e1z\u00ed ze starobyl\u00fdch, tradic\u00ed posv\u011bcen\u00fdch argument\u016f, kter\u00e9 maj\u00ed dok\u00e1zat, jak je toto p\u016fsoben\u00ed \u017did\u016f pro lidstvo zhoubn\u00e9. Argumenty z Protokol\u016f sionsk\u00fdch mudrc\u016f a Hilsnerova procesu, konspira\u010dn\u00ed m\u00e1nie, tajn\u00e1 spiknut\u00ed, to v\u0161e zde najdeme \u2013 v\u010detn\u011b tvrzen\u00ed, \u017ee autor nen\u00ed antisemita, proto\u017ee m\u00e1 mezi \u017didy n\u011bkolik dobr\u00fdch p\u0159\u00e1tel. Jako by stoupenci takto umanut\u00e9ho pohledu na sv\u011bt u\u017e nedok\u00e1zali vymyslet nic nov\u00e9ho, pomineme-li Barto\u0161ovu fantazii o p\u0159ijet\u00ed a\u017e milionu izraelsk\u00fdch uprchl\u00edk\u016f \u010ceskou republikou, k n\u011bmu\u017e m\u00e1 podle \u00fadajn\u00e9ho slibu ministra zahrani\u010d\u00ed Karla Schwarzenberga doj\u00edt po rozpout\u00e1n\u00ed v\u00e1lky Izraele s \u00cdr\u00e1nem.<\/p>\n<p style=\"text-align: justify;\">Skutkovou podstatou Barto\u0161ov\u00fdch aktivit se ji\u017e zab\u00fdvaj\u00ed org\u00e1ny \u010dinn\u00e9 v trestn\u00edm \u0159\u00edzen\u00ed. Bez ohledu na jejich z\u00e1v\u011br by v\u0161ak nem\u011bl uniknout pozornosti politick\u00fd kontext Barto\u0161ova kon\u00e1n\u00ed. Ve sv\u00e9m blogu s devizou \u201eB\u016fh, vlast, rodina\u201c v rubrice \u201eS politiky, s p\u0159\u00e1teli\u201c publikuje Barto\u0161 tak\u00e9 fotografie, na nich\u017e je zachycen s ve\u0159ejn\u00fdmi p\u0159edstaviteli. Je p\u0159inejmen\u0161\u00edm zar\u00e1\u017eej\u00edc\u00ed, \u017ee \u010dinitel\u00e9, kte\u0159\u00ed se na sn\u00edmc\u00edch s Barto\u0161em objevuj\u00ed, dosud nepoc\u00edtili pot\u0159ebu jakkoli se distancovat od jeho proti\u017eidovsk\u00e9 posedlosti. To se t\u00fdk\u00e1 dokonce prezidenta republiky V\u00e1clava Klause, hradn\u00edho vicekancl\u00e9\u0159e Petra H\u00e1jka a reprezentant\u016f Mlad\u00e9 pravice. Ti, jejich\u017e bl\u00edzkost\u00ed se Barto\u0161 chlub\u00ed, asi nejsou dostate\u010dn\u011b informov\u00e1ni, by\u0165 je Barto\u0161\u016fv blog prob\u00edr\u00e1n snad ve v\u0161ech m\u00e9di\u00edch. A\u0165 je tomu jakkoli, ml\u010den\u00edm se v dan\u00e9m p\u0159\u00edpad\u011b posunuje hranice tolerance v\u016f\u010di nebezpe\u010dn\u00e9mu a primitivn\u00edmu extremistick\u00e9mu \u0161tvan\u00ed, a to bez ohledu na to, zda je jeho podtext n\u00e1rodnostn\u00ed, rasov\u00fd, n\u00e1bo\u017eensk\u00fd, politick\u00fd \u010di jin\u00fd. M\u00e1-li b\u00fdt toto ml\u010den\u00ed nav\u00edc projevem respektu k ob\u010dansk\u00fdm svobod\u00e1m, k nim\u017e bezpochyby n\u00e1le\u017e\u00ed tak\u00e9 mo\u017enost p\u0159\u00edklonu ke konzervativismu a tradic\u00edm, potom je sou\u010dasn\u011b t\u0159eba p\u0159ipomenout, k\u00fdm a jak byly tyto hodnoty v minulosti zneu\u017eity a s jak\u00fdmi n\u00e1sledky.<\/p>\n<p style=\"text-align: justify;\">Evropsk\u00fd institut odkazu \u0161oa a v n\u011bm zastoupen\u00e9 \u010desk\u00e9 organizace \u2013 Federace \u017eidovsk\u00fdch obc\u00ed v \u010cR, Terez\u00ednsk\u00e1 iniciativa a \u017didovsk\u00e9 muzeum v Praze \u2013 vyjad\u0159uj\u00ed sv\u00e9 pobou\u0159en\u00ed nad proti\u017eidovsk\u00fdmi v\u00fdroky, kter\u00e9 Adam B. Barto\u0161 \u0161\u00ed\u0159\u00ed prost\u0159ednictv\u00edm sv\u00e9ho blogu.<\/p>\n<p>V Praze dne 23. \u00fanora 2012<\/p>\n<p>Jaroslav \u0160onka, \u0159editel Evropsk\u00e9ho institutu odkazu \u0161oa<br \/>\nTom\u00e1\u0161 Kosta, p\u0159edseda spr\u00e1vn\u00ed rady Evropsk\u00e9ho institutu odkazu \u0161oa<br \/>\nJi\u0159\u00ed \u010cisteck\u00fd, m\u00edstop\u0159edseda spr\u00e1vn\u00ed rady Evropsk\u00e9ho institutu odkazu \u0161oa<br \/>\nJi\u0159\u00ed Kud\u011bla, \u010dlen spr\u00e1vn\u00ed rady Evropsk\u00e9ho institutu odkazu \u0161oa<br \/>\nPetr Papou\u0161ek, \u010dlen spr\u00e1vn\u00ed rady Evropsk\u00e9ho institutu odkazu \u0161oa<br \/>\nEva Lorencov\u00e1, \u010dlenka spr\u00e1vn\u00ed rady Evropsk\u00e9ho institutu odkazu \u0161oa<br \/>\nMichaela Sidenberg, \u010dlenka spr\u00e1vn\u00ed rady Evropsk\u00e9ho institutu odkazu \u0161oa<br \/>\nJi\u0159\u00ed Dan\u00ed\u010dek, p\u0159edseda Federace \u017eidovsk\u00fdch obc\u00ed v \u010cR<br \/>\nLeo Pavl\u00e1t, \u0159editel \u017didovsk\u00e9ho muzea v Praze<br \/>\nDagmar Lieblov\u00e1, p\u0159edsedkyn\u011b Terez\u00ednsk\u00e9 iniciativy<\/p>\n<ul class=\"seznam-pdf\">\n<li><a href=\"http:\/\/kehila-olomouc.cz\/rs\/wp-content\/uploads\/Prohl\u00e1\u0161en\u00ed-ESLI-23.2.2012.pdf\">Prohl\u00e1\u0161en\u00ed 23.2.2012<\/a><\/li>\n<\/ul>\n<p><a href=\"http:\/\/get.adobe.com\/reader\/\"><img decoding=\"async\" src=\"http:\/\/www.fzo.cz\/wp-content\/themes\/fzo\/images\/get_adobe_reader_160x41.gif\" alt=\"St\u00e1hnout program pro \u010dten\u00ed soubor\u016f PDF\" \/><\/a><\/p>\n","protected":false},"excerpt":{"rendered":"<div style=\\\"text-align:justify;\\\">Adam B. Barto\u0161 uve\u0159ejnil na sv\u00fdch webov\u00fdch str\u00e1nk\u00e1ch u\u017e ledacos. Jak s\u00e1m uvedl, r\u00e1d p\u00ed\u0161e o v\u011bcech, kter\u00fdm se jin\u00ed vyh\u00fdbaj\u00ed. V posledn\u00ed dob\u011b uve\u0159ejnil mimo jin\u00e9 texty t\u00fdkaj\u00edc\u00ed se \u017did\u016f a jejich p\u016fsoben\u00ed v d\u011bjin\u00e1ch, ve spole\u010dnosti, v politice, v kultu\u0159e\u2026 Proto\u017ee je, jak \u0159\u00edk\u00e1, konzervativn\u00ed, vych\u00e1z\u00ed ze starobyl\u00fdch, tradic\u00ed posv\u011bcen\u00fdch argument\u016f, kter\u00e9 maj\u00ed dok\u00e1zat, jak je toto p\u016fsoben\u00ed \u017did\u016f pro lidstvo zhoubn\u00e9. Argumenty z Protokol\u016f sionsk\u00fdch mudrc\u016f a Hilsnerova procesu, konspira\u010dn\u00ed m\u00e1nie, tajn\u00e1 spiknut\u00ed, to v\u0161e zde najdeme \u2013 v\u010detn\u011b tvrzen\u00ed, \u017ee autor nen\u00ed antisemita, proto\u017ee m\u00e1 mezi &#8230;<\/div>\n","protected":false},"author":3,"featured_media":0,"comment_status":"closed","ping_status":"closed","sticky":false,"template":"","format":"standard","meta":{"ngg_post_thumbnail":0,"footnotes":""},"categories":[4],"tags":[],"class_list":["post-4917","post","type-post","status-publish","format-standard","hentry","category-featured"],"_links":{"self":[{"href":"https:\/\/kehila-olomouc.cz\/rs\/wp-json\/wp\/v2\/posts\/4917"}],"collection":[{"href":"https:\/\/kehila-olomouc.cz\/rs\/wp-json\/wp\/v2\/posts"}],"about":[{"href":"https:\/\/kehila-olomouc.cz\/rs\/wp-json\/wp\/v2\/types\/post"}],"author":[{"embeddable":true,"href":"https:\/\/kehila-olomouc.cz\/rs\/wp-json\/wp\/v2\/users\/3"}],"replies":[{"embeddable":true,"href":"https:\/\/kehila-olomouc.cz\/rs\/wp-json\/wp\/v2\/comments?post=4917"}],"version-history":[{"count":6,"href":"https:\/\/kehila-olomouc.cz\/rs\/wp-json\/wp\/v2\/posts\/4917\/revisions"}],"predecessor-version":[{"id":7546,"href":"https:\/\/kehila-olomouc.cz\/rs\/wp-json\/wp\/v2\/posts\/4917\/revisions\/7546"}],"wp:attachment":[{"href":"https:\/\/kehila-olomouc.cz\/rs\/wp-json\/wp\/v2\/media?parent=4917"}],"wp:term":[{"taxonomy":"category","embeddable":true,"href":"https:\/\/kehila-olomouc.cz\/rs\/wp-json\/wp\/v2\/categories?post=4917"},{"taxonomy":"post_tag","embeddable":true,"href":"https:\/\/kehila-olomouc.cz\/rs\/wp-json\/wp\/v2\/tags?post=4917"}],"curies":[{"name":"wp","href":"https:\/\/api.w.org\/{rel}","templated":true}]}}