{"id":4904,"date":"2012-02-16T00:10:31","date_gmt":"2012-02-15T22:10:31","guid":{"rendered":"http:\/\/kehila-olomouc.cz\/rs\/?p=4904"},"modified":"2015-11-16T14:50:31","modified_gmt":"2015-11-16T12:50:31","slug":"vystava-mezinarodniho-projektu-we-are-one","status":"publish","type":"post","link":"https:\/\/kehila-olomouc.cz\/rs\/4904\/vystava-mezinarodniho-projektu-we-are-one\/","title":{"rendered":"V\u00fdstava mezin\u00e1rodn\u00edho projektu We Are One"},"content":{"rendered":"<p style=\"text-align: justify;\"><a href=\"http:\/\/kehila-olomouc.cz\/rs\/wp-content\/uploads\/We-are-one.jpg\"><img loading=\"lazy\" decoding=\"async\" class=\"alignleft size-full wp-image-4906\" style=\"margin-right: 10px;\" title=\"We are one\" src=\"http:\/\/kehila-olomouc.cz\/rs\/wp-content\/uploads\/We-are-one.jpg\" alt=\"\" width=\"400\" height=\"300\" srcset=\"https:\/\/kehila-olomouc.cz\/rs\/wp-content\/uploads\/We-are-one.jpg 400w, https:\/\/kehila-olomouc.cz\/rs\/wp-content\/uploads\/We-are-one-300x225.jpg 300w\" sizes=\"(max-width: 400px) 100vw, 400px\" \/><\/a>Srde\u010dn\u011b v\u00e1s zveme na v\u00fdstavu mezin\u00e1rodn\u00edho projektu We Are One, v r\u00e1mci kter\u00e9ho mlad\u00ed lid\u00e9 p\u0159edstavuj\u00ed lok\u00e1ln\u00ed \u017eidovskou historii sv\u00e9ho regionu. Vernis\u00e1\u017e a prom\u00edt\u00e1n\u00ed studentsk\u00e9ho filmu (polsky s anglick\u00fdmi titulky) se kon\u00e1 v pond\u011bl\u00ed, <strong>20.2. 2012 ve 12:00<\/strong> v prostor\u00e1ch d\u011bkan\u00e1tu FF UP, K\u0159\u00ed\u017ekovsk\u00e9ho 10.<\/p>\n<p style=\"text-align: justify;\">T\u0159i roky uplynuly od doby, kdy se Centrum judaistick\u00fdch studi\u00ed Kurta a Ursuly Schubertov\u00fdch v Olomouci zapojilo do mezin\u00e1rodn\u00edho projektu We Are One. N\u00e1pad se zrodil v polsk\u00e9m Nowem Saczu, kde st\u0159edo\u0161kol\u00e1ci v r\u00e1mci projektu objevili d\u00e1vno zapomenutou lok\u00e1ln\u00ed \u017eidovskou historii a cht\u011bli se o ni pod\u011blit i se sv\u00fdmi kolegy ze zem\u00ed st\u0159edn\u00ed a v\u00fdchodn\u00ed Evropy. Zapojila se organizace Zachor z Budape\u0161ti, Gymn\u00e1zim Detva ze Slovenska, skupina vysoko\u0161kol\u00e1k\u016f z ukrajinsk\u00e9ho Charkova a v neposledn\u00ed \u0159ad\u011b i olomou\u010dt\u00ed judaist\u00e9, kte\u0159\u00ed pro projekt nadchli i star\u0161\u00ed studenty Gymn\u00e1zia Olomouc na \u010cajkovsk\u00e9ho ulici. B\u011bhem t\u0159\u00ed let m\u011bli studenti mo\u017enost se sezn\u00e1mit s \u017eidovskou histori\u00ed v\u0161ech v\u00fd\u0161e jmenovan\u00fdch m\u011bst a absolvovat v r\u00e1mci projektu p\u0159ipraven\u00e9 peer guided vzd\u011bl\u00e1vac\u00ed pobyty. Druhou \u010d\u00e1st\u00ed projektu pak tvo\u0159ila vlastn\u00ed um\u011bleck\u00e1 a badatelsk\u00e1 pr\u00e1ce student\u016f. Ve dnech 20.-26.2. m\u00e1 olomouck\u00e1 ve\u0159ejnost jedine\u010dnou p\u0159\u00edle\u017eitost prohl\u00e9dnout si v\u00fdsledky t\u0159\u00edlet\u00e9ho \u00fasil\u00ed student\u016f z p\u011bti zem\u00ed st\u0159edn\u00ed a v\u00fdchodn\u00ed Evropy. N\u00e1v\u0161t\u011bvn\u00edci se mohou t\u011b\u0161it na p\u0159\u00edb\u011bhy \u017eidovsk\u00fdch obyvatel Nowego Sacza, fotografie z peer guided prohl\u00eddek, sondu do \u017eidovsk\u00e9 historie Detvy a okol\u00ed a samoz\u0159ejm\u011b tak\u00e9 na pr\u00e1ci olomouck\u00fdch student\u016f o osudech rodiny Aschkenes\u016f.<\/p>\n","protected":false},"excerpt":{"rendered":"<p>Srde\u010dn\u011b v\u00e1s zveme na v\u00fdstavu mezin\u00e1rodn\u00edho projektu We Are One, v r\u00e1mci kter\u00e9ho mlad\u00ed lid\u00e9 p\u0159edstavuj\u00ed lok\u00e1ln\u00ed \u017eidovskou historii sv\u00e9ho regionu. Vernis\u00e1\u017e a prom\u00edt\u00e1n\u00ed studentsk\u00e9ho filmu (polsky s anglick\u00fdmi titulky) se kon\u00e1<strong> v pond\u011bl\u00ed, 20.2. 2012 ve 12:00 v prostor\u00e1ch d\u011bkan\u00e1tu FF UP, K\u0159\u00ed\u017ekovsk\u00e9ho 10.<\/strong> T\u0159i roky uplynuly od doby, kdy se Centrum judaistick\u00fdch studi\u00ed Kurta a Ursuly Schubertov\u00fdch v Olomouci zapojilo do mezin\u00e1rodn\u00edho projektu We Are One&#8230;..<\/p>\n","protected":false},"author":3,"featured_media":0,"comment_status":"closed","ping_status":"closed","sticky":false,"template":"","format":"standard","meta":{"ngg_post_thumbnail":0,"footnotes":""},"categories":[4],"tags":[],"class_list":["post-4904","post","type-post","status-publish","format-standard","hentry","category-featured"],"_links":{"self":[{"href":"https:\/\/kehila-olomouc.cz\/rs\/wp-json\/wp\/v2\/posts\/4904"}],"collection":[{"href":"https:\/\/kehila-olomouc.cz\/rs\/wp-json\/wp\/v2\/posts"}],"about":[{"href":"https:\/\/kehila-olomouc.cz\/rs\/wp-json\/wp\/v2\/types\/post"}],"author":[{"embeddable":true,"href":"https:\/\/kehila-olomouc.cz\/rs\/wp-json\/wp\/v2\/users\/3"}],"replies":[{"embeddable":true,"href":"https:\/\/kehila-olomouc.cz\/rs\/wp-json\/wp\/v2\/comments?post=4904"}],"version-history":[{"count":3,"href":"https:\/\/kehila-olomouc.cz\/rs\/wp-json\/wp\/v2\/posts\/4904\/revisions"}],"predecessor-version":[{"id":7548,"href":"https:\/\/kehila-olomouc.cz\/rs\/wp-json\/wp\/v2\/posts\/4904\/revisions\/7548"}],"wp:attachment":[{"href":"https:\/\/kehila-olomouc.cz\/rs\/wp-json\/wp\/v2\/media?parent=4904"}],"wp:term":[{"taxonomy":"category","embeddable":true,"href":"https:\/\/kehila-olomouc.cz\/rs\/wp-json\/wp\/v2\/categories?post=4904"},{"taxonomy":"post_tag","embeddable":true,"href":"https:\/\/kehila-olomouc.cz\/rs\/wp-json\/wp\/v2\/tags?post=4904"}],"curies":[{"name":"wp","href":"https:\/\/api.w.org\/{rel}","templated":true}]}}