{"id":4887,"date":"2012-02-05T02:04:21","date_gmt":"2012-02-05T00:04:21","guid":{"rendered":"http:\/\/kehila-olomouc.cz\/rs\/?p=4887"},"modified":"2015-11-16T14:50:31","modified_gmt":"2015-11-16T12:50:31","slug":"vyzva-druha-vlna-kladeni-kamenu-stolpersteine","status":"publish","type":"post","link":"https:\/\/kehila-olomouc.cz\/rs\/4887\/vyzva-druha-vlna-kladeni-kamenu-stolpersteine\/","title":{"rendered":"V\u00fdzva &#8211; druh\u00e1 vlna kladen\u00ed kamen\u016f Stolpersteine"},"content":{"rendered":"<p style=\"text-align: justify;\">\u00a0\u00a0 B\u011bhem t\u0159\u00ed dn\u016f bylo v \u010d<a href=\"http:\/\/kehila-olomouc.cz\/rs\/wp-content\/uploads\/stolpersteine1.jpg\"><img loading=\"lazy\" decoding=\"async\" class=\"alignleft  wp-image-4889\" style=\"margin-right: 10px; border: 1px solid black;\" title=\"stolpersteine\" src=\"http:\/\/kehila-olomouc.cz\/rs\/wp-content\/uploads\/stolpersteine1.jpg\" alt=\"\" width=\"303\" height=\"199\" \/><\/a>ervnu 2011 polo\u017eeno na 17 m\u00edstech Olomouce 31 kamen\u016f zmizel\u00fdch &#8211; Stolpersteine. Olomouc se tak p\u0159ipojila k Praze, Brnu, Ostrav\u011b, Kol\u00ednu, Teplic\u00edm, Neratovic\u00edm, T\u0159eboni a asi k 600 evropsk\u00fdm m\u011bst\u016fm. Kameny s desti\u010dkou se z\u00e1kladn\u00edmi \u00fadaji jsou vsazeny do chodn\u00edk\u016f p\u0159ed posledn\u00ed svobodn\u011b zvolen\u00e9 bydli\u0161t\u011b \u017did\u016f p\u0159ed jejich deportac\u00ed do koncentra\u010dn\u00edch t\u00e1bor\u016f, z nich\u017e se nevr\u00e1tili. Kameny zaplatili rodinn\u00ed p\u0159\u00edslu\u0161n\u00edci z Olomouce i ze zahrani\u010d\u00ed, akci podpo\u0159ily granty <a href=\"http:\/\/www.olomouc.eu\" target=\"_blank\">m\u011bsta Olomouce<\/a> a <a href=\"http:\/\/www.kr-olomoucky.cz\/\" target=\"_blank\">Olomouck\u00e9ho kraje<\/a>. K mnoha z\u00e1jemc\u016fm o tento zp\u016fsob uct\u011bn\u00ed pam\u00e1tky sv\u00fdch p\u0159\u00edbuzn\u00fdch se informace o kladen\u00ed kamen\u016f dostala pozd\u011b. \u017didovsk\u00e1 obec Olomouc registruje ji\u017e \u0159adu dal\u0161\u00edch \u017e\u00e1dost\u00ed a sama chce s pomoc\u00ed m\u011bstsk\u00fdch a krajsk\u00fdch grant\u016f polo\u017eit kameny za ty, kte\u0159\u00ed p\u0159\u00edbuzn\u00e9 nemaj\u00ed.<\/p>\n<p style=\"text-align: justify;\">Druh\u00e1 vlna kladen\u00ed kamen\u016f se bude konat <strong>v z\u00e1\u0159\u00ed 2012<\/strong>.<\/p>\n<p style=\"text-align: justify;\"><strong>Obrac\u00edme se na z\u00e1jemce o financov\u00e1n\u00ed kamen\u016f, aby zaslali jm\u00e9na a p\u0159ipadn\u011b olomouck\u00e9 adresy t\u011bch, jim\u017e cht\u011bj\u00ed kameny zakoupit na email <a title=\"kehila@kehila-olomouc.cz\" href=\"mailto:kehila@kehila-olomouc.cz\" target=\"_blank\">\u017didovsk\u00e9 obce Olomouc<\/a> nebo n\u00e1s kontaktujte na tel. 585 223 119.\u00a0 Obec zajist\u00ed dopln\u011bn\u00ed z\u00e1kladn\u00edch informac\u00ed pro text na desti\u010dce, v\u00fdrobu kamen\u016f a jejich polo\u017een\u00ed. Cena jednoho kamene je letos 120 Euro.\u00a0<\/strong><\/p>\n<p style=\"text-align: justify;\">ngg_shortcode_0_placeholder<\/p>\n","protected":false},"excerpt":{"rendered":"<p>B\u011bhem t\u0159\u00ed dn\u016f bylo v \u010dervnu 2011 polo\u017eeno na 17 m\u00edstech Olomouce 31 kamen\u016f zmizel\u00fdch &#8211; Stolpersteine. Olomouc se tak p\u0159ipojila k Praze, Brnu, Ostrav\u011b, Kol\u00ednu, Teplic\u00edm, Neratovic\u00edm, T\u0159eboni a asi k 600 evropsk\u00fdm m\u011bst\u016fm. Kameny s desti\u010dkou se z\u00e1kladn\u00edmi \u00fadaji jsou vsazeny do chodn\u00edk\u016f p\u0159ed posledn\u00ed svobodn\u011b zvolen\u00e9 bydli\u0161t\u011b \u017did\u016f p\u0159ed jejich deportac\u00ed do koncentra\u010dn\u00edch t\u00e1bor\u016f, z nich\u017e se nevr\u00e1tili. Kameny zaplatili rodinn\u00ed p\u0159\u00edslu\u0161n\u00edci z Olomouce i ze zahrani\u010d\u00ed, akci podpo\u0159ily granty <a href=\"http:\/\/www.olomouc.eu\" target=\"_blank\">m\u011bsta Olomouce<\/a> a <a href=\"http:\/\/www.kr-olomoucky.cz\/\" target=\"_blank\">Olomouck\u00e9ho kraje<\/a>. K mnoha z\u00e1jemc\u016fm o tento zp\u016fsob uct\u011bn\u00ed pam\u00e1tky sv\u00fdch p\u0159\u00edbuzn\u00fdch se informace o kladen\u00ed kamen\u016f dostala pozd\u011b&#8230;&#8230;<\/p>\n","protected":false},"author":3,"featured_media":0,"comment_status":"closed","ping_status":"closed","sticky":false,"template":"","format":"standard","meta":{"ngg_post_thumbnail":0,"footnotes":""},"categories":[4],"tags":[],"class_list":["post-4887","post","type-post","status-publish","format-standard","hentry","category-featured"],"_links":{"self":[{"href":"https:\/\/kehila-olomouc.cz\/rs\/wp-json\/wp\/v2\/posts\/4887"}],"collection":[{"href":"https:\/\/kehila-olomouc.cz\/rs\/wp-json\/wp\/v2\/posts"}],"about":[{"href":"https:\/\/kehila-olomouc.cz\/rs\/wp-json\/wp\/v2\/types\/post"}],"author":[{"embeddable":true,"href":"https:\/\/kehila-olomouc.cz\/rs\/wp-json\/wp\/v2\/users\/3"}],"replies":[{"embeddable":true,"href":"https:\/\/kehila-olomouc.cz\/rs\/wp-json\/wp\/v2\/comments?post=4887"}],"version-history":[{"count":7,"href":"https:\/\/kehila-olomouc.cz\/rs\/wp-json\/wp\/v2\/posts\/4887\/revisions"}],"predecessor-version":[{"id":4891,"href":"https:\/\/kehila-olomouc.cz\/rs\/wp-json\/wp\/v2\/posts\/4887\/revisions\/4891"}],"wp:attachment":[{"href":"https:\/\/kehila-olomouc.cz\/rs\/wp-json\/wp\/v2\/media?parent=4887"}],"wp:term":[{"taxonomy":"category","embeddable":true,"href":"https:\/\/kehila-olomouc.cz\/rs\/wp-json\/wp\/v2\/categories?post=4887"},{"taxonomy":"post_tag","embeddable":true,"href":"https:\/\/kehila-olomouc.cz\/rs\/wp-json\/wp\/v2\/tags?post=4887"}],"curies":[{"name":"wp","href":"https:\/\/api.w.org\/{rel}","templated":true}]}}