{"id":4587,"date":"2012-01-18T22:43:14","date_gmt":"2012-01-18T20:43:14","guid":{"rendered":"http:\/\/kehila-olomouc.cz\/rs\/?p=4587"},"modified":"2015-11-16T14:50:31","modified_gmt":"2015-11-16T12:50:31","slug":"vystava-k-mezinarodnimu-dni-pamatky-obetem-holocaustu","status":"publish","type":"post","link":"https:\/\/kehila-olomouc.cz\/rs\/4587\/vystava-k-mezinarodnimu-dni-pamatky-obetem-holocaustu\/","title":{"rendered":"V\u00fdstava k Mezin\u00e1rodn\u00edmu dni pam\u00e1tky ob\u011btem holocaustu"},"content":{"rendered":"<p>Keeping the Memory Alive &#8211; Children in the Holocaust<\/p>\n<p style=\"text-align: justify;\">\u017didovsk\u00e1 obec Olomouc ve spolupr\u00e1ci s Evropsk\u00fdm institutem odkazu \u0161oa v \u010cesk\u00e9 republice a pod z\u00e1\u0161titou prim\u00e1tora statut\u00e1rn\u00edho m\u011bsta Olomouc Martina Novotn\u00e9ho po\u0159\u00e1d\u00e1 v\u00fdstavu v\u00edt\u011bzn\u00fdch plak\u00e1t\u016f z Mezin\u00e1rodn\u00ed sout\u011b\u017ee plak\u00e1t na t\u00e9ma: Keeping Memory Alive \u2013 Children in the Holocaust (Zachov\u00e1n\u00ed \u017eiv\u00e9 pam\u011bti \u2013 D\u011bti za holocaustu).<\/p>\n<h3 style=\"text-align: center;\">Vernis\u00e1\u017e v\u00fdstavy prob\u011bhla<br \/>\nve \u010dtvrtek 26. ledna 2012 v 16 hodin<br \/>\nve Vlastiv\u011bdn\u00e9m muzeu Olomouc, n\u00e1m\u011bst\u00ed Republiky 5<\/h3>\n<p style=\"text-align: justify;\">Mezin\u00e1rodn\u00ed sout\u011b\u017e o nejlep\u0161\u00ed plak\u00e1t na t\u00e9ma: Keeping the Memory Alive \u2013 Children in the Holocaust (Zachov\u00e1n\u00ed \u017eiv\u00e9 pam\u011bti \u2013 D\u011bti za holocaustu) je projektem Mezin\u00e1rodn\u00edho v\u00fdborupro vzd\u011bl\u00e1v\u00e1n\u00ed, p\u0159ipom\u00ednku a v\u00fdzkum holocaustu (Task force for international cooperation on (Holocaust education, remembrance and research \/ITF\/). Partnery projektu jsou izraelsk\u00fd Pam\u00e1tn\u00edk mu\u010dedn\u00edk\u016f a hrdin\u016f holocaustu Yad Vashem v Jeruzual\u00e9m\u011b, Evropsk\u00fd institut odkazu \u0161oa v \u010cesk\u00e9 republice a francouzsk\u00fd pam\u00e1tn\u00edk M\u00e9morial de la Shoah ve spolupr\u00e1ci s OSN.<\/p>\n<p style=\"text-align: justify;\">Sout\u011b\u017ee se vedle student\u016f grafick\u00e9ho designu ve Francii a Izraeli z\u00fa\u010dastnili tak\u00e9 studenti tohoto oboru ze \u010dty\u0159 \u010desk\u00fdch univerzit, z Univerzity J. E. Purkyn\u011b v \u00dast\u00ed nad Labem, Univerzity Tom\u00e1\u0161e Bati ve Zl\u00edn\u011b, Vysok\u00e9ho u\u010den\u00ed technick\u00e9ho v Brn\u011b a Z\u00e1pado\u010desk\u00e9 univerzity v Plzni. Sou\u010d\u00e1st\u00ed p\u0159\u00edpravy \u010desk\u00fdch student\u016f na sout\u011b\u017e byl semin\u00e1\u0159 zam\u011b\u0159en\u00fd na um\u011bn\u00ed v mezn\u00edch situac\u00edch, kter\u00fd zajistilo \u017didovsk\u00e9 muzeum v Praze. Mezin\u00e1rodn\u00ed porota slo\u017een\u00e1 jak z expert\u016f v oboru designu, tak i ve vzd\u011bl\u00e1v\u00e1n\u00ed o holocaustu ze v\u0161ech t\u0159\u00ed z\u00fa\u010dastn\u011bn\u00fdch zem\u00ed zasedala 19. kv\u011btna 2011 v Berl\u00edn\u011b. Za \u010ceskou republiku byla v porot\u011b Helga Weissov\u00e1-Ho\u0161kov\u00e1, akademick\u00e1 mal\u00ed\u0159ka, kter\u00e1 se ve sv\u00e9 tvorb\u011b v\u011bnuje t\u00e9matu holocaustu, a Ond\u0159ej Z\u00e1mi\u0161, dr\u017eitel N\u00e1rodn\u00ed ceny za studentsk\u00fd design z roku 2008.<\/p>\n<p style=\"text-align: justify;\">Porota vyb\u00edrala z t\u0159\u00ed set p\u0159edlo\u017een\u00fdch prac\u00ed patn\u00e1ct n\u00e1vrh\u016f plak\u00e1t\u016f, ale pro rovnost hlas\u016f nakonec rozhodla, \u017ee jich bude vystaveno \u0161estn\u00e1ct. V\u00edt\u011bzn\u00ed auto\u0159i byli pozv\u00e1ni na speci\u00e1ln\u00ed semin\u00e1\u0159 v\u011bnovan\u00fd zkoum\u00e1n\u00ed holocaustu a um\u011bn\u00ed do Mezin\u00e1rodn\u00ed \u0161koly pro studium holocaustu p\u0159i muzeu Yad Vashem v Izraeli. Semin\u00e1\u0159 se konal v listopadu 2011 jako sou\u010d\u00e1st projektu. O kvalit\u011b \u010desk\u00e9ho designu sv\u011bd\u010d\u00ed, \u017ee mezi v\u00edt\u011bzi bylo sedm sout\u011b\u017e\u00edc\u00edch z \u010cR. Po\u0159ad\u00ed bylo ur\u010deno jen na prvn\u00edch t\u0159ech m\u00edstech. Ve v\u00edt\u011bzn\u00e9 trojici jsou dv\u011b \u010desk\u00e9 studentky, na prvn\u00edm m\u00edst\u011b Veronika Nov\u00e1kov\u00e1 a na m\u00edst\u011b t\u0159et\u00edm Martina Cejpov\u00e1. Dal\u0161\u00edmi \u010desk\u00fdmi studenty, jejich\u017e pr\u00e1ce budou vystaveny, jsou (v abecedn\u00edm po\u0159ad\u00ed) Iva Boh\u00e1\u010dov\u00e1, Peter Chmela, Isabel Hahn, Ond\u0159ej Jir\u00e1ska a Petr Nehera. V\u00edt\u011bzn\u00e9 pr\u00e1ce budou prezentov\u00e1ny 27. ledna 2012 u p\u0159\u00edle\u017eitosti Mezin\u00e1rodn\u00edho dne pam\u00e1tky ob\u011bt\u00ed holocaustu v budov\u011b Spojen\u00fdch n\u00e1rod\u016f v New Yorku a a v jin\u00fdch presti\u017en\u00edch lokalit\u00e1ch v 28 zem\u00edch sv\u011bta.<\/p>\n<h2 style=\"text-align: center;\"><a href=\"http:\/\/kehila-olomouc.cz\/rs\/wp-content\/uploads\/plugin-container-2012-01-29-00-42-44-81_mpeg4.mp4\">Report\u00e1\u017e Ud\u00e1losti 27.1.2012<\/a><\/h2>\n<h2 style=\"text-align: center;\"><a href=\"http:\/\/kehila-olomouc.cz\/rs\/wp-content\/uploads\/plugin-container-2012-01-28-23-56-49-06_mpeg4.mp4\">Rozhovor Studio \u010cT24 27.1.2012<\/a><\/h2>\n<p style=\"text-align: center;\">ngg_shortcode_0_placeholder<\/p>\n","protected":false},"excerpt":{"rendered":"<p>\u017didovsk\u00e1 obec Olomouc ve spolupr\u00e1ci s Evropsk\u00fdm institutem odkazu \u0161oa v \u010cesk\u00e9 republice a pod z\u00e1\u0161titou prim\u00e1tora statut\u00e1rn\u00edho m\u011bsta Olomouc Martina Novotn\u00e9ho po\u0159\u00e1d\u00e1 v\u00fdstavu v\u00edt\u011bzn\u00fdch plak\u00e1t\u016f z Mezin\u00e1rodn\u00ed sout\u011b\u017ee plak\u00e1t na t\u00e9ma: Keeping Memory Alive \u2013 Children in the Holocaust (Zachov\u00e1n\u00ed \u017eiv\u00e9 pam\u011bti \u2013 D\u011bti za holocaustu). Vernis\u00e1\u017e v\u00fdstavy prob\u011bhla ve \u010dtvrtek 26. ledna 2012 v 16 hodin ve Vlastiv\u011bdn\u00e9m muzeu Olomouc, n\u00e1m\u011bst\u00ed Republiky 5 a bude trvat do 12.\u00fanora 2012.<\/p>\n","protected":false},"author":3,"featured_media":0,"comment_status":"closed","ping_status":"closed","sticky":false,"template":"","format":"standard","meta":{"ngg_post_thumbnail":0,"footnotes":""},"categories":[3],"tags":[71],"class_list":["post-4587","post","type-post","status-publish","format-standard","hentry","category-headline","tag-vystava"],"_links":{"self":[{"href":"https:\/\/kehila-olomouc.cz\/rs\/wp-json\/wp\/v2\/posts\/4587"}],"collection":[{"href":"https:\/\/kehila-olomouc.cz\/rs\/wp-json\/wp\/v2\/posts"}],"about":[{"href":"https:\/\/kehila-olomouc.cz\/rs\/wp-json\/wp\/v2\/types\/post"}],"author":[{"embeddable":true,"href":"https:\/\/kehila-olomouc.cz\/rs\/wp-json\/wp\/v2\/users\/3"}],"replies":[{"embeddable":true,"href":"https:\/\/kehila-olomouc.cz\/rs\/wp-json\/wp\/v2\/comments?post=4587"}],"version-history":[{"count":18,"href":"https:\/\/kehila-olomouc.cz\/rs\/wp-json\/wp\/v2\/posts\/4587\/revisions"}],"predecessor-version":[{"id":7552,"href":"https:\/\/kehila-olomouc.cz\/rs\/wp-json\/wp\/v2\/posts\/4587\/revisions\/7552"}],"wp:attachment":[{"href":"https:\/\/kehila-olomouc.cz\/rs\/wp-json\/wp\/v2\/media?parent=4587"}],"wp:term":[{"taxonomy":"category","embeddable":true,"href":"https:\/\/kehila-olomouc.cz\/rs\/wp-json\/wp\/v2\/categories?post=4587"},{"taxonomy":"post_tag","embeddable":true,"href":"https:\/\/kehila-olomouc.cz\/rs\/wp-json\/wp\/v2\/tags?post=4587"}],"curies":[{"name":"wp","href":"https:\/\/api.w.org\/{rel}","templated":true}]}}