{"id":4542,"date":"2011-10-24T21:35:44","date_gmt":"2011-10-24T19:35:44","guid":{"rendered":"http:\/\/kehila-olomouc.cz\/rs\/?p=4542"},"modified":"2015-11-16T14:50:31","modified_gmt":"2015-11-16T12:50:31","slug":"kicur-sulchan-aruch","status":"publish","type":"post","link":"https:\/\/kehila-olomouc.cz\/rs\/4542\/kicur-sulchan-aruch\/","title":{"rendered":"KICUR \u0160ULCHAN ARUCH"},"content":{"rendered":"<p><a href=\"http:\/\/kehila-olomouc.cz\/rs\/wp-content\/uploads\/kicur-big.jpg\"><img loading=\"lazy\" decoding=\"async\" class=\"alignleft size-full wp-image-4544\" title=\"kicur-big\" src=\"http:\/\/kehila-olomouc.cz\/rs\/wp-content\/uploads\/kicur-big.jpg\" alt=\"\" width=\"340\" height=\"489\" srcset=\"https:\/\/kehila-olomouc.cz\/rs\/wp-content\/uploads\/kicur-big.jpg 485w, https:\/\/kehila-olomouc.cz\/rs\/wp-content\/uploads\/kicur-big-208x300.jpg 208w\" sizes=\"(max-width: 340px) 100vw, 340px\" \/><\/a><\/p>\n<p style=\"text-align: justify;\">V nakladatelstv\u00ed Agadah s.r.o. vy\u0161lo z\u00e1kladn\u00ed halachick\u00e9 d\u00edlo p\u0159ekl\u00e1dan\u00e9 pro svou popularitu po cel\u00e9m sv\u011bt\u011b ji\u017e v\u00edce jak jedno stolet\u00ed. V\u00fdta\u017eek nejd\u016fle\u017eit\u011bj\u0161\u00edch \u010d\u00e1st\u00ed pr\u00e1va n\u00e1bo\u017eensk\u00e9ho, civiln\u00edho i majetkov\u00e9ho. Kniha se u\u017eite\u010dn\u011b a p\u0159ehledn\u011b v\u011bnuje nej\u010dast\u011bj\u0161\u00edm t\u00e9mat\u016fm ka\u017edodenn\u00edho ortodoxn\u00edho \u017eidovsk\u00e9ho \u017eivota. Obsahuje i doposud publikovan\u00e9 pozn\u00e1mky z novodob\u00fdch vyd\u00e1n\u00ed, kter\u00e9 up\u0159es\u0148uj\u00ed vztahy k dne\u0161n\u00ed tradici a modern\u00ed dob\u011b. Prvn\u00ed \u010d\u00e1st z dvoud\u00edln\u00e9ho svazku. P\u0159edmluva rabi \u0160lomo Ku\u010dera.<\/p>\n<p>P\u0159eklad Miriam Havelkov\u00e1.<\/p>\n<p><a href=\"http:\/\/www.knihy.agadah.com\/\" target=\"_blank\">http:\/\/www.knihy.agadah.com\/<\/a><\/p>\n","protected":false},"excerpt":{"rendered":"<p>V nakladatelstv\u00ed Agadah s.r.o. vy\u0161lo z\u00e1kladn\u00ed halachick\u00e9 d\u00edlo p\u0159ekl\u00e1dan\u00e9 pro svou popularitu po cel\u00e9m sv\u011bt\u011b ji\u017e v\u00edce jak jedno stolet\u00ed. V\u00fdta\u017eek nejd\u016fle\u017eit\u011bj\u0161\u00edch \u010d\u00e1st\u00ed pr\u00e1va n\u00e1bo\u017eensk\u00e9ho, civiln\u00edho i majetkov\u00e9ho. Kniha se u\u017eite\u010dn\u011b a p\u0159ehledn\u011b v\u011bnuje nej\u010dast\u011bj\u0161\u00edm t\u00e9mat\u016fm ka\u017edodenn\u00edho ortodoxn\u00edho \u017eidovsk\u00e9ho \u017eivota. Obsahuje i doposud publikovan\u00e9 pozn\u00e1mky z novodob\u00fdch vyd\u00e1n\u00ed, kter\u00e9 up\u0159es\u0148uj\u00ed vztahy k dne\u0161n\u00ed tradici a modern\u00ed dob\u011b. Prvn\u00ed \u010d\u00e1st z dvoud\u00edln\u00e9ho svazku. P\u0159edmluva rabi \u0160lomo Ku\u010dera. P\u0159eklad Miriam Havelkov\u00e1. <a href=\"http:\/\/www.knihy.agadah.com\/\">www.knihy.agadah.com<\/a><\/p>\n","protected":false},"author":3,"featured_media":0,"comment_status":"closed","ping_status":"closed","sticky":false,"template":"","format":"standard","meta":{"ngg_post_thumbnail":0,"footnotes":""},"categories":[4,5,3],"tags":[],"class_list":["post-4542","post","type-post","status-publish","format-standard","hentry","category-featured","category-rubrika-1","category-headline"],"_links":{"self":[{"href":"https:\/\/kehila-olomouc.cz\/rs\/wp-json\/wp\/v2\/posts\/4542"}],"collection":[{"href":"https:\/\/kehila-olomouc.cz\/rs\/wp-json\/wp\/v2\/posts"}],"about":[{"href":"https:\/\/kehila-olomouc.cz\/rs\/wp-json\/wp\/v2\/types\/post"}],"author":[{"embeddable":true,"href":"https:\/\/kehila-olomouc.cz\/rs\/wp-json\/wp\/v2\/users\/3"}],"replies":[{"embeddable":true,"href":"https:\/\/kehila-olomouc.cz\/rs\/wp-json\/wp\/v2\/comments?post=4542"}],"version-history":[{"count":5,"href":"https:\/\/kehila-olomouc.cz\/rs\/wp-json\/wp\/v2\/posts\/4542\/revisions"}],"predecessor-version":[{"id":7555,"href":"https:\/\/kehila-olomouc.cz\/rs\/wp-json\/wp\/v2\/posts\/4542\/revisions\/7555"}],"wp:attachment":[{"href":"https:\/\/kehila-olomouc.cz\/rs\/wp-json\/wp\/v2\/media?parent=4542"}],"wp:term":[{"taxonomy":"category","embeddable":true,"href":"https:\/\/kehila-olomouc.cz\/rs\/wp-json\/wp\/v2\/categories?post=4542"},{"taxonomy":"post_tag","embeddable":true,"href":"https:\/\/kehila-olomouc.cz\/rs\/wp-json\/wp\/v2\/tags?post=4542"}],"curies":[{"name":"wp","href":"https:\/\/api.w.org\/{rel}","templated":true}]}}