{"id":4525,"date":"2011-09-27T18:05:55","date_gmt":"2011-09-27T16:05:55","guid":{"rendered":"http:\/\/kehila-olomouc.cz\/rs\/?p=4525"},"modified":"2015-11-16T14:50:31","modified_gmt":"2015-11-16T12:50:31","slug":"vyberove-rizeni-na-jednatele-s-r-o-ve-vlastnictvi-zo-olomouc","status":"publish","type":"post","link":"https:\/\/kehila-olomouc.cz\/rs\/4525\/vyberove-rizeni-na-jednatele-s-r-o-ve-vlastnictvi-zo-olomouc\/","title":{"rendered":"V\u00fdb\u011brov\u00e9 \u0159\u00edzen\u00ed na jednatele s.r.o. ve vlastnictv\u00ed \u017dO Olomouc"},"content":{"rendered":"<p style=\"text-align: justify;\">Pracovn\u00ed pozice \u2013 veden\u00ed obchodn\u00ed spole\u010dnosti. P\u0159edm\u011btem podnik\u00e1n\u00ed je provozov\u00e1n\u00ed parkovi\u0161t\u011b a pron\u00e1jem nemovitost\u00ed. P\u0159\u00edprava realizace rekonstrukce parkovi\u0161t\u011b na Palachov\u011b n\u00e1m\u011bst\u00ed. \u00a0Jedn\u00e1 se o kreativn\u00ed a odpov\u011bdnou pr\u00e1ci. Odpov\u00eddaj\u00edc\u00ed platov\u00e9 ohodnocen\u00ed, mo\u017enost ro\u010dn\u00ed odm\u011bny. Slu\u017eebn\u00ed telefon.<\/p>\n<p>&nbsp;<\/p>\n<p><strong>Po\u017eadujeme:<\/strong><\/p>\n<p style=\"text-align: justify;\">St\u0159edo\u0161kolsk\u00e9 nebo vysoko\u0161kolsk\u00e9 vzd\u011bl\u00e1n\u00ed, v\u00fdhodou je obecn\u00e9 mana\u017eersk\u00e9 vzd\u011bl\u00e1n\u00ed. Organiza\u010dn\u00ed schopnosti a zku\u0161enosti s\u00a0\u0159\u00edzen\u00edm. Komunikativnost, \u010dasov\u00e1 flexibilita, schopnost v\u00e9st obchodn\u00ed jedn\u00e1n\u00ed, ob\u010dansk\u00e1 bez\u00fahonnost.<\/p>\n<p>Znalost pr\u00e1ce na PC na u\u017eivatelsk\u00e9 \u00farovni.<\/p>\n<p>V\u00fdpis z rejst\u0159\u00edku trest\u016f ne star\u0161\u00ed ne\u017e 3 m\u011bs\u00edce.<\/p>\n<p>Zku\u0161enost s projektov\u00fdm \u0159\u00edzen\u00edm.<\/p>\n<p>&nbsp;<\/p>\n<p><strong>P\u0159ihl\u00e1\u0161ka do v\u00fdb\u011brov\u00e9ho \u0159\u00edzen\u00ed mus\u00ed obsahovat:<\/strong><\/p>\n<p>&#8211; osobn\u00ed data uchaze\u010de a kontakty<\/p>\n<p>&#8211; strukturovan\u00fd profesn\u00ed \u017eivotopis uchaze\u010de<\/p>\n<p>&#8211; motiva\u010dn\u00ed dopis o p\u0159edstav\u011b v\u00fdkonu funkce jednatele<\/p>\n<p>&#8211; kopie dokladu o nejvy\u0161\u0161\u00edm dosa\u017een\u00e9m vzd\u011bl\u00e1n\u00ed<\/p>\n<p>&#8211; origin\u00e1l v\u00fdpisu z rejst\u0159\u00edku trest\u016f ne star\u0161\u00edho ne\u017e 3 m\u011bs\u00edce<\/p>\n<p>&#8211; mo\u017en\u00fd term\u00edn n\u00e1stupu do funkce<\/p>\n<p>&nbsp;<\/p>\n<p><strong>Obecn\u00e1 n\u00e1pl\u0148 \u010dinnosti jednatele:<\/strong><\/p>\n<p>&#8211;\u00a0\u00a0\u00a0\u00a0\u00a0\u00a0\u00a0\u00a0\u00a0 Zaji\u0161\u0165ovat provoz parkovi\u0161t\u011b na Palachov\u011b n\u00e1m\u011bst\u00ed a spravovat pronajat\u00fd majetek od \u017dO Olomouc.<\/p>\n<p>&#8211;\u00a0\u00a0\u00a0\u00a0\u00a0\u00a0\u00a0\u00a0\u00a0 Zajistit p\u0159\u00edpravu projektu pro rekonstrukci parkovi\u0161t\u011b.<\/p>\n<ul>\n<li>projekt pro stavebn\u00ed povolen\u00ed a proveden\u00ed stavby<\/li>\n<li>v\u00fdb\u011br syst\u00e9mu automatick\u00e9ho parkov\u00e1n\u00ed<\/li>\n<li>zajistit p\u0159\u00edpravu podklad\u016f pro v\u00fdb\u011brov\u00e9 \u0159\u00edzen\u00ed na realiz\u00e1tora projektu a stavby<\/li>\n<\/ul>\n<p>&#8211;\u00a0\u00a0\u00a0\u00a0\u00a0\u00a0\u00a0\u00a0\u00a0 Vytvo\u0159en\u00ed finan\u010dn\u00ed rozvahy provozu parkovi\u0161t\u011b p\u0159i zaveden\u00ed automatick\u00e9ho parkov\u00e1n\u00ed.<\/p>\n<ul>\n<li>zji\u0161t\u011bn\u00ed n\u00e1klad\u016f provozu automatick\u00e9ho parkov\u00e1n\u00ed a zaji\u0161t\u011bn\u00ed jeho dozoru<\/li>\n<\/ul>\n<p>&#8211;\u00a0\u00a0\u00a0\u00a0\u00a0\u00a0\u00a0\u00a0\u00a0 Zrealizovat projekt rekonstrukce Parkovi\u0161t\u011b.<\/p>\n<p>&#8211;\u00a0\u00a0\u00a0\u00a0\u00a0\u00a0\u00a0\u00a0\u00a0 \u0158e\u0161it finan\u010dn\u00ed a da\u0148ov\u00e9 probl\u00e9m veden\u00ed s.r.o. s\u00a0n\u00e1vaznost\u00ed na majitele \u017dO Olomouc.<\/p>\n<p><strong><span style=\"text-decoration: underline;\">Term\u00edn pod\u00e1n\u00ed p\u0159ihl\u00e1\u0161ky byl stanoven do 30. listopadu 2011<\/span><\/strong><\/p>\n<p>P\u0159ihl\u00e1\u0161ku je mo\u017en\u00e9 zas\u00edlat nebo doru\u010dit POUZE v p\u00edsemn\u00e9 podob\u011b na adresu \u017didovsk\u00e1 obec Olomouc, Komensk\u00e9ho 7, 779 00 Olomouc. Ob\u00e1lka mus\u00ed b\u00fdt v\u00fdrazn\u011b ozna\u010dena textem: \u201eNEOTV\u00cdRAT &#8211; V\u0158 na jednatele s.r.o.\u201c<\/p>\n<p><strong><span style=\"text-decoration: underline;\">Term\u00edn v\u00fdb\u011brov\u00e9ho \u0159\u00edzen\u00ed:<\/span><\/strong><\/p>\n<p>V\u00fdb\u011brov\u00e9 \u0159\u00edzen\u00ed prob\u011bhne v prosinci 2011 v komunitn\u00edm centru \u017eidovsk\u00e9 obce Olomouc, Komensk\u00e9ho 7, 779 00 Olomouc.\u00a0 Z\u00e1jemci budou p\u00edsemn\u011b pozv\u00e1ni.<\/p>\n<p><strong><span style=\"text-decoration: underline;\">Pod\u00e1n\u00ed dopl\u0148uj\u00edc\u00ed informac\u00ed:<\/span><\/strong><\/p>\n<p>Ing. Petr Papou\u0161ek, p\u0159edseda, tel: 585\u00a0223 119, mail: <a href=\"mailto:kehila@kehila-olomouc.cz\">kehila@kehila-olomouc.cz<\/a><\/p>\n","protected":false},"excerpt":{"rendered":"<p><strong>Pracovn\u00ed pozice<\/strong> \u2013 veden\u00ed obchodn\u00ed spole\u010dnosti. P\u0159edm\u011btem podnik\u00e1n\u00ed je provozov\u00e1n\u00ed parkovi\u0161t\u011b a pron\u00e1jem nemovitost\u00ed. P\u0159\u00edprava realizace rekonstrukce parkovi\u0161t\u011b na Palachov\u011b n\u00e1m\u011bst\u00ed.  Jedn\u00e1 se o kreativn\u00ed a odpov\u011bdnou pr\u00e1ci. Odpov\u00eddaj\u00edc\u00ed platov\u00e9 ohodnocen\u00ed, mo\u017enost ro\u010dn\u00ed odm\u011bny. Slu\u017eebn\u00ed telefon. Po\u017eadujeme: St\u0159edo\u0161kolsk\u00e9 nebo vysoko\u0161kolsk\u00e9 vzd\u011bl\u00e1n\u00ed, v\u00fdhodou je obecn\u00e9 mana\u017eersk\u00e9 vzd\u011bl\u00e1n\u00ed. Organiza\u010dn\u00ed schopnosti a zku\u0161enosti s \u0159\u00edzen\u00edm. Komunikativnost, \u010dasov\u00e1 flexibilita, schopnost v\u00e9st obchodn\u00ed jedn\u00e1n\u00ed, ob\u010dansk\u00e1 bez\u00fahonnost. Znalost pr\u00e1ce na PC na u\u017eivatelsk\u00e9 \u00farovni. V\u00fdpis z rejst\u0159\u00edku trest\u016f ne star\u0161\u00ed ne\u017e 3 m\u011bs\u00edce. Zku\u0161enost s projektov\u00fdm \u0159\u00edzen\u00edm.<\/p>\n","protected":false},"author":3,"featured_media":0,"comment_status":"closed","ping_status":"closed","sticky":false,"template":"","format":"standard","meta":{"ngg_post_thumbnail":0,"footnotes":""},"categories":[4,5,3],"tags":[],"class_list":["post-4525","post","type-post","status-publish","format-standard","hentry","category-featured","category-rubrika-1","category-headline"],"_links":{"self":[{"href":"https:\/\/kehila-olomouc.cz\/rs\/wp-json\/wp\/v2\/posts\/4525"}],"collection":[{"href":"https:\/\/kehila-olomouc.cz\/rs\/wp-json\/wp\/v2\/posts"}],"about":[{"href":"https:\/\/kehila-olomouc.cz\/rs\/wp-json\/wp\/v2\/types\/post"}],"author":[{"embeddable":true,"href":"https:\/\/kehila-olomouc.cz\/rs\/wp-json\/wp\/v2\/users\/3"}],"replies":[{"embeddable":true,"href":"https:\/\/kehila-olomouc.cz\/rs\/wp-json\/wp\/v2\/comments?post=4525"}],"version-history":[{"count":7,"href":"https:\/\/kehila-olomouc.cz\/rs\/wp-json\/wp\/v2\/posts\/4525\/revisions"}],"predecessor-version":[{"id":4623,"href":"https:\/\/kehila-olomouc.cz\/rs\/wp-json\/wp\/v2\/posts\/4525\/revisions\/4623"}],"wp:attachment":[{"href":"https:\/\/kehila-olomouc.cz\/rs\/wp-json\/wp\/v2\/media?parent=4525"}],"wp:term":[{"taxonomy":"category","embeddable":true,"href":"https:\/\/kehila-olomouc.cz\/rs\/wp-json\/wp\/v2\/categories?post=4525"},{"taxonomy":"post_tag","embeddable":true,"href":"https:\/\/kehila-olomouc.cz\/rs\/wp-json\/wp\/v2\/tags?post=4525"}],"curies":[{"name":"wp","href":"https:\/\/api.w.org\/{rel}","templated":true}]}}