{"id":4480,"date":"2011-09-11T15:07:57","date_gmt":"2011-09-11T13:07:57","guid":{"rendered":"http:\/\/kehila-olomouc.cz\/rs\/?p=4480"},"modified":"2015-11-16T14:50:31","modified_gmt":"2015-11-16T12:50:31","slug":"dny-zidovske-kultury-olomouc-2011","status":"publish","type":"post","link":"https:\/\/kehila-olomouc.cz\/rs\/4480\/dny-zidovske-kultury-olomouc-2011\/","title":{"rendered":"DNY \u017dIDOVSK\u00c9 KULTURY OLOMOUC 2011"},"content":{"rendered":"<h2 style=\"text-align: justify;\"><a href=\"http:\/\/www.divadlohudby.cz\/dzko\/\" target=\"_blank\">http:\/\/www.divadlohudby.cz\/dzko\/<\/a><\/h2>\n<p style=\"text-align: justify;\">Podoba na\u0161eho sou\u010dasn\u00e9ho sv\u011bta je podstatnou m\u011brou formov\u00e1na tis\u00edcilet\u00fdm vlivem dvou z\u00e1kladn\u00edch duchovn\u00edch proud\u016f \u2013 \u017eidovstv\u00ed a k\u0159es\u0165anstv\u00ed. \u010ctvrt\u00fd ro\u010dn\u00edk Dn\u016f \u017eidovsk\u00e9 kultury Olomouc se v\u011bnuje nejen n\u00e1bo\u017eensk\u00fdm, ale i historick\u00fdm, spole\u010densk\u00fdm a um\u011bleck\u00fdm aspekt\u016fm jejich vz\u00e1jemn\u00e9ho vztahu. Festival nab\u00edz\u00ed s\u00e9rii dopoledn\u00edch vzd\u011bl\u00e1vac\u00edch po\u0159ad\u016f pro \u0161koly, besedu a cyklus p\u0159edn\u00e1\u0161ek pro nej\u0161ir\u0161\u00ed ve\u0159ejnost, v\u00fdstavu, koncert a \u0159adu filmov\u00fdch a divadeln\u00edch p\u0159edstaven\u00ed. Vrcholem leto\u0161n\u00edho ro\u010dn\u00edku je bezpochyby exkluzivn\u00ed hostov\u00e1n\u00ed souboru \u010dinohry N\u00e1rodn\u00edho divadla s jeho inscenac\u00ed textu sou\u010dasn\u00e9 izraelsk\u00e9 dramati\u010dky Hadar Galron Mikve v re\u017eii Michala Do\u010dekala.<\/p>\n<p style=\"text-align: justify;\">Pod z\u00e1\u0161titou:<br \/>\nvelvyslance St\u00e1tu Izrael v \u010cR J. E. Jaakova Levyho<br \/>\n1. m\u00edstop\u0159edsedy Sen\u00e1tu Parlamentu \u010cR P\u0159emysla Sobotky<br \/>\nhejtmana Olomouck\u00e9ho kraje Martina Tesa\u0159\u00edka<br \/>\nprim\u00e1tora m\u011bsta Olomouce Martina Novotn\u00e9ho<br \/>\nrektora Univerzity Palack\u00e9ho Miroslava Ma\u0161l\u00e1n\u011b<\/p>\n<p style=\"text-align: justify;\"><a href=\"http:\/\/kehila-olomouc.cz\/rs\/wp-content\/uploads\/DZK-2011.jpg\"><img loading=\"lazy\" decoding=\"async\" class=\"aligncenter size-full wp-image-4483\" title=\"DZK 2011\" src=\"http:\/\/kehila-olomouc.cz\/rs\/wp-content\/uploads\/DZK-2011.jpg\" alt=\"\" width=\"631\" height=\"891\" srcset=\"https:\/\/kehila-olomouc.cz\/rs\/wp-content\/uploads\/DZK-2011.jpg 631w, https:\/\/kehila-olomouc.cz\/rs\/wp-content\/uploads\/DZK-2011-212x300.jpg 212w\" sizes=\"(max-width: 631px) 100vw, 631px\" \/><\/a><\/p>\n","protected":false},"excerpt":{"rendered":"<h3 style=\"text-align: justify;\"><a href=\"http:\/\/www.divadlohudby.cz\/dzko\/\">http:\/\/www.divadlohudby.cz\/dzko\/<\/a><\/h3>\n<p>Podoba na\u0161eho sou\u010dasn\u00e9ho sv\u011bta je podstatnou m\u011brou formov\u00e1na tis\u00edcilet\u00fdm vlivem dvou z\u00e1kladn\u00edch duchovn\u00edch proud\u016f \u2013 \u017eidovstv\u00ed a k\u0159es\u0165anstv\u00ed. \u010ctvrt\u00fd ro\u010dn\u00edk Dn\u016f \u017eidovsk\u00e9 kultury Olomouc se v\u011bnuje nejen n\u00e1bo\u017eensk\u00fdm, ale i historick\u00fdm, spole\u010densk\u00fdm a um\u011bleck\u00fdm aspekt\u016fm jejich vz\u00e1jemn\u00e9ho vztahu. Festival nab\u00edz\u00ed s\u00e9rii dopoledn\u00edch vzd\u011bl\u00e1vac\u00edch po\u0159ad\u016f pro \u0161koly, besedu a cyklus p\u0159edn\u00e1\u0161ek pro nej\u0161ir\u0161\u00ed ve\u0159ejnost, v\u00fdstavu, koncert a \u0159adu filmov\u00fdch a divadeln\u00edch p\u0159edstaven\u00ed. <\/p>\n","protected":false},"author":3,"featured_media":0,"comment_status":"closed","ping_status":"closed","sticky":false,"template":"","format":"standard","meta":{"ngg_post_thumbnail":0,"footnotes":""},"categories":[4,3],"tags":[],"class_list":["post-4480","post","type-post","status-publish","format-standard","hentry","category-featured","category-headline"],"_links":{"self":[{"href":"https:\/\/kehila-olomouc.cz\/rs\/wp-json\/wp\/v2\/posts\/4480"}],"collection":[{"href":"https:\/\/kehila-olomouc.cz\/rs\/wp-json\/wp\/v2\/posts"}],"about":[{"href":"https:\/\/kehila-olomouc.cz\/rs\/wp-json\/wp\/v2\/types\/post"}],"author":[{"embeddable":true,"href":"https:\/\/kehila-olomouc.cz\/rs\/wp-json\/wp\/v2\/users\/3"}],"replies":[{"embeddable":true,"href":"https:\/\/kehila-olomouc.cz\/rs\/wp-json\/wp\/v2\/comments?post=4480"}],"version-history":[{"count":7,"href":"https:\/\/kehila-olomouc.cz\/rs\/wp-json\/wp\/v2\/posts\/4480\/revisions"}],"predecessor-version":[{"id":7558,"href":"https:\/\/kehila-olomouc.cz\/rs\/wp-json\/wp\/v2\/posts\/4480\/revisions\/7558"}],"wp:attachment":[{"href":"https:\/\/kehila-olomouc.cz\/rs\/wp-json\/wp\/v2\/media?parent=4480"}],"wp:term":[{"taxonomy":"category","embeddable":true,"href":"https:\/\/kehila-olomouc.cz\/rs\/wp-json\/wp\/v2\/categories?post=4480"},{"taxonomy":"post_tag","embeddable":true,"href":"https:\/\/kehila-olomouc.cz\/rs\/wp-json\/wp\/v2\/tags?post=4480"}],"curies":[{"name":"wp","href":"https:\/\/api.w.org\/{rel}","templated":true}]}}