{"id":4307,"date":"2011-03-15T12:25:20","date_gmt":"2011-03-15T10:25:20","guid":{"rendered":"http:\/\/kehila-olomouc.cz\/rs\/?p=4307"},"modified":"2015-11-16T14:50:32","modified_gmt":"2015-11-16T12:50:32","slug":"vyhlaseni-prodeje-pozemku","status":"publish","type":"post","link":"https:\/\/kehila-olomouc.cz\/rs\/4307\/vyhlaseni-prodeje-pozemku\/","title":{"rendered":"Vyhl\u00e1\u0161en\u00ed prodeje pozemku"},"content":{"rendered":"<p style=\"text-align: center;\"><strong>Vyhl\u00e1\u0161en\u00ed prodeje pozemku nab\u00eddkou nejvy\u0161\u0161\u00ed ceny koresponden\u010dn\u00edm zp<\/strong><strong>\u016fsobem.<\/strong><\/p>\n<p>&nbsp;<\/p>\n<p style=\"text-align: center;\"><strong>I.<\/strong><\/p>\n<p>&nbsp;<\/p>\n<ol>\n<li>\u017didovsk\u00e1 obec Olomouc, se s\u00eddlem Komensk\u00e9ho 7, 779 00 Olomouc, I\u010cO: 41031717 (d\u00e1le jen dra\u017eebn\u00edk) vyhla\u0161uje ve\u0159ejnou koresponden\u010dn\u00ed dra\u017ebu nemovit\u00e9ho majetku.<\/li>\n<li>Ve\u0159ejn\u00e1 dobrovoln\u00e1 dra\u017eba prob\u00edh\u00e1 od vyhl\u00e1\u0161en\u00ed do <strong>28. 3. 2011<\/strong>.<\/li>\n<\/ol>\n<p style=\"text-align: center;\"><strong>II.<\/strong><\/p>\n<p>&nbsp;<\/p>\n<ol>\n<li>P\u0159edm\u011bt dra\u017eby je:<\/li>\n<\/ol>\n<p>&#8211;\u00a0\u00a0\u00a0\u00a0\u00a0\u00a0\u00a0\u00a0\u00a0 Pozemek p. \u010d. 609\/4, v obci a k. \u00fa. \u0160umperk, o celkov\u00e9 v\u00fdm\u011b\u0159e 2055 m<sup>2<\/sup> druh: ostatn\u00ed plocha<\/p>\n<p>&#8211;\u00a0\u00a0\u00a0\u00a0\u00a0\u00a0\u00a0\u00a0\u00a0 Pozemek p. \u010d. 609\/5, v obci a k. \u00fa. \u0160umperk, o celkov\u00e9 v\u00fdm\u011b\u0159e 1909 m<sup>2<\/sup> druh: orn\u00e1 p\u016fda<\/p>\n<p>&#8211;\u00a0\u00a0\u00a0\u00a0\u00a0\u00a0\u00a0\u00a0\u00a0 Dra\u017een\u00e1 nemovitost je zapsan\u00e1 v KN u Katastr\u00e1ln\u00edho \u00fa\u0159adu pro Olomouck\u00fd kraj, katastr\u00e1ln\u00ed pracovi\u0161t\u011b \u0160umperk, na LV \u010d. 2808, pro k. \u00fa. \u0160umperk a obec \u0160umperk.<\/p>\n<p style=\"text-align: center;\"><strong>III.<\/strong><\/p>\n<p>1.\u00a0\u00a0\u00a0\u00a0\u00a0 Popis p\u0159edm\u011btu dra\u017eby: Jedn\u00e1 se o p\u0159il\u00e9haj\u00edc\u00ed pozemky nach\u00e1zej\u00edc\u00ed se na lev\u00e9 stran\u011b p\u0159i vjezdu do m\u011bsta \u0160umperk ve sm\u011bru od Bludova. Pozemky se dra\u017e\u00ed spole\u010dn\u011b.<\/p>\n<p>&nbsp;<\/p>\n<p style=\"text-align: center;\"><strong>IV.<\/strong><\/p>\n<p>&nbsp;<\/p>\n<p>Nejni\u017e\u0161\u00ed mo\u017en\u00e9 pod\u00e1n\u00ed je <strong>100\u00a0000,-<\/strong> K\u010d (slovy: stotis\u00edckorun\u010desk\u00fdch)<\/p>\n<p>&nbsp;<\/p>\n<p style=\"text-align: center;\"><strong>V.<\/strong><\/p>\n<p>&nbsp;<\/p>\n<p>1.\u00a0\u00a0\u00a0\u00a0\u00a0 Pr\u016fb\u011bh dra\u017eby: Z\u00e1jemce za\u0161le do <strong>28. 3. 2011<\/strong> (v potaz se bere raz\u00edtko po\u0161ty) v\u00a0zape\u010det\u011bn\u00e9 ob\u00e1lce v\u00fd\u0161i nab\u00eddky (v\u00a0K\u010d) na odkoupen\u00ed dra\u017een\u00fdch pozemk\u016f. D\u00e1le uvede sv\u00e9 inici\u00e1ly a kontaktn\u00ed informace. Na zas\u00edlanou ob\u00e1lku nap\u00ed\u0161e heslo: \u201eprodej pozemku\u201c<\/p>\n<p>2.\u00a0\u00a0\u00a0\u00a0\u00a0 Do 6. 4. 2011 se sejde komise jmenovan\u00e1 P\u0159edstavenstvem \u017dO, kter\u00e1 zaslan\u00e9 ob\u00e1lky rozpe\u010det\u00ed a ur\u010d\u00ed po\u0159ad\u00ed z\u00e1jemc\u016f podle v\u00fd\u0161e nab\u00eddnut\u00e9 ceny a po\u0159\u00edd\u00ed z\u00e1pis s v\u00fdsledky.<\/p>\n<p>3.\u00a0\u00a0\u00a0\u00a0\u00a0 V\u00edt\u011bz dra\u017eby bude neprodlen\u011b informov\u00e1n a budou s\u00a0n\u00edm zah\u00e1jeny \u00fakony vedouc\u00ed k\u00a0prodeji dra\u017een\u00fdch pozemk\u016f. V\u00a0p\u0159\u00edpad\u011b, \u017ee nedojde z\u00a0jak\u00e9hokoliv d\u016fvodu k\u00a0dohod\u011b s\u00a0v\u00edt\u011bzem dra\u017eby, nastupuje na jeho m\u00edsto dal\u0161\u00ed v\u00a0po\u0159ad\u00ed.<\/p>\n<p>V\u00a0Olomouci 14. 3. 2011<\/p>\n<p>\u017didovsk\u00e1 obec Olomouc<br \/>\nIng. Petr Papou\u0161ek<br \/>\np\u0159edseda<\/p>\n","protected":false},"excerpt":{"rendered":"<p>Vyhl\u00e1\u0161en\u00ed prodeje pozemku nab\u00eddkou nejvy\u0161\u0161\u00ed ceny koresponden\u010dn\u00edm zp\u016fsobem. I. \u017didovsk\u00e1 obec Olomouc, se s\u00eddlem Komensk\u00e9ho 7, 779 00 Olomouc, I\u010cO: 41031717 (d\u00e1le jen dra\u017eebn\u00edk) vyhla\u0161uje ve\u0159ejnou koresponden\u010dn\u00ed dra\u017ebu nemovit\u00e9ho majetku. Ve\u0159ejn\u00e1 dobrovoln\u00e1 dra\u017eba prob\u00edh\u00e1 od vyhl\u00e1\u0161en\u00ed do <strong>28. 3. 2011<\/strong>. II. P\u0159edm\u011bt dra\u017eby je: &#8211; Pozemek p. \u010d. 609\/4, v obci a k. \u00fa. \u0160umperk, o celkov\u00e9 v\u00fdm\u011b\u0159e 2055 m2 druh: ostatn\u00ed plocha &#8211; Pozemek p. \u010d. 609\/5, v obci a k. \u00fa. \u0160umperk, o celkov\u00e9 v\u00fdm\u011b\u0159e 1909 m2 druh: orn\u00e1 p\u016fda.<\/p>\n","protected":false},"author":3,"featured_media":0,"comment_status":"closed","ping_status":"closed","sticky":false,"template":"","format":"standard","meta":{"ngg_post_thumbnail":0,"footnotes":""},"categories":[4,5],"tags":[],"class_list":["post-4307","post","type-post","status-publish","format-standard","hentry","category-featured","category-rubrika-1"],"_links":{"self":[{"href":"https:\/\/kehila-olomouc.cz\/rs\/wp-json\/wp\/v2\/posts\/4307"}],"collection":[{"href":"https:\/\/kehila-olomouc.cz\/rs\/wp-json\/wp\/v2\/posts"}],"about":[{"href":"https:\/\/kehila-olomouc.cz\/rs\/wp-json\/wp\/v2\/types\/post"}],"author":[{"embeddable":true,"href":"https:\/\/kehila-olomouc.cz\/rs\/wp-json\/wp\/v2\/users\/3"}],"replies":[{"embeddable":true,"href":"https:\/\/kehila-olomouc.cz\/rs\/wp-json\/wp\/v2\/comments?post=4307"}],"version-history":[{"count":16,"href":"https:\/\/kehila-olomouc.cz\/rs\/wp-json\/wp\/v2\/posts\/4307\/revisions"}],"predecessor-version":[{"id":4313,"href":"https:\/\/kehila-olomouc.cz\/rs\/wp-json\/wp\/v2\/posts\/4307\/revisions\/4313"}],"wp:attachment":[{"href":"https:\/\/kehila-olomouc.cz\/rs\/wp-json\/wp\/v2\/media?parent=4307"}],"wp:term":[{"taxonomy":"category","embeddable":true,"href":"https:\/\/kehila-olomouc.cz\/rs\/wp-json\/wp\/v2\/categories?post=4307"},{"taxonomy":"post_tag","embeddable":true,"href":"https:\/\/kehila-olomouc.cz\/rs\/wp-json\/wp\/v2\/tags?post=4307"}],"curies":[{"name":"wp","href":"https:\/\/api.w.org\/{rel}","templated":true}]}}