{"id":4262,"date":"2011-02-20T12:19:38","date_gmt":"2011-02-20T10:19:38","guid":{"rendered":"http:\/\/kehila-olomouc.cz\/rs\/?p=4262"},"modified":"2015-11-16T14:50:32","modified_gmt":"2015-11-16T12:50:32","slug":"zidovsky-tiskovy-a-informacni-servis","status":"publish","type":"post","link":"https:\/\/kehila-olomouc.cz\/rs\/4262\/zidovsky-tiskovy-a-informacni-servis\/","title":{"rendered":"\u017didovsk\u00fd tiskov\u00fd a informa\u010dn\u00ed servis"},"content":{"rendered":"<div>\n<p style=\"text-align: justify;\">V\u00e1\u017een\u00ed p\u0159\u00e1tel\u00e9,<\/p>\n<p style=\"text-align: justify;\">Federace \u017eidovsk\u00fdch obc\u00ed v \u010cesk\u00e9 republice nav\u00e1zala v \u00fanoru 2011 na informace sv\u00fdch webov\u00fdch str\u00e1nek, v\u011bnovan\u00fdch p\u0159edev\u0161\u00edm \u017eivotu a pot\u0159eb\u00e1m \u017eidovsk\u00e9 pospolitosti v \u010cR, zpravodajstv\u00edm <a href=\"http:\/\/www.ztis.cz\/\" target=\"_blank\">\u017didovsk\u00e9ho tiskov\u00e9ho a informa\u010dn\u00edho servisu<\/a> (ZTIS) <a href=\"http:\/\/www.ztis.cz\/\" target=\"_blank\">http:\/\/www.ztis.cz<\/a>. Jeho posl\u00e1n\u00edm je p\u0159in\u00e1\u0161et aktu\u00e1ln\u00ed a objektivn\u00ed informace t\u00fdkaj\u00edc\u00ed se \u017did\u016f v \u010cR i jinde ve sv\u011bt\u011b, zejm\u00e9na v Izraeli, a nab\u00eddnout t\u011bm, kte\u0159\u00ed s touto t\u00e9matikou pracuj\u00ed nebo se o ni zaj\u00edmaj\u00ed, d\u016fle\u017eit\u00e1 a zaj\u00edmav\u00e1 fakta o ud\u00e1lostech zasazen\u00e1 do \u0161ir\u0161\u00edho kontextu, jej\u017e ob\u010das b\u011b\u017en\u00e9 agenturn\u00ed zpr\u00e1vy postr\u00e1daj\u00ed. U ka\u017ed\u00e9 zpr\u00e1vy nalezne n\u00e1v\u0161t\u011bvn\u00edk str\u00e1nek ZTIS jej\u00ed zdroj a sou\u010dasn\u011b v\u011bt\u0161inou i mo\u017enost pod\u00edvat se prost\u0159ednictv\u00edm odkaz\u016f na jej\u00ed \u00fapln\u00e9 zn\u011bn\u00ed. Zpravodajstv\u00ed \u017didovsk\u00e9ho tiskov\u00e9ho a informa\u010dn\u00edho servisu z politiky, kultury, v\u011bdy, ekonomiky i sportu p\u0159edkl\u00e1d\u00e1 Federace \u017eidovsk\u00fdch obc\u00ed v \u010cesk\u00e9 republice ve\u0159ejnosti k dispozici s nad\u011bj\u00ed, \u017ee transparentn\u00ed a profesion\u00e1ln\u011b redigovan\u00fd servis poskytne z\u00e1jemc\u016fm mo\u017enost dozv\u011bd\u011bt se v\u00edce o podstat\u011b i okolnostech aktu\u00e1ln\u00edch ud\u00e1lost\u00ed, kter\u00e9 s \u017eidovsk\u00fdm t\u00e9matem tak \u010di onak souvisej\u00ed.<\/p>\n<p style=\"text-align: justify;\">V\u00e1\u017een\u00ed p\u0159\u00e1tel\u00e9, v\u011b\u0159\u00edme, \u017ee budete s \u017didovsk\u00fdm tiskov\u00fdm a informa\u010dn\u00edm servisem \u010dasto pracovat a \u017ee se o jeho objektivnosti a u\u017eite\u010dnosti sami p\u0159esv\u011bd\u010d\u00edte. Budeme tak\u00e9 vd\u011b\u010dni za p\u0159ipom\u00ednky, n\u00e1vrhy i doporu\u010den\u00ed, kter\u00e1 se budou t\u00fdkat jeho podoby, uspo\u0159\u00e1d\u00e1n\u00ed i provozu.<\/p>\n<p>Federace \u017eidovsk\u00fdch obc\u00ed v \u010cR<\/p>\n<\/div>\n","protected":false},"excerpt":{"rendered":"<p>V\u00e1\u017een\u00ed p\u0159\u00e1tel\u00e9, Federace \u017eidovsk\u00fdch obc\u00ed v \u010cesk\u00e9 republice nav\u00e1zala v \u00fanoru 2011 na informace sv\u00fdch webov\u00fdch str\u00e1nek, v\u011bnovan\u00fdch p\u0159edev\u0161\u00edm \u017eivotu a pot\u0159eb\u00e1m \u017eidovsk\u00e9 pospolitosti v \u010cR, zpravodajstv\u00edm \u017didovsk\u00e9ho tiskov\u00e9ho a informa\u010dn\u00edho servisu (ZTIS) <a href=\"http:\/\/www.ztis.cz\">www.ztis.cz<\/a>. Jeho posl\u00e1n\u00edm je p\u0159in\u00e1\u0161et aktu\u00e1ln\u00ed a objektivn\u00ed informace t\u00fdkaj\u00edc\u00ed se \u017did\u016f v \u010cR i jinde ve sv\u011bt\u011b, zejm\u00e9na v Izraeli, a nab\u00eddnout t\u011bm, kte\u0159\u00ed s touto t\u00e9matikou pracuj\u00ed nebo se o ni zaj\u00edmaj\u00ed, d\u016fle\u017eit\u00e1 a zaj\u00edmav\u00e1 fakta o ud\u00e1lostech zasazen\u00e1 do \u0161ir\u0161\u00edho kontextu, jej\u017e ob\u010das b\u011b\u017en\u00e9 agenturn\u00ed zpr\u00e1vy postr\u00e1daj\u00ed. U ka\u017ed\u00e9 zpr\u00e1vy nalezne n\u00e1v\u0161t\u011bvn\u00edk str\u00e1nek ZTIS jej\u00ed zdroj a &#8230;<\/p>\n","protected":false},"author":3,"featured_media":0,"comment_status":"closed","ping_status":"closed","sticky":false,"template":"","format":"standard","meta":{"ngg_post_thumbnail":0,"footnotes":""},"categories":[4,5,3],"tags":[27],"class_list":["post-4262","post","type-post","status-publish","format-standard","hentry","category-featured","category-rubrika-1","category-headline","tag-federace"],"_links":{"self":[{"href":"https:\/\/kehila-olomouc.cz\/rs\/wp-json\/wp\/v2\/posts\/4262"}],"collection":[{"href":"https:\/\/kehila-olomouc.cz\/rs\/wp-json\/wp\/v2\/posts"}],"about":[{"href":"https:\/\/kehila-olomouc.cz\/rs\/wp-json\/wp\/v2\/types\/post"}],"author":[{"embeddable":true,"href":"https:\/\/kehila-olomouc.cz\/rs\/wp-json\/wp\/v2\/users\/3"}],"replies":[{"embeddable":true,"href":"https:\/\/kehila-olomouc.cz\/rs\/wp-json\/wp\/v2\/comments?post=4262"}],"version-history":[{"count":17,"href":"https:\/\/kehila-olomouc.cz\/rs\/wp-json\/wp\/v2\/posts\/4262\/revisions"}],"predecessor-version":[{"id":7564,"href":"https:\/\/kehila-olomouc.cz\/rs\/wp-json\/wp\/v2\/posts\/4262\/revisions\/7564"}],"wp:attachment":[{"href":"https:\/\/kehila-olomouc.cz\/rs\/wp-json\/wp\/v2\/media?parent=4262"}],"wp:term":[{"taxonomy":"category","embeddable":true,"href":"https:\/\/kehila-olomouc.cz\/rs\/wp-json\/wp\/v2\/categories?post=4262"},{"taxonomy":"post_tag","embeddable":true,"href":"https:\/\/kehila-olomouc.cz\/rs\/wp-json\/wp\/v2\/tags?post=4262"}],"curies":[{"name":"wp","href":"https:\/\/api.w.org\/{rel}","templated":true}]}}