{"id":3756,"date":"2010-06-25T10:51:54","date_gmt":"2010-06-25T08:51:54","guid":{"rendered":"http:\/\/kehila-olomouc.cz\/rs\/?p=3756"},"modified":"2016-10-20T14:13:50","modified_gmt":"2016-10-20T12:13:50","slug":"lipenske-memento","status":"publish","type":"post","link":"https:\/\/kehila-olomouc.cz\/rs\/3756\/lipenske-memento\/","title":{"rendered":"Lipensk\u00e9 Memento"},"content":{"rendered":"<p><strong>12. \u010dervna 2010 byl v\u00a0Lipn\u00edku na popud Dr. Ing. Ji\u0159\u00edho Schreibera, CSc., posledn\u00edho lipensk\u00e9ho \u017dida, kter\u00fd p\u0159e\u017eil holocaust, odhalen u b\u00fdval\u00e9 synagogy, v m\u00edstech zanikl\u00e9ho \u017eidovsk\u00e9ho poh\u0159ebi\u0161t\u011b, pam\u00e1tn\u00edk s n\u00e1zvem Memento.<\/strong><\/p>\n<p style=\"text-align: justify;\">M\u011bsto Lipn\u00edk vyu\u017eilo k t\u00e9to ud\u00e1losti 6. ro\u010dn\u00edk exteri\u00e9rov\u00e9 v\u00fdstavy Kov ve m\u011bst\u011b. V prostranstv\u00edch m\u011bsta jsou prezentov\u00e1na d\u00edla student\u016f a absolvent\u016f Soukrom\u00e9 st\u0159edn\u00ed um\u011bleck\u00e9 \u0161koly AVE ART v Ostrav\u011b. Zat\u00edmco ostatn\u00ed artefakty budou ve m\u011bst\u011b vystaveny pouze po dobu trv\u00e1n\u00ed v\u00fdstavy, plastika MEMENTO studenta Luk\u00e1\u0161e Dvorsk\u00e9ho z\u016fstane v Lipn\u00edku nast\u00e1lo. K monumentalit\u011b plastiky p\u0159isp\u00edv\u00e1 jej\u00ed um\u00edst\u011bn\u00ed na metrov\u00e9m soklu, tak\u017ee k nebi vzta\u017een\u00e9 ruce dosahuj\u00ed do v\u00fd\u0161ky t\u00e9m\u011b\u0159 t\u0159\u00ed metr\u016f.<\/p>\n<p style=\"text-align: justify;\">V\u00fdstava Kov ve m\u011bst\u011b byla zah\u00e1jena pr\u00e1v\u011b odhalen\u00edm pam\u00e1tn\u00edku Memento. \u010cestn\u00fdm hostem tohoto aktu byl pan Ji\u0159\u00ed Schreiber. Akt se konal pod z\u00e1\u0161titou premi\u00e9ra \u010cesk\u00e9 republiky Jana Fischera.<\/p>\n<p style=\"text-align: justify;\">O hudebn\u00ed doprovod se postarala klezmerov\u00e1 kapela Simcha z Ostravy, kterou \u010dlenov\u00e9 \u017dO Olomouc znaj\u00ed i z jej\u00edho vystoupen\u00ed na obci.<\/p>\n<p style=\"text-align: justify;\">V \u00favodn\u00edm slov\u011b p\u0159ipomn\u011bl starosta Lipn\u00edka Ing. Miroslav P\u0159ikryl historii \u017eidovsk\u00e9ho os\u00eddlen\u00ed m\u011bsta a\u017e po jeho tragick\u00fd konec. Za \u017didovskou obec Olomouc promluvil \u010dlen p\u0159edstavenstva Tom\u00e1\u0161 Hrbek. Ocenil \u00fasil\u00ed Ji\u0159\u00edho Schreibera o realizaci pomn\u00edku i p\u0159\u00edstup veden\u00ed m\u011bsta Lipn\u00edku. Zvl\u00e1\u0161\u0165 vyzdvihl pr\u00e1ci mlad\u00e9ho tv\u016frce Mementa, kter\u00fd zastupuje generaci, j\u00ed\u017e je p\u0159ipom\u00ednka holocaustu ur\u010dena p\u0159edev\u0161\u00edm.<\/p>\n<p style=\"text-align: justify;\">Za Olomouck\u00fd kraj, kter\u00fd na projekt p\u0159isp\u011bl finan\u010dn\u011b, promluvil n\u00e1m\u011bstek hejtmana Mgr. Radovan Ra\u0161\u0165\u00e1k.<\/p>\n<p style=\"text-align: justify;\">P\u0159ed samotn\u00fdm odhalen\u00edm pam\u00e1tn\u00edku, kter\u00e9ho se ujali spole\u010dn\u011b pan Ji\u0159\u00ed Schreiber a starosta m\u011bsta Miroslav P\u0159ikryl, promluvil autor skulptury Luk\u00e1\u0161 Dvorsk\u00fd. Ve sv\u00e9 \u0159e\u010di vysv\u011btlil sv\u016fj vztah k ud\u00e1lostem druh\u00e9 sv\u011btov\u00e9 v\u00e1lky, kter\u00fd mu zprost\u0159edkovala literatura, zejm\u00e9na \u010detba Arno\u0161ta Lustiga. Symbolick\u00e9 je, \u017ee Luk\u00e1\u0161i je pr\u00e1v\u011b tolik let, kolik bylo Ji\u0159\u00edmu, kdy\u017e ut\u00edkal z pochodu smrti. Memento je Luk\u00e1\u0161ova maturitn\u00ed pr\u00e1ce, v dob\u011b odhalen\u00ed pam\u00e1tn\u00edku ho zkou\u0161ka dosp\u011blosti teprve \u010dekala.<\/p>\n<p style=\"text-align: justify;\">\u00a0Po vlastn\u00edm aktu odhalen\u00ed pam\u00e1tn\u00edku zavzpom\u00ednal pan Schreiber na svou rodinu a lipensk\u00e9 p\u0159\u00e1tele. Na z\u00e1v\u011br se za zavra\u017ed\u011bn\u00e9 lipensk\u00e9 \u017didy pomodlil Kadi\u0161.<\/p>\n","protected":false},"excerpt":{"rendered":"<p><strong>12. \u010dervna 2010 byl v Lipn\u00edku na popud Dr. Ing. Ji\u0159\u00edho Schreibera, CSc., posledn\u00edho lipensk\u00e9ho \u017dida, kter\u00fd p\u0159e\u017eil holocaust, odhalen u b\u00fdval\u00e9 synagogy, v m\u00edstech zanikl\u00e9ho \u017eidovsk\u00e9ho poh\u0159ebi\u0161t\u011b, pam\u00e1tn\u00edk s n\u00e1zvem Memento.<\/strong> M\u011bsto Lipn\u00edk vyu\u017eilo k t\u00e9to ud\u00e1losti 6. ro\u010dn\u00edk exteri\u00e9rov\u00e9 v\u00fdstavy Kov ve m\u011bst\u011b. V prostranstv\u00edch m\u011bsta jsou prezentov\u00e1na d\u00edla student\u016f a absolvent\u016f Soukrom\u00e9 st\u0159edn\u00ed um\u011bleck\u00e9 \u0161koly AVE ART v Ostrav\u011b. Zat\u00edmco ostatn\u00ed artefakty budou ve m\u011bst\u011b vystaveny pouze po dobu trv\u00e1n\u00ed v\u00fdstavy, plastika MEMENTO studenta Luk\u00e1\u0161e Dvorsk\u00e9ho z\u016fstane v Lipn\u00edku nast\u00e1lo.<\/p>\n","protected":false},"author":3,"featured_media":0,"comment_status":"open","ping_status":"closed","sticky":false,"template":"","format":"standard","meta":{"ngg_post_thumbnail":0,"footnotes":""},"categories":[4,5,3],"tags":[],"class_list":["post-3756","post","type-post","status-publish","format-standard","hentry","category-featured","category-rubrika-1","category-headline"],"_links":{"self":[{"href":"https:\/\/kehila-olomouc.cz\/rs\/wp-json\/wp\/v2\/posts\/3756"}],"collection":[{"href":"https:\/\/kehila-olomouc.cz\/rs\/wp-json\/wp\/v2\/posts"}],"about":[{"href":"https:\/\/kehila-olomouc.cz\/rs\/wp-json\/wp\/v2\/types\/post"}],"author":[{"embeddable":true,"href":"https:\/\/kehila-olomouc.cz\/rs\/wp-json\/wp\/v2\/users\/3"}],"replies":[{"embeddable":true,"href":"https:\/\/kehila-olomouc.cz\/rs\/wp-json\/wp\/v2\/comments?post=3756"}],"version-history":[{"count":18,"href":"https:\/\/kehila-olomouc.cz\/rs\/wp-json\/wp\/v2\/posts\/3756\/revisions"}],"predecessor-version":[{"id":4748,"href":"https:\/\/kehila-olomouc.cz\/rs\/wp-json\/wp\/v2\/posts\/3756\/revisions\/4748"}],"wp:attachment":[{"href":"https:\/\/kehila-olomouc.cz\/rs\/wp-json\/wp\/v2\/media?parent=3756"}],"wp:term":[{"taxonomy":"category","embeddable":true,"href":"https:\/\/kehila-olomouc.cz\/rs\/wp-json\/wp\/v2\/categories?post=3756"},{"taxonomy":"post_tag","embeddable":true,"href":"https:\/\/kehila-olomouc.cz\/rs\/wp-json\/wp\/v2\/tags?post=3756"}],"curies":[{"name":"wp","href":"https:\/\/api.w.org\/{rel}","templated":true}]}}