{"id":3473,"date":"2010-04-08T22:48:31","date_gmt":"2010-04-08T20:48:31","guid":{"rendered":"http:\/\/kehila-olomouc.cz\/rs\/?p=3473"},"modified":"2012-02-01T23:00:19","modified_gmt":"2012-02-01T21:00:19","slug":"holocaust-study-tour-2010","status":"publish","type":"post","link":"https:\/\/kehila-olomouc.cz\/rs\/3473\/holocaust-study-tour-2010\/","title":{"rendered":"Holocaust Study Tour 2010"},"content":{"rendered":"<p><a href=\"http:\/\/kehila-olomouc.cz\/rs\/wp-content\/uploads\/p1000562.jpg\"><img loading=\"lazy\" decoding=\"async\" class=\"size-full wp-image-4304 alignleft\" style=\"margin: 10px;\" title=\"p1000562\" src=\"http:\/\/kehila-olomouc.cz\/rs\/wp-content\/uploads\/p1000562.jpg\" alt=\"\" width=\"300\" height=\"200\" \/><\/a><\/p>\n<p>Aktualizov\u00e1no 20. 4. 2010. V pond\u011bl\u00ed 12. \u00fanora n\u00e1s nav\u0161t\u00edvila skupina americk\u00fdch student\u016f z New Milford High School absolvuj\u00edc\u00ed studijn\u00ed cestu po Evrop\u011b, kter\u00e1 podle jejich slov motivuje, vyz\u00fdv\u00e1 a zavazuje k zamy\u0161len\u00ed nad jednou z nejv\u00edce kritick\u00fdch a hr\u016fzn\u00fdch ud\u00e1lost\u00ed v historii. Jejich cestu m\u016f\u017eete sledovat na tomto blogu. <a href=\"http:\/\/hst10.blogspot.com\/\" target=\"_blank\">http:\/\/hst10.blogspot.com\/<\/a><\/p>\n<p>Jeden\u00e1ct student\u016f (6 d\u00edvek a 5 chlapc\u016f) z New Jersey, Kansasu a Kalifornie m\u011blo v Olomouci na programu interwiev s p\u0159e\u017eiv\u0161\u00edmi holocaust. P\u0159\u00edle\u017eitost pt\u00e1t se jim poskytli \u010dlenov\u00e9 \u017didovsk\u00e9 obce. Studenti se rozd\u011blili do t\u0159\u00ed skupin a ka\u017ed\u00e1 z nich vedla rozhovor s jedn\u00edm s p\u0159e\u017eiv\u0161\u00edch holocaust. Rozhovory prob\u00edhlay v angli\u010dtin\u011b, odpov\u011bdi Petra Becka tlumo\u010dil p\u0159edseda \u017dO Petr Papou\u0161ek, rozhovor s Karlem Wolfem zprost\u0159edkov\u00e1vala \u010desk\u00e1 pr\u016fvodkyn\u011b, kter\u00e1 doprov\u00e1zela skupinu po \u010cesk\u00e9 republice, a Milo\u0161 Dobr\u00fd tlumo\u010den\u00ed nepot\u0159eboval.<\/p>\n<p>Studenti pro\u0161li p\u0159ed \u00fa\u010dast\u00ed na t\u00e9to cest\u011b r\u016fzn\u00fdmi pregradu\u00e1ln\u00edmi kurzy, jejich\u017e sou\u010d\u00e1st\u00ed bylo rovn\u011b\u017e z\u00e1kladn\u00ed pou\u010den\u00ed o or\u00e1ln\u00ed historii, tedy o dovednosti kl\u00e1st ot\u00e1zky a vyhodnocovat fakta z\u00edskan\u00e1 od o\u010dit\u00fdch sv\u011bdk\u016f. P\u0159i realizaci rozhovor\u016f byli konfrontov\u00e1ni s r\u016fzn\u00fdmi p\u0159\u00edstupy t\u00e1zan\u00fdch. N\u011bkdy byl ve zp\u016fsobu kladen\u00ed ot\u00e1zek poznat nedostatek \u017eivotn\u00edch zku\u0161enost\u00ed tazatel\u016f, ka\u017edop\u00e1dn\u011b to byla pro n\u011b nedoceniteln\u00e1 zku\u0161enost, kter\u00e1 se m\u011bla v dal\u0161\u00edch dnech je\u0161t\u011b prohloubit p\u0159i n\u00e1v\u0161t\u011bv\u011b Osv\u011btimi.<\/p>\n<p>Studenti si uv\u011bdomovali, a tak\u00e9 to napsali do sv\u00e9ho blogu, kter\u00fd si o cest\u011b denn\u011b vedou, \u017ee jsou posledn\u00ed generac\u00ed, kter\u00e1 m\u00e1 mo\u017enost se s p\u0159e\u017eiv\u0161\u00edmi osobn\u011b setkat. Jedna ze studentek si zapsala: \u201eKdy\u017e jsem se chystala v\u00e9st rozhovor, poci\u0165ovala jsem ze setk\u00e1n\u00ed s\u00a0Petrem [Beckem] \u00fazkost a nervozitu, ale v\u011bd\u011bla jsem, \u017ee je to n\u00e1\u0161 \u00fakol. Jak se Petr dost\u00e1val k\u00a0hlub\u0161\u00edm vrstv\u00e1m p\u0159\u00edb\u011bhu sv\u00e9ho \u017eivota za holocaustu, nemohla jsem jinak, ne\u017e pokra\u010dovat v\u00a0kladen\u00ed ot\u00e1zek a zaznamen\u00e1vat v\u0161echno, co \u0159ekl, nic nevynechat. C\u00edtila jsem se velmi poct\u011bna mo\u017enost\u00ed interwievovat Petra, proto\u017ee n\u00e1mi sd\u011blil, \u017ee je\u0161t\u011b nikdy takov\u00fdto rozhovor &#8211; a to je\u0161t\u011b ve\u0159ejn\u011b &#8211; neposkytl a \u017ee se n\u00e1m sv\u011b\u0159il se z\u00e1\u017eitky, kter\u00e9 dosud nesd\u011blil ani sv\u00e9 \u017een\u011b a dcer\u00e1m.&#8220;<\/p>\n<p>Po spln\u011bn\u00ed \u00fakolu byli studenti i vedouc\u00ed programu pozv\u00e1ni na ve\u010de\u0159i, kterou pro n\u011b p\u0159ipravil n\u00e1\u0161 kucha\u0159 Pavel Barto\u0161 a Jana \u0160t\u011bp\u00e1nov\u00e1. Ve\u010de\u0159e se za \u017dO Olomouc z\u00fa\u010dastnili p\u0159edseda P. Papou\u0161ek a T. Hrbek<\/p>\n","protected":false},"excerpt":{"rendered":"<p>Aktualizov\u00e1no 20. 4. 2010. V pond\u011bl\u00ed 12. \u00fanora n\u00e1s nav\u0161t\u00edvila skupina americk\u00fdch student\u016f z New Milford High School absolvuj\u00edc\u00ed studijn\u00ed cestu po Evrop\u011b, kter\u00e1 podle jejich slov motivuje, vyz\u00fdv\u00e1 a zavazuje k zamy\u0161len\u00ed nad jednou z nejv\u00edce kritick\u00fdch a hr\u016fzn\u00fdch ud\u00e1lost\u00ed v historii. Jejich cestu m\u016f\u017eete sledovat na tomto blogu. <a href=\"http:\/\/hst10.blogspot.com\/\" target=\"_blank\">http:\/\/hst10.blogspot.com\/<\/a><\/p>\n","protected":false},"author":3,"featured_media":0,"comment_status":"open","ping_status":"closed","sticky":false,"template":"","format":"standard","meta":{"ngg_post_thumbnail":0,"footnotes":""},"categories":[5],"tags":[],"class_list":["post-3473","post","type-post","status-publish","format-standard","hentry","category-rubrika-1"],"_links":{"self":[{"href":"https:\/\/kehila-olomouc.cz\/rs\/wp-json\/wp\/v2\/posts\/3473"}],"collection":[{"href":"https:\/\/kehila-olomouc.cz\/rs\/wp-json\/wp\/v2\/posts"}],"about":[{"href":"https:\/\/kehila-olomouc.cz\/rs\/wp-json\/wp\/v2\/types\/post"}],"author":[{"embeddable":true,"href":"https:\/\/kehila-olomouc.cz\/rs\/wp-json\/wp\/v2\/users\/3"}],"replies":[{"embeddable":true,"href":"https:\/\/kehila-olomouc.cz\/rs\/wp-json\/wp\/v2\/comments?post=3473"}],"version-history":[{"count":10,"href":"https:\/\/kehila-olomouc.cz\/rs\/wp-json\/wp\/v2\/posts\/3473\/revisions"}],"predecessor-version":[{"id":3476,"href":"https:\/\/kehila-olomouc.cz\/rs\/wp-json\/wp\/v2\/posts\/3473\/revisions\/3476"}],"wp:attachment":[{"href":"https:\/\/kehila-olomouc.cz\/rs\/wp-json\/wp\/v2\/media?parent=3473"}],"wp:term":[{"taxonomy":"category","embeddable":true,"href":"https:\/\/kehila-olomouc.cz\/rs\/wp-json\/wp\/v2\/categories?post=3473"},{"taxonomy":"post_tag","embeddable":true,"href":"https:\/\/kehila-olomouc.cz\/rs\/wp-json\/wp\/v2\/tags?post=3473"}],"curies":[{"name":"wp","href":"https:\/\/api.w.org\/{rel}","templated":true}]}}