{"id":3217,"date":"2010-03-16T21:38:15","date_gmt":"2010-03-16T19:38:15","guid":{"rendered":"http:\/\/kehila-olomouc.cz\/rs\/?p=3217"},"modified":"2012-01-31T23:47:26","modified_gmt":"2012-01-31T21:47:26","slug":"jom-ha-soa-2010","status":"publish","type":"post","link":"https:\/\/kehila-olomouc.cz\/rs\/3217\/jom-ha-soa-2010\/","title":{"rendered":"Jom ha-\u0160oa 2010"},"content":{"rendered":"<p style=\"text-align: justify;\"><a href=\"http:\/\/kehila-olomouc.cz\/rs\/wp-content\/uploads\/jom_ha_soa_2010.jpg\"><img loading=\"lazy\" decoding=\"async\" class=\" wp-image-3219 alignleft\" style=\"margin-left: 10px; margin-right: 10px;\" title=\"jom_ha_soa_2010\" src=\"http:\/\/kehila-olomouc.cz\/rs\/wp-content\/uploads\/jom_ha_soa_2010-211x300.jpg\" alt=\"\" width=\"211\" height=\"300\" srcset=\"https:\/\/kehila-olomouc.cz\/rs\/wp-content\/uploads\/jom_ha_soa_2010-211x300.jpg 211w, https:\/\/kehila-olomouc.cz\/rs\/wp-content\/uploads\/jom_ha_soa_2010.jpg 595w\" sizes=\"(max-width: 211px) 100vw, 211px\" \/><\/a>Leto\u0161n\u00ed Jom ha-\u0161oa, Den vzpom\u00edn\u00e1n\u00ed na ob\u011bti holocaustu p\u0159ipad\u00e1 na ned\u011bli 11. dubna 2010. Nada\u010dn\u00ed fond ob\u011btem holocaustu a Institut Terez\u00ednsk\u00e9 iniciativy po\u0159\u00e1daj\u00ed ji\u017e tradi\u010dn\u00ed \u010dten\u00ed jmen ob\u011bt\u00ed \u0161oa na pra\u017esk\u00e9m n\u00e1m\u011bst\u00ed M\u00edru, p\u0159ij\u010fte \u010d\u00edst s n\u00e1mi.<\/p>\n<p style=\"text-align: justify;\">Nep\u0159etr\u017eit\u00fdm ve\u0159ejn\u00fdm \u010dten\u00edm jmen jednotliv\u00fdch ob\u011bt\u00ed holocaustu chceme uct\u00edt pam\u00e1tku t\u011bch, kte\u0159\u00ed byli nespravedliv\u011b diskriminov\u00e1ni a zavra\u017ed\u011bni v koncentra\u010dn\u00edch t\u00e1borech, ale chceme tak\u00e9 upozornit na projevy antisemitismu a rasismu v na\u0161\u00ed sou\u010dasn\u00e9 spole\u010dnosti.<\/p>\n<p style=\"text-align: justify;\">B\u011bhem akce budeme prezentovat pr\u00e1v\u011b prob\u00edhaj\u00edc\u00ed projekt zam\u011b\u0159en\u00fd na anal\u00fdzu projev\u016f antisemitismu ve spole\u010dnosti, kter\u00e1 by m\u011bla pomoci \u0161irok\u00e9 ve\u0159ejnosti a hlavn\u011b u\u010ditel\u016fm \u010desk\u00fdch \u0161kol jako n\u00e1stroj pro argumentaci v b\u011b\u017en\u00e9m \u017eivot\u011b i ve v\u00fduce a v\u00fdchov\u011b.<\/p>\n<p style=\"text-align: justify;\">Od roku 1989 do\u0161lo na na\u0161em \u00fazem\u00ed k des\u00edtk\u00e1m \u00fatok\u016f na \u017eidovsk\u00e9 pam\u00e1tky, objekty i osoby, pop\u00edr\u00e1n\u00ed ud\u00e1lost\u00ed holocaustu, relativizace po\u010dt\u016f a utrpen\u00ed ob\u011bt\u00ed nacistick\u00e9 perzekuce, ale i teorie o \u017eidovsk\u00e9m spiknut\u00ed na\u0161ly d\u00edky internetu cestu k \u0161irok\u00e9mu okruhu \u010dten\u00e1\u0159\u016f, \u010dasto mlad\u00fdch lid\u00ed.<\/p>\n<p style=\"text-align: justify;\">Zveme V\u00e1s v ned\u011bli 11. dubna 2010 ve 14 hodin na pra\u017esk\u00e9 n\u00e1m\u011bst\u00ed M\u00edru.<\/p>\n","protected":false},"excerpt":{"rendered":"<p>Leto\u0161n\u00ed Jom ha-\u0161oa, Den vzpom\u00edn\u00e1n\u00ed na ob\u011bti holocaustu p\u0159ipad\u00e1 na ned\u011bli 11. dubna 2010. Nada\u010dn\u00ed fond ob\u011btem holocaustu a Institut Terez\u00ednsk\u00e9 iniciativy po\u0159\u00e1daj\u00ed ji\u017e tradi\u010dn\u00ed \u010dten\u00ed jmen ob\u011bt\u00ed \u0161oa na pra\u017esk\u00e9m n\u00e1m\u011bst\u00ed M\u00edru, p\u0159ij\u010fte \u010d\u00edst s n\u00e1mi. Nep\u0159etr\u017eit\u00fdm ve\u0159ejn\u00fdm \u010dten\u00edm jmen jednotliv\u00fdch ob\u011bt\u00ed holocaustu chceme uct\u00edt pam\u00e1tku t\u011bch, kte\u0159\u00ed byli nespravedliv\u011b diskriminov\u00e1ni a zavra\u017ed\u011bni v koncentra\u010dn\u00edch t\u00e1borech, ale chceme tak\u00e9 upozornit na projevy antisemitismu a rasismu v na\u0161\u00ed sou\u010dasn\u00e9 spole\u010dnosti.<\/p>\n","protected":false},"author":3,"featured_media":0,"comment_status":"open","ping_status":"closed","sticky":false,"template":"","format":"standard","meta":{"ngg_post_thumbnail":0,"footnotes":""},"categories":[4,5,3],"tags":[],"class_list":["post-3217","post","type-post","status-publish","format-standard","hentry","category-featured","category-rubrika-1","category-headline"],"_links":{"self":[{"href":"https:\/\/kehila-olomouc.cz\/rs\/wp-json\/wp\/v2\/posts\/3217"}],"collection":[{"href":"https:\/\/kehila-olomouc.cz\/rs\/wp-json\/wp\/v2\/posts"}],"about":[{"href":"https:\/\/kehila-olomouc.cz\/rs\/wp-json\/wp\/v2\/types\/post"}],"author":[{"embeddable":true,"href":"https:\/\/kehila-olomouc.cz\/rs\/wp-json\/wp\/v2\/users\/3"}],"replies":[{"embeddable":true,"href":"https:\/\/kehila-olomouc.cz\/rs\/wp-json\/wp\/v2\/comments?post=3217"}],"version-history":[{"count":10,"href":"https:\/\/kehila-olomouc.cz\/rs\/wp-json\/wp\/v2\/posts\/3217\/revisions"}],"predecessor-version":[{"id":3223,"href":"https:\/\/kehila-olomouc.cz\/rs\/wp-json\/wp\/v2\/posts\/3217\/revisions\/3223"}],"wp:attachment":[{"href":"https:\/\/kehila-olomouc.cz\/rs\/wp-json\/wp\/v2\/media?parent=3217"}],"wp:term":[{"taxonomy":"category","embeddable":true,"href":"https:\/\/kehila-olomouc.cz\/rs\/wp-json\/wp\/v2\/categories?post=3217"},{"taxonomy":"post_tag","embeddable":true,"href":"https:\/\/kehila-olomouc.cz\/rs\/wp-json\/wp\/v2\/tags?post=3217"}],"curies":[{"name":"wp","href":"https:\/\/api.w.org\/{rel}","templated":true}]}}