{"id":3053,"date":"2010-03-03T11:26:14","date_gmt":"2010-03-03T09:26:14","guid":{"rendered":"http:\/\/kehila-olomouc.cz\/rs\/?p=3053"},"modified":"2016-10-20T14:13:50","modified_gmt":"2016-10-20T12:13:50","slug":"dokumkentujeme-zidovsky-zivot-v-povalecne-csr","status":"publish","type":"post","link":"https:\/\/kehila-olomouc.cz\/rs\/3053\/dokumkentujeme-zidovsky-zivot-v-povalecne-csr\/","title":{"rendered":"Dokumentujeme \u017eidovsk\u00fd \u017eivot v pov\u00e1le\u010dn\u00e9 \u010cSR"},"content":{"rendered":"<p style=\"text-align: justify;\"><a href=\"http:\/\/kehila-olomouc.cz\/rs\/wp-content\/uploads\/zmp.jpg\"><img loading=\"lazy\" decoding=\"async\" class=\"size-medium wp-image-3225 aligncenter\" title=\"zmp\" src=\"http:\/\/kehila-olomouc.cz\/rs\/wp-content\/uploads\/zmp.jpg\" alt=\"\" width=\"69\" height=\"109\" \/><\/a>A\u010dkoli se mnoh\u00fdm m\u016f\u017ee zd\u00e1t, \u017ee \u017eivot \u017did\u016f po skon\u010den\u00ed druh\u00e9 sv\u011btov\u00e9 v\u00e1lky je p\u0159\u00edli\u0161 \u010derstv\u00e9 t\u00e9ma a snad i m\u00e9n\u011b podstatn\u00e9 ne\u017e obdob\u00ed \u0161oa, \u017didovsk\u00e9 muzeum v Praze c\u00edt\u00ed zna\u010dnou pot\u0159ebu a popt\u00e1vku po tom, aby dokumentovalo osudy a \u017eivot \u010deskoslovensk\u00fdch \u017did\u016f i po roce 1945. Na\u0161e instituce se proto chce do budoucna v\u00fdrazn\u011bji zam\u011b\u0159it na t\u00e9ma pov\u00e1le\u010dn\u00e9ho \u017eidovsk\u00e9ho \u017eivota, a to zejm\u00e9na vytv\u00e1\u0159en\u00edm sb\u00edrek (archivn\u00edch, trojrozm\u011brn\u00fdch p\u0159edm\u011bt\u016f), nat\u00e1\u010den\u00edm rozhovor\u016f s pam\u011btn\u00edky, ale tak\u00e9 vlastn\u00edm v\u00fdzkumem. Zaj\u00edmaj\u00ed n\u00e1s nejen v\u00fdznamn\u00e9 ud\u00e1losti, ale tak\u00e9 ka\u017edodenn\u00ed \u017eivot v zemi, kter\u00e1 se po druh\u00e9 sv\u011btov\u00e9 v\u00e1lce stala jazykov\u011b a etnicky homogenn\u00ed a od roku 1948 byla 41 let totalitn\u00edm st\u00e1tem. Nasb\u00edran\u00e9 materi\u00e1ly chceme po dohod\u011b s vlastn\u00edky zp\u0159\u00edstup\u0148ovat jak prost\u0159ednictv\u00edm na\u0161ich expozic, tak ve studovn\u00e1ch a p\u0159\u00edpadn\u011b na internetu.<\/p>\n<p style=\"text-align: justify;\">\u017didovsk\u00e9 muzeum v Praze se obrac\u00ed s prosbou na v\u0161echny, kte\u0159\u00ed vlastn\u00ed jak\u00e9koli dokumenty dokresluj\u00edc\u00ed \u017eidovsk\u00fd \u017eivot v pov\u00e1le\u010dn\u00e9m \u010ceskoslovensku, a\u0165 ji\u017e jednotliv\u00fdch \u017eidovsk\u00fdch obc\u00ed nebo osobn\u00ed. M\u016f\u017ee se jednat o vzpom\u00ednky, dopisy, pozv\u00e1nky na akce \u010di jin\u00e9 tiskoviny (v\u010detn\u011b materi\u00e1l\u016f izraelsk\u00e9ho diplomatick\u00e9ho zastoupen\u00ed v Praze), fotografie z oslav \u017eidovsk\u00fdch sv\u00e1tk\u016f a shrom\u00e1\u017ed\u011bn\u00ed stejn\u011b jako sn\u00edmky \u010di filmy z rodinn\u00fdch archiv\u016f.<\/p>\n<p style=\"text-align: justify;\">Poskytnut\u00e9 materi\u00e1ly by \u017didovsk\u00e9 muzeum v Praze uv\u00edtalo ve sv\u00fdch sb\u00edrk\u00e1ch v origin\u00e1lech, ale bude vd\u011b\u010dn\u00e9 i za mo\u017enost zhotovit na vlastn\u00ed n\u00e1klady kopie. Zaru\u010dujeme se za vr\u00e1cen\u00ed v\u0161ech zap\u016fj\u010den\u00fdch materi\u00e1l\u016f. S poskytnut\u00fdmi dokumenty by p\u0159itom bylo mo\u017eno nakl\u00e1dat jen za podm\u00ednek, stanoven\u00fdch vlastn\u00edky dokument\u016f.<\/p>\n<p style=\"text-align: justify;\">Materi\u00e1ly mo\u017eno zaslat nebo po p\u0159edchoz\u00ed dohod\u011b don\u00e9st na adresu \u017didovsk\u00e9ho muzea v Praze U Star\u00e9 \u0161koly 1, 110 00 Praha 1. Ve\u0161ker\u00e9 dotazy budou zodpov\u011bzeny na telefonn\u00edm \u010d\u00edsle 222 749 252 nebo na e-mailov\u00e9 adrese: <a href=\"mailto:po1945@jewishmuseum.cz\">po1945@jewish museum.cz<\/a>. Za vst\u0159\u00edcnost a pochopen\u00ed p\u0159edem d\u011bkuji.<\/p>\n<p>Leo Pavl\u00e1t, \u0159editel \u017dM v Praze<\/p>\n","protected":false},"excerpt":{"rendered":"<div style=\\\"text-align:justify;\\\">A\u010dkoli se mnoh\u00fdm m\u016f\u017ee zd\u00e1t, \u017ee \u017eivot \u017did\u016f po skon\u010den\u00ed druh\u00e9 sv\u011btov\u00e9 v\u00e1lky je p\u0159\u00edli\u0161 \u010derstv\u00e9 t\u00e9ma a snad i m\u00e9n\u011b podstatn\u00e9 ne\u017e obdob\u00ed \u0161oa, \u017didovsk\u00e9 muzeum v Praze c\u00edt\u00ed zna\u010dnou pot\u0159ebu a popt\u00e1vku po tom, aby dokumentovalo osudy a \u017eivot \u010deskoslovensk\u00fdch \u017did\u016f i po roce 1945. Na\u0161e instituce se proto chce do budoucna v\u00fdrazn\u011bji zam\u011b\u0159it na t\u00e9ma pov\u00e1le\u010dn\u00e9ho \u017eidovsk\u00e9ho \u017eivota, a to zejm\u00e9na vytv\u00e1\u0159en\u00edm sb\u00edrek (archivn\u00edch, trojrozm\u011brn\u00fdch p\u0159edm\u011bt\u016f), nat\u00e1\u010den\u00edm rozhovor\u016f s pam\u011btn\u00edky, ale tak\u00e9 vlastn\u00edm v\u00fdzkumem. Zaj\u00edmaj\u00ed n\u00e1s nejen v\u00fdznamn\u00e9 ud\u00e1losti, ale tak\u00e9 ka\u017edodenn\u00ed \u017eivot v zemi, kter\u00e1 se &#8230;<\/div>\n","protected":false},"author":3,"featured_media":0,"comment_status":"open","ping_status":"closed","sticky":false,"template":"","format":"standard","meta":{"ngg_post_thumbnail":0,"footnotes":""},"categories":[5],"tags":[],"class_list":["post-3053","post","type-post","status-publish","format-standard","hentry","category-rubrika-1"],"_links":{"self":[{"href":"https:\/\/kehila-olomouc.cz\/rs\/wp-json\/wp\/v2\/posts\/3053"}],"collection":[{"href":"https:\/\/kehila-olomouc.cz\/rs\/wp-json\/wp\/v2\/posts"}],"about":[{"href":"https:\/\/kehila-olomouc.cz\/rs\/wp-json\/wp\/v2\/types\/post"}],"author":[{"embeddable":true,"href":"https:\/\/kehila-olomouc.cz\/rs\/wp-json\/wp\/v2\/users\/3"}],"replies":[{"embeddable":true,"href":"https:\/\/kehila-olomouc.cz\/rs\/wp-json\/wp\/v2\/comments?post=3053"}],"version-history":[{"count":9,"href":"https:\/\/kehila-olomouc.cz\/rs\/wp-json\/wp\/v2\/posts\/3053\/revisions"}],"predecessor-version":[{"id":3227,"href":"https:\/\/kehila-olomouc.cz\/rs\/wp-json\/wp\/v2\/posts\/3053\/revisions\/3227"}],"wp:attachment":[{"href":"https:\/\/kehila-olomouc.cz\/rs\/wp-json\/wp\/v2\/media?parent=3053"}],"wp:term":[{"taxonomy":"category","embeddable":true,"href":"https:\/\/kehila-olomouc.cz\/rs\/wp-json\/wp\/v2\/categories?post=3053"},{"taxonomy":"post_tag","embeddable":true,"href":"https:\/\/kehila-olomouc.cz\/rs\/wp-json\/wp\/v2\/tags?post=3053"}],"curies":[{"name":"wp","href":"https:\/\/api.w.org\/{rel}","templated":true}]}}