{"id":2347,"date":"2009-05-01T13:29:58","date_gmt":"2009-05-01T11:29:58","guid":{"rendered":"http:\/\/kehila-olomouc.cz\/rs\/?p=2347"},"modified":"2016-10-20T14:14:16","modified_gmt":"2016-10-20T12:14:16","slug":"prohlaseni-federace-zidovskych-obci-v-cr","status":"publish","type":"post","link":"https:\/\/kehila-olomouc.cz\/rs\/2347\/prohlaseni-federace-zidovskych-obci-v-cr\/","title":{"rendered":"Prohl\u00e1\u0161en\u00ed Federace \u017eidovsk\u00fdch obc\u00ed v \u010cR"},"content":{"rendered":"<div id=\"attachment_2349\" style=\"width: 310px\" class=\"wp-caption alignleft\"><a href=\"http:\/\/kehila-olomouc.cz\/rs\/wp-content\/uploads\/vitkov.jpg\"><img loading=\"lazy\" decoding=\"async\" aria-describedby=\"caption-attachment-2349\" class=\"size-medium wp-image-2349 \" title=\"vitkov\" src=\"http:\/\/kehila-olomouc.cz\/rs\/wp-content\/uploads\/vitkov-300x225.jpg\" alt=\"Autor: Hasi\u010dsk\u00fd z\u00e1chrann\u00fd sbor Moravskoslezsk\u00e9ho kraje\" width=\"300\" height=\"225\" srcset=\"https:\/\/kehila-olomouc.cz\/rs\/wp-content\/uploads\/vitkov-300x225.jpg 300w, https:\/\/kehila-olomouc.cz\/rs\/wp-content\/uploads\/vitkov.jpg 530w\" sizes=\"(max-width: 300px) 100vw, 300px\" \/><\/a><p id=\"caption-attachment-2349\" class=\"wp-caption-text\">Autor fotografie: Hasi\u010dsk\u00fd z\u00e1chrann\u00fd sbor Moravskoslezsk\u00e9ho kraje<\/p><\/div>\n<p>&nbsp;<\/p>\n<p>Federace \u017eidovsk\u00fdch obc\u00ed v \u010cesk\u00e9 republice s rozho\u0159\u010den\u00edm odsuzuje zlo\u010din, sp\u00e1chan\u00fd 19. dubna ve V\u00edtkov\u011b na Opavsku. Pokus o up\u00e1len\u00ed romsk\u00e9 rodiny zp\u016fsobil t\u011b\u017ek\u00e9 zran\u011bn\u00ed rodi\u010d\u016fm. Jejich dvoulet\u00e1 dcerka je v d\u016fsledku pop\u00e1lenin v ohro\u017een\u00ed \u017eivota.<\/p>\n<p>Souhlas\u00edme s prohl\u00e1\u0161en\u00edmi politik\u016f,\u00a0 kdy\u017e \u0159\u00edkaj\u00ed, \u017ee zlo\u010din mus\u00ed b\u00fdt rychle vy\u0161et\u0159en a vin\u00edc\u00ed p\u0159\u00edsn\u011b potrest\u00e1ni.<\/p>\n<p>Nesouhlas\u00edme v\u0161ak s p\u0159\u00edstupem odpov\u011bdn\u00fdch politick\u00fdch \u010dinitel\u016f k aktivit\u00e1m neonacist\u016f. Nesouhlas\u00edme s t\u00edm, \u017ee iniciativy, navrhuj\u00edc\u00ed zm\u011bny ve shroma\u017e\u010fovac\u00edm z\u00e1kon\u011b kon\u010d\u00ed bez odezvy a neonacist\u00e9 a rasist\u00e9 mohou d\u00e1le pochodovat ulicemi m\u011bst a obc\u00ed. Nesouhlas\u00edme s t\u00edm, \u017ee kv\u016fli neprofesion\u00e1ln\u00edmu p\u0159\u00edstupu st\u00e1tn\u00edch org\u00e1n\u016f nebylo mo\u017en\u00e9 ukon\u010dit \u010dinnost D\u011blnick\u00e9 strany, kter\u00e1 systematicky \u0161\u00ed\u0159\u00ed etnickou nen\u00e1vist. Nesouhlas\u00edme s\u00a0t\u00edm, \u017ee kv\u016fli neprofesion\u00e1ln\u00edmu postupu Policie \u010cR byl osvobozen \u010dlov\u011bk, kter\u00fd by jinak kv\u016fli sv\u00fdm antisemitsk\u00fdm projev\u016fm byl soudn\u011b posti\u017een.<\/p>\n<p>Tolerov\u00e1n\u00ed \u010dinnosti rasist\u016f a neonacist\u016f znamen\u00e1 jejich podporu. Nejistota odpov\u011bdn\u00fdch instituc\u00ed a neschopnost legislativn\u011b zabr\u00e1nit jejich aktivit\u00e1m, kter\u00e9 zahrnuj\u00ed, jak jsme toho sv\u011bdky, i \u017eh\u00e1\u0159stv\u00ed a snahu zab\u00edjet, mus\u00ed skon\u010dit.<\/p>\n<p>Ob\u011btem \u017eh\u00e1\u0159sk\u00e9ho \u00fatoku vyjad\u0159ujeme solidaritu a nab\u00edz\u00edme jim pomoc.<\/p>\n<p>V\u00a0Praze 20. dubna 2009<\/p>\n<p>Za F\u017dO v \u010cR<\/p>\n<p>Ji\u0159\u00ed Dan\u00ed\u010dek, p\u0159edseda<\/p>\n<p><em>K\u00a0prohl\u00e1\u0161en\u00ed se p\u0159ipojuj\u00ed:<\/em><\/p>\n<p>\u017didovsk\u00e1 obec v\u00a0Praze<\/p>\n<p>Franti\u0161ek B\u00e1nyai, p\u0159edseda<\/p>\n<p>\u017didovsk\u00e9 muzeum v\u00a0Praze<\/p>\n<p>Leo Pavl\u00e1t, \u0159editel<\/p>\n<p><strong><em> (\u017didovsk\u00e1 obec v\u00a0Praze poskytne obci V\u00edtkov p\u0159\u00edsp\u011bvek ve v\u00fd\u0161i 50 tis\u00edc korun jako prvn\u00ed pomoc p\u0159i poskytov\u00e1n\u00ed n\u00e1hradn\u00edho ubytovan\u00ed a pot\u0159ebn\u00e9ho vybaven\u00ed.)<\/em><\/strong><strong><em> <\/em><\/strong><\/p>\n","protected":false},"excerpt":{"rendered":"<p>Federace \u017eidovsk\u00fdch obc\u00ed v \u010cesk\u00e9 republice s rozho\u0159\u010den\u00edm odsuzuje zlo\u010din, sp\u00e1chan\u00fd 19. dubna ve V\u00edtkov\u011b na Opavsku. Pokus o up\u00e1len\u00ed romsk\u00e9 rodiny zp\u016fsobil t\u011b\u017ek\u00e9 zran\u011bn\u00ed rodi\u010d\u016fm. Jejich dvoulet\u00e1 dcerka je v d\u016fsledku pop\u00e1lenin v ohro\u017een\u00ed \u017eivota. Souhlas\u00edme s prohl\u00e1\u0161en\u00edmi politik\u016f,  kdy\u017e \u0159\u00edkaj\u00ed, \u017ee zlo\u010din mus\u00ed b\u00fdt rychle vy\u0161et\u0159en a vin\u00edc\u00ed p\u0159\u00edsn\u011b potrest\u00e1ni. Nesouhlas\u00edme v\u0161ak s p\u0159\u00edstupem odpov\u011bdn\u00fdch politick\u00fdch \u010dinitel\u016f k aktivit\u00e1m neonacist\u016f&#8230;.<\/p>\n","protected":false},"author":3,"featured_media":0,"comment_status":"open","ping_status":"closed","sticky":false,"template":"","format":"standard","meta":{"ngg_post_thumbnail":0,"footnotes":""},"categories":[4,3],"tags":[27],"class_list":["post-2347","post","type-post","status-publish","format-standard","hentry","category-featured","category-headline","tag-federace"],"_links":{"self":[{"href":"https:\/\/kehila-olomouc.cz\/rs\/wp-json\/wp\/v2\/posts\/2347"}],"collection":[{"href":"https:\/\/kehila-olomouc.cz\/rs\/wp-json\/wp\/v2\/posts"}],"about":[{"href":"https:\/\/kehila-olomouc.cz\/rs\/wp-json\/wp\/v2\/types\/post"}],"author":[{"embeddable":true,"href":"https:\/\/kehila-olomouc.cz\/rs\/wp-json\/wp\/v2\/users\/3"}],"replies":[{"embeddable":true,"href":"https:\/\/kehila-olomouc.cz\/rs\/wp-json\/wp\/v2\/comments?post=2347"}],"version-history":[{"count":9,"href":"https:\/\/kehila-olomouc.cz\/rs\/wp-json\/wp\/v2\/posts\/2347\/revisions"}],"predecessor-version":[{"id":8637,"href":"https:\/\/kehila-olomouc.cz\/rs\/wp-json\/wp\/v2\/posts\/2347\/revisions\/8637"}],"wp:attachment":[{"href":"https:\/\/kehila-olomouc.cz\/rs\/wp-json\/wp\/v2\/media?parent=2347"}],"wp:term":[{"taxonomy":"category","embeddable":true,"href":"https:\/\/kehila-olomouc.cz\/rs\/wp-json\/wp\/v2\/categories?post=2347"},{"taxonomy":"post_tag","embeddable":true,"href":"https:\/\/kehila-olomouc.cz\/rs\/wp-json\/wp\/v2\/tags?post=2347"}],"curies":[{"name":"wp","href":"https:\/\/api.w.org\/{rel}","templated":true}]}}