{"id":2085,"date":"2009-04-14T15:06:21","date_gmt":"2009-04-14T13:06:21","guid":{"rendered":"http:\/\/kehila-olomouc.cz\/rs\/?p=2085"},"modified":"2016-10-20T14:14:16","modified_gmt":"2016-10-20T12:14:16","slug":"falafel","status":"publish","type":"post","link":"https:\/\/kehila-olomouc.cz\/rs\/2085\/falafel\/","title":{"rendered":"Falafel"},"content":{"rendered":"<p style=\"text-align: justify;\"><a href=\"http:\/\/kehila-olomouc.cz\/rs\/wp-content\/uploads\/fafel.jpg\"><img loading=\"lazy\" decoding=\"async\" class=\"alignleft size-thumbnail wp-image-2086\" style=\"margin-left: 10px; margin-right: 10px;\" title=\"Falafel\" src=\"http:\/\/kehila-olomouc.cz\/rs\/wp-content\/uploads\/fafel-150x150.jpg\" alt=\"\" width=\"150\" height=\"150\" \/><\/a>Falafel je tradi\u010dn\u00ed pokrm v Izraeli i v dal\u0161\u00edch zem\u00edch Bl\u00edzk\u00e9ho V\u00fdchodu. V Izraeli se p\u0159ipravuje z oko\u0159en\u011bn\u00e9 sm\u011bsi, jej\u00ed\u017e hlavn\u00ed sou\u010d\u00e1st\u00ed je uva\u0159en\u00e1 cizrna. Cizrna (cel\u00fdm n\u00e1zvem cizrna ber\u00e1n\u010d\u00ed) je vysoce v\u00fd\u017eivn\u00e1 lu\u0161t\u011bnina, obl\u00edben\u00e1 v evropsk\u00e9 i orient\u00e1ln\u00ed kuchyni. Dostala sv\u016fj n\u00e1zev podle hrbolat\u00e9ho povrchu p\u0159ipom\u00ednaj\u00edc\u00ed ov\u010d\u00ed hlavu. K vychladl\u00e9 cizrn\u011b p\u0159id\u00e1v\u00e1me podle chuti cibulku, \u010desnek, petr\u017eelovou na\u0165, ko\u0159en\u00ed \u010di sezamov\u00e1 sem\u00ednka. Do sm\u011bsi p\u0159id\u00e1me vaj\u00ed\u010dko a dle pot\u0159eby trochu mouky.<br \/>\nSm\u011bs vyv\u00e1l\u00edme a po slit\u00ed p\u0159ebyte\u010dn\u00e9 vody do kuli\u010dek o pr\u016fm\u011bru v\u011bt\u0161\u00edho vla\u0161sk\u00e9ho o\u0159echu. Kuli\u010dky trochu zplo\u0161t\u00edme a fritujeme je nebo sma\u017e\u00edme dozlatova na olivov\u00e9m oleji na p\u00e1nvi\u010dce. Pod\u00e1vaj\u00ed se hork\u00e9, osu\u0161en\u00e9 na ubrousku se zeleninovou oblohou a s citronem.<\/p>\n","protected":false},"excerpt":{"rendered":"<div style=\\\"text-align:justify;\\\">Falafel je tradi\u010dn\u00ed pokrm v Izraeli i v dal\u0161\u00edch zem\u00edch Bl\u00edzk\u00e9ho V\u00fdchodu. V Izraeli se p\u0159ipravuje z oko\u0159en\u011bn\u00e9 sm\u011bsi, jej\u00ed\u017e hlavn\u00ed sou\u010d\u00e1st\u00ed je uva\u0159en\u00e1 cizrna. Cizrna (cel\u00fdm n\u00e1zvem cizrna ber\u00e1n\u010d\u00ed) je vysoce v\u00fd\u017eivn\u00e1 lu\u0161t\u011bnina, obl\u00edben\u00e1 v evropsk\u00e9 i orient\u00e1ln\u00ed kuchyni. Dostala sv\u016fj n\u00e1zev podle hrbolat\u00e9ho povrchu p\u0159ipom\u00ednaj\u00edc\u00ed ov\u010d\u00ed hlavu. K vychladl\u00e9 cizrn\u011b p\u0159id\u00e1v\u00e1me podle chuti cibulku, \u010desnek, petr\u017eelovou na\u0165, ko\u0159en\u00ed \u010di sezamov\u00e1 sem\u00ednka. Do sm\u011bsi p\u0159id\u00e1me vaj\u00ed\u010dko a dle pot\u0159eby trochu mouky.<br \/>\nSm\u011bs vyv\u00e1l\u00edme a po slit\u00ed p\u0159ebyte\u010dn\u00e9 vody do kuli\u010dek o pr\u016fm\u011bru v\u011bt\u0161\u00edho vla\u0161sk\u00e9ho o\u0159echu. Kuli\u010dky trochu zplo\u0161t\u00edme a fritujeme &#8230;<\/div>\n","protected":false},"author":3,"featured_media":0,"comment_status":"open","ping_status":"closed","sticky":false,"template":"","format":"standard","meta":{"ngg_post_thumbnail":0,"footnotes":""},"categories":[9],"tags":[],"class_list":["post-2085","post","type-post","status-publish","format-standard","hentry","category-rubrika-5"],"_links":{"self":[{"href":"https:\/\/kehila-olomouc.cz\/rs\/wp-json\/wp\/v2\/posts\/2085"}],"collection":[{"href":"https:\/\/kehila-olomouc.cz\/rs\/wp-json\/wp\/v2\/posts"}],"about":[{"href":"https:\/\/kehila-olomouc.cz\/rs\/wp-json\/wp\/v2\/types\/post"}],"author":[{"embeddable":true,"href":"https:\/\/kehila-olomouc.cz\/rs\/wp-json\/wp\/v2\/users\/3"}],"replies":[{"embeddable":true,"href":"https:\/\/kehila-olomouc.cz\/rs\/wp-json\/wp\/v2\/comments?post=2085"}],"version-history":[{"count":9,"href":"https:\/\/kehila-olomouc.cz\/rs\/wp-json\/wp\/v2\/posts\/2085\/revisions"}],"predecessor-version":[{"id":8639,"href":"https:\/\/kehila-olomouc.cz\/rs\/wp-json\/wp\/v2\/posts\/2085\/revisions\/8639"}],"wp:attachment":[{"href":"https:\/\/kehila-olomouc.cz\/rs\/wp-json\/wp\/v2\/media?parent=2085"}],"wp:term":[{"taxonomy":"category","embeddable":true,"href":"https:\/\/kehila-olomouc.cz\/rs\/wp-json\/wp\/v2\/categories?post=2085"},{"taxonomy":"post_tag","embeddable":true,"href":"https:\/\/kehila-olomouc.cz\/rs\/wp-json\/wp\/v2\/tags?post=2085"}],"curies":[{"name":"wp","href":"https:\/\/api.w.org\/{rel}","templated":true}]}}